{"id":9384,"date":"2026-09-02T13:10:59","date_gmt":"2026-09-02T11:10:59","guid":{"rendered":"https:\/\/www.umweltnetz.ch\/content\/?p=9384"},"modified":"2026-09-03T09:58:48","modified_gmt":"2026-09-03T07:58:48","slug":"hitzetaugliche-lebensmoeglichkeiten","status":"publish","type":"post","link":"https:\/\/www.umweltnetz.ch\/content\/hitzetaugliche-lebensmoeglichkeiten","title":{"rendered":"Hitzetaugliche Lebensm\u00f6glichkeiten"},"content":{"rendered":"\n<div class=\"wp-block-group is-nowrap is-layout-flex wp-container-core-group-is-layout-8f761849 wp-block-group-is-layout-flex\">\n<figure class=\"wp-block-image size-full\"><a href=\"https:\/\/www.umweltnetz.ch\/content\/wp-content\/uploads\/2026\/09\/temp_jja50-26.jpg\"><img loading=\"lazy\" decoding=\"async\" width=\"500\" height=\"420\" src=\"https:\/\/www.umweltnetz.ch\/content\/wp-content\/uploads\/2026\/09\/temp_jja50-26.jpg\" alt=\"\" class=\"wp-image-9400\" srcset=\"https:\/\/www.umweltnetz.ch\/content\/wp-content\/uploads\/2026\/09\/temp_jja50-26.jpg 500w, https:\/\/www.umweltnetz.ch\/content\/wp-content\/uploads\/2026\/09\/temp_jja50-26-300x252.jpg 300w\" sizes=\"auto, (max-width: 500px) 85vw, 500px\" \/><\/a><\/figure>\n\n\n\n<p>Es ist davon auszugehen, dass auch in der Schweiz die sommerliche Hitze h\u00e4ufiger wird. Unsere vielen Geb\u00e4ude m\u00fcssen sommertauglich sein\/werden!<br><br><br><br><br><br><\/p>\n<\/div>\n\n\n\n<!--more-->\n\n\n\n<p class=\"wp-block-paragraph\">Immer, wenn es einige Tage sehr heiss wird, kochen Themen hoch, die seit langen Jahren regelm\u00e4ssig ignoriert werden. Es muss so rasch als m\u00f6glich mehr f\u00fcr Menschen- und Klimaschutz getan werden: es braucht eine schnelle Reduktion der Treibhausgas-Emissionen \u2013 und es braucht auch Anpassungen an den Klimawandel, zum Beispiel mehr Hitzeschutz!<\/p>\n\n\n\n<p class=\"wp-block-paragraph\">Meine Grundausbildung als Heizungs-, L\u00fcftungs- und Klimatechnik-Ingenieur liegt Jahrzehnte zur\u00fcck. Schon damals wurde von den Dozierenden festgehalten, dass der Raumkomfort umfassend zu betrachten ist, gerade auch f\u00fcr die Sommerzeiten.<\/p>\n\n\n\n<h2 class=\"wp-block-heading\">\u00abWir alle\u00bb m\u00fcssen daf\u00fcr sorgen, dass alle Bauten hitzetauglich werden<\/h2>\n\n\n\n<p class=\"wp-block-paragraph\">Es ist somit l\u00e4ngst bekannt, wie hitzetaugliche Bauten realisiert werden k\u00f6nnten. Zur Illustration eines der <a href=\"https:\/\/www.minergie.ch\/de\/themen\/kernthemen\/hitzeschutz\/\" target=\"_blank\" rel=\"noopener\" title=\"\"><strong>Minergie-Kernthemen: Hitzeschutz<\/strong><\/a>. Zwei Zitate von dieser Seite:<\/p>\n\n\n\n<ul class=\"wp-block-list\">\n<li><em>Heimkommen, abk\u00fchlen, wohlf\u00fchlen \u2013 Die Hitzeschutzvorgaben von Minergie.<\/em><\/li>\n\n\n\n<li><em>In Minergie-Geb\u00e4uden bleibt es auch an heissen Tagen deutlich k\u00fchler als in konventionellen Geb\u00e4uden. Grund daf\u00fcr sind die strengen Anforderungen an den Hitzeschutz, die deutlich h\u00f6her sind als die gesetzlichen Vorgaben. Diese leisten einen wichtigen Beitrag f\u00fcr Komfort und Schutz vor sommerlicher \u00dcberhitzung.<\/em><\/li>\n<\/ul>\n\n\n\n<p class=\"wp-block-paragraph\">Sobald es heiss wird, wird auch in der Schweiz nach \u00abKlimaanlagen\u00bb geschrien. Dies sind Ger\u00e4te, von denen behauptet wird, sie k\u00f6nnten R\u00e4ume k\u00fchlen. Klar ist: hier geht es ausschliesslich um Symptombek\u00e4mpfung. Es handelt sich keinesfalls um dauerhafte\/nachhaltige Ans\u00e4tze. Zum Beispiel ist davon auszugehen, dass alle diese Ger\u00e4te dazu beitragen, die Aussenr\u00e4ume noch w\u00e4rmer zu machen!<\/p>\n\n\n\n<p class=\"wp-block-paragraph\">Es gibt deutlich bessere L\u00f6sungen. Wenn in einem Geb\u00e4ude Heizfl\u00e4chen vorhanden sind, k\u00f6nnen diese vielfach dazu verwendet werden, den R\u00e4umen im Sommer auch W\u00e4rme zu entziehen. Die dabei anfallende Abw\u00e4rme kann so genutzt und\/oder geleitet werden, dass die Aussenluft nicht st\u00e4rker aufgeheizt wird. Dies ist durchaus auch mit Low-Tech-Ans\u00e4tzen machbar.<\/p>\n\n\n\n<p class=\"wp-block-paragraph\">Klar ist: sommertaugliche Bauten sind aufwendiger als viele der bisher genutzten Bauten. Es ist von h\u00f6heren Bau-, Umbau- und  Technikkosten auszugehen. Angesichts der \u00fcblichen Sanierungsintervalle von Bauten braucht es eine Positivplanung, damit m\u00f6glichst viele Bauten m\u00f6glichst rasch sommertauglich sein werden. Damit die Sozialvertr\u00e4glichkeit als ein Aspekt der Nachhaltigkeit gew\u00e4hrt werden kann, ist hier sehr sorgf\u00e4ltig und zielorientiert vorzugehen. Idealerweise wird der Anteil des gemeinn\u00fctzigen Wohnungswesens erh\u00f6ht; zu kl\u00e4ren ist auch, wie die Sozialvertr\u00e4glichkeit in sommertauglichen Nicht-Wohnbauten gesteigert werden kann.<\/p>\n\n\n\n<p class=\"wp-block-paragraph\">Zur Illustration der Notwendigkeit des schnellen und weitsichtigen Handelns:<\/p>\n\n\n\n<figure class=\"wp-block-image size-full\"><a href=\"https:\/\/www.umweltnetz.ch\/content\/wp-content\/uploads\/2026\/09\/diag_zh_fl_jja_temp_1950_1926.jpg\"><img loading=\"lazy\" decoding=\"async\" width=\"950\" height=\"950\" src=\"https:\/\/www.umweltnetz.ch\/content\/wp-content\/uploads\/2026\/09\/diag_zh_fl_jja_temp_1950_1926.jpg\" alt=\"\" class=\"wp-image-9404\" srcset=\"https:\/\/www.umweltnetz.ch\/content\/wp-content\/uploads\/2026\/09\/diag_zh_fl_jja_temp_1950_1926.jpg 950w, https:\/\/www.umweltnetz.ch\/content\/wp-content\/uploads\/2026\/09\/diag_zh_fl_jja_temp_1950_1926-300x300.jpg 300w, https:\/\/www.umweltnetz.ch\/content\/wp-content\/uploads\/2026\/09\/diag_zh_fl_jja_temp_1950_1926-150x150.jpg 150w, https:\/\/www.umweltnetz.ch\/content\/wp-content\/uploads\/2026\/09\/diag_zh_fl_jja_temp_1950_1926-768x768.jpg 768w, https:\/\/www.umweltnetz.ch\/content\/wp-content\/uploads\/2026\/09\/diag_zh_fl_jja_temp_1950_1926-120x120.jpg 120w\" sizes=\"auto, (max-width: 709px) 85vw, (max-width: 909px) 67vw, (max-width: 1362px) 62vw, 840px\" \/><\/a><\/figure>\n\n\n\n<p class=\"wp-block-paragraph\">MeteoSchweiz stellt f\u00fcr zahlreiche Wetterstationen langj\u00e4hrige Messreihen etwa der monatlichen Durchschnittstemperaturen zur Verf\u00fcgung, zum Beispiel f\u00fcr die <a href=\"https:\/\/www.meteoschweiz.admin.ch\/service-und-publikationen\/applikationen\/ext\/climate-tables-homogenized.html#https%3A%2F%2Fservice.meteoswiss.ch%2Fproductbrowser%2FproductDisplay%2Fclimate-tables-homogenized%3Flang=de&amp;cg1.location=SMA&amp;cg1.productName=climate-reports-tables-homogenized\" target=\"_blank\" rel=\"noopener\" title=\"\">Station Z\u00fcrich Fluntern<\/a>. In dieser Grafik sind die mittleren Monatstemperaturen der sommerlichen Monate Juni, Juli und August dargestellt, als Punkte f\u00fcr die einzelnen Jahre von 1950 bis 2026. Die Schwankungsbreite ist recht hoch. Darum sind in der Grafik auch die Mittelwerte f\u00fcr jeweils 20 Jahre dargestellt Von 1967 bis 1986 betrug der gerundete Mittelwert der Monate Juni, Juli und August 16.5 \u00b0C, von 1987 bis 2006 17.8 \u00b0C und von 2007 bis 2026 19 \u00b0C.<\/p>\n\n\n\n<p class=\"wp-block-paragraph\">Das Zitat zu Minergie-Bauten zeigt deutlich: es braucht auch eine Anpassung von gesetzlichen Vorgaben, um sommertaugliche Bauten zu erm\u00f6glichen . Die allenfalls noch anzupassenden Vorschriften im Bauwesen stellen einen Beitrag zum Menschen- und Klimaschutz dar!<\/p>\n\n\n\n<p class=\"wp-block-paragraph\">Einmal mehr: Wenn \u00abwir alle\u00bb dies wollen, ist es m\u00f6glich, dass Bauten raschm\u00f6glichst klima- und hitzevertr\u00e4glich sind und wir unsere Bauten so rasch als m\u00f6glich ausschliesslich mit nachhaltig und dezentral genutzten erneuerbaren Energien versorgen! &nbsp;<\/p>\n\n\n\n<p class=\"wp-block-paragraph\"><em>Erste Version 18. Juli 2026, aktualisiert mit den Daten von Juni bis Juli 2026 am 2. September 2026<\/em> <\/p>\n","protected":false},"excerpt":{"rendered":"<p>Es ist davon auszugehen, dass auch in der Schweiz die sommerliche Hitze h\u00e4ufiger wird. Unsere vielen Geb\u00e4ude m\u00fcssen sommertauglich sein\/werden!<\/p>\n","protected":false},"author":2,"featured_media":0,"comment_status":"open","ping_status":"closed","sticky":false,"template":"","format":"standard","meta":{"ngg_post_thumbnail":0,"_jetpack_newsletter_access":"","_jetpack_dont_email_post_to_subs":true,"_jetpack_newsletter_tier_id":0,"_jetpack_memberships_contains_paywalled_content":false,"_jetpack_feature_clip_id":0,"_jetpack_memberships_contains_paid_content":false,"footnotes":"","jetpack_post_was_ever_published":false},"categories":[1,4,5],"tags":[],"class_list":["post-9384","post","type-post","status-publish","format-standard","hentry","category-allgemein","category-energie-und-klimaschutz","category-politik"],"aioseo_notices":[],"aioseo_head":"\n\t\t<!-- All in One SEO 5.0.1.1 - aioseo.com -->\n\t<meta name=\"description\" content=\"Es ist davon auszugehen, dass auch in der Schweiz die sommerliche Hitze h\u00e4ufiger wird. Unsere vielen Geb\u00e4ude m\u00fcssen sommertauglich sein\/werden!\" \/>\n\t<meta name=\"robots\" content=\"max-image-preview:large\" \/>\n\t<meta name=\"author\" content=\"Toni W. P\u00fcntener\"\/>\n\t<link rel=\"canonical\" href=\"https:\/\/www.umweltnetz.ch\/content\/hitzetaugliche-lebensmoeglichkeiten\" \/>\n\t<meta name=\"generator\" content=\"All in One SEO (AIOSEO) 5.0.1.1\" \/>\n\t\t<meta property=\"og:locale\" content=\"de_DE\" \/>\n\t\t<meta property=\"og:site_name\" content=\"umweltnetz.ch | Umwelt und Politik - ein Internet-Angebot von Toni W. P\u00fcntener\" \/>\n\t\t<meta property=\"og:type\" content=\"article\" \/>\n\t\t<meta property=\"og:title\" content=\"Hitzetaugliche Lebensm\u00f6glichkeiten | umweltnetz.ch\" \/>\n\t\t<meta property=\"og:description\" content=\"Es ist davon auszugehen, dass auch in der Schweiz die sommerliche Hitze h\u00e4ufiger wird. Unsere vielen Geb\u00e4ude m\u00fcssen sommertauglich sein\/werden!\" \/>\n\t\t<meta property=\"og:url\" content=\"https:\/\/www.umweltnetz.ch\/content\/hitzetaugliche-lebensmoeglichkeiten\" \/>\n\t\t<meta property=\"article:published_time\" content=\"2026-09-02T11:10:59+00:00\" \/>\n\t\t<meta property=\"article:modified_time\" content=\"2026-09-03T07:58:48+00:00\" \/>\n\t\t<meta name=\"twitter:card\" content=\"summary\" \/>\n\t\t<meta name=\"twitter:title\" content=\"Hitzetaugliche Lebensm\u00f6glichkeiten | umweltnetz.ch\" \/>\n\t\t<meta name=\"twitter:description\" content=\"Es ist davon auszugehen, dass auch in der Schweiz die sommerliche Hitze h\u00e4ufiger wird. Unsere vielen Geb\u00e4ude m\u00fcssen sommertauglich sein\/werden!\" \/>\n\t\t<script type=\"application\/ld+json\" class=\"aioseo-schema\">\n\t\t\t{\"@context\":\"https:\\\/\\\/schema.org\",\"@graph\":[{\"@type\":\"Article\",\"@id\":\"https:\\\/\\\/www.umweltnetz.ch\\\/content\\\/hitzetaugliche-lebensmoeglichkeiten#article\",\"name\":\"Hitzetaugliche Lebensm\\u00f6glichkeiten | umweltnetz.ch\",\"headline\":\"Hitzetaugliche Lebensm\\u00f6glichkeiten\",\"author\":{\"@id\":\"https:\\\/\\\/www.umweltnetz.ch\\\/content\\\/author\\\/twp#author\"},\"publisher\":{\"@id\":\"https:\\\/\\\/www.umweltnetz.ch\\\/content\\\/#organization\"},\"image\":{\"@type\":\"ImageObject\",\"url\":\"https:\\\/\\\/www.umweltnetz.ch\\\/content\\\/wp-content\\\/uploads\\\/2026\\\/09\\\/temp_jja50-26.jpg\",\"@id\":\"https:\\\/\\\/www.umweltnetz.ch\\\/content\\\/hitzetaugliche-lebensmoeglichkeiten\\\/#articleImage\",\"width\":500,\"height\":420},\"datePublished\":\"2026-09-02T13:10:59+02:00\",\"dateModified\":\"2026-09-03T09:58:48+02:00\",\"inLanguage\":\"de-DE\",\"mainEntityOfPage\":{\"@id\":\"https:\\\/\\\/www.umweltnetz.ch\\\/content\\\/hitzetaugliche-lebensmoeglichkeiten#webpage\"},\"isPartOf\":{\"@id\":\"https:\\\/\\\/www.umweltnetz.ch\\\/content\\\/hitzetaugliche-lebensmoeglichkeiten#webpage\"},\"articleSection\":\"Allgemein, Energie und Klimaschutz, Politik\"},{\"@type\":\"BreadcrumbList\",\"@id\":\"https:\\\/\\\/www.umweltnetz.ch\\\/content\\\/hitzetaugliche-lebensmoeglichkeiten#breadcrumblist\",\"itemListElement\":[{\"@type\":\"ListItem\",\"@id\":\"https:\\\/\\\/www.umweltnetz.ch\\\/content#listItem\",\"position\":1,\"name\":\"Home\",\"item\":\"https:\\\/\\\/www.umweltnetz.ch\\\/content\",\"nextItem\":{\"@type\":\"ListItem\",\"@id\":\"https:\\\/\\\/www.umweltnetz.ch\\\/content\\\/category\\\/allgemein#listItem\",\"name\":\"Allgemein\"}},{\"@type\":\"ListItem\",\"@id\":\"https:\\\/\\\/www.umweltnetz.ch\\\/content\\\/category\\\/allgemein#listItem\",\"position\":2,\"name\":\"Allgemein\",\"item\":\"https:\\\/\\\/www.umweltnetz.ch\\\/content\\\/category\\\/allgemein\",\"nextItem\":{\"@type\":\"ListItem\",\"@id\":\"https:\\\/\\\/www.umweltnetz.ch\\\/content\\\/hitzetaugliche-lebensmoeglichkeiten#listItem\",\"name\":\"Hitzetaugliche Lebensm\\u00f6glichkeiten\"},\"previousItem\":{\"@type\":\"ListItem\",\"@id\":\"https:\\\/\\\/www.umweltnetz.ch\\\/content#listItem\",\"name\":\"Home\"}},{\"@type\":\"ListItem\",\"@id\":\"https:\\\/\\\/www.umweltnetz.ch\\\/content\\\/hitzetaugliche-lebensmoeglichkeiten#listItem\",\"position\":3,\"name\":\"Hitzetaugliche Lebensm\\u00f6glichkeiten\",\"previousItem\":{\"@type\":\"ListItem\",\"@id\":\"https:\\\/\\\/www.umweltnetz.ch\\\/content\\\/category\\\/allgemein#listItem\",\"name\":\"Allgemein\"}}]},{\"@type\":\"Organization\",\"@id\":\"https:\\\/\\\/www.umweltnetz.ch\\\/content\\\/#organization\",\"name\":\"umweltnetz.ch\",\"description\":\"Umwelt und Politik - ein Internet-Angebot von Toni W. P\\u00fcntener\",\"url\":\"https:\\\/\\\/www.umweltnetz.ch\\\/content\\\/\"},{\"@type\":\"Person\",\"@id\":\"https:\\\/\\\/www.umweltnetz.ch\\\/content\\\/author\\\/twp#author\",\"url\":\"https:\\\/\\\/www.umweltnetz.ch\\\/content\\\/author\\\/twp\",\"name\":\"Toni W. P\\u00fcntener\",\"image\":{\"@type\":\"ImageObject\",\"@id\":\"https:\\\/\\\/www.umweltnetz.ch\\\/content\\\/hitzetaugliche-lebensmoeglichkeiten#authorImage\",\"url\":\"https:\\\/\\\/secure.gravatar.com\\\/avatar\\\/b4b38790bfc673702bc7f3864264936e7baf1594c44260587ec4964490a262b9?s=96&d=mm&r=g\",\"width\":96,\"height\":96,\"caption\":\"Toni W. P\\u00fcntener\"}},{\"@type\":\"WebPage\",\"@id\":\"https:\\\/\\\/www.umweltnetz.ch\\\/content\\\/hitzetaugliche-lebensmoeglichkeiten#webpage\",\"url\":\"https:\\\/\\\/www.umweltnetz.ch\\\/content\\\/hitzetaugliche-lebensmoeglichkeiten\",\"name\":\"Hitzetaugliche Lebensm\\u00f6glichkeiten | umweltnetz.ch\",\"description\":\"Es ist davon auszugehen, dass auch in der Schweiz die sommerliche Hitze h\\u00e4ufiger wird. Unsere vielen Geb\\u00e4ude m\\u00fcssen sommertauglich sein\\\/werden!\",\"inLanguage\":\"de-DE\",\"isPartOf\":{\"@id\":\"https:\\\/\\\/www.umweltnetz.ch\\\/content\\\/#website\"},\"breadcrumb\":{\"@id\":\"https:\\\/\\\/www.umweltnetz.ch\\\/content\\\/hitzetaugliche-lebensmoeglichkeiten#breadcrumblist\"},\"author\":{\"@id\":\"https:\\\/\\\/www.umweltnetz.ch\\\/content\\\/author\\\/twp#author\"},\"creator\":{\"@id\":\"https:\\\/\\\/www.umweltnetz.ch\\\/content\\\/author\\\/twp#author\"},\"datePublished\":\"2026-09-02T13:10:59+02:00\",\"dateModified\":\"2026-09-03T09:58:48+02:00\"},{\"@type\":\"WebSite\",\"@id\":\"https:\\\/\\\/www.umweltnetz.ch\\\/content\\\/#website\",\"url\":\"https:\\\/\\\/www.umweltnetz.ch\\\/content\\\/\",\"name\":\"umweltnetz.ch\",\"description\":\"Umwelt und Politik - ein Internet-Angebot von Toni W. P\\u00fcntener\",\"inLanguage\":\"de-DE\",\"publisher\":{\"@id\":\"https:\\\/\\\/www.umweltnetz.ch\\\/content\\\/#organization\"}}]}\n\t\t<\/script>\n\t\t<!-- All in One SEO -->\n\n","aioseo_head_json":{"title":"Hitzetaugliche Lebensm\u00f6glichkeiten | umweltnetz.ch","description":"Es ist davon auszugehen, dass auch in der Schweiz die sommerliche Hitze h\u00e4ufiger wird. Unsere vielen Geb\u00e4ude m\u00fcssen sommertauglich sein\/werden!","canonical_url":"https:\/\/www.umweltnetz.ch\/content\/hitzetaugliche-lebensmoeglichkeiten","robots":"max-image-preview:large","keywords":"","webmasterTools":{"miscellaneous":""},"schema":{"@context":"https:\/\/schema.org","@graph":[{"@type":"Article","@id":"https:\/\/www.umweltnetz.ch\/content\/hitzetaugliche-lebensmoeglichkeiten#article","name":"Hitzetaugliche Lebensm\u00f6glichkeiten | umweltnetz.ch","headline":"Hitzetaugliche Lebensm\u00f6glichkeiten","author":{"@id":"https:\/\/www.umweltnetz.ch\/content\/author\/twp#author"},"publisher":{"@id":"https:\/\/www.umweltnetz.ch\/content\/#organization"},"image":{"@type":"ImageObject","url":"https:\/\/www.umweltnetz.ch\/content\/wp-content\/uploads\/2026\/09\/temp_jja50-26.jpg","@id":"https:\/\/www.umweltnetz.ch\/content\/hitzetaugliche-lebensmoeglichkeiten\/#articleImage","width":500,"height":420},"datePublished":"2026-09-02T13:10:59+02:00","dateModified":"2026-09-03T09:58:48+02:00","inLanguage":"de-DE","mainEntityOfPage":{"@id":"https:\/\/www.umweltnetz.ch\/content\/hitzetaugliche-lebensmoeglichkeiten#webpage"},"isPartOf":{"@id":"https:\/\/www.umweltnetz.ch\/content\/hitzetaugliche-lebensmoeglichkeiten#webpage"},"articleSection":"Allgemein, Energie und Klimaschutz, Politik"},{"@type":"BreadcrumbList","@id":"https:\/\/www.umweltnetz.ch\/content\/hitzetaugliche-lebensmoeglichkeiten#breadcrumblist","itemListElement":[{"@type":"ListItem","@id":"https:\/\/www.umweltnetz.ch\/content#listItem","position":1,"name":"Home","item":"https:\/\/www.umweltnetz.ch\/content","nextItem":{"@type":"ListItem","@id":"https:\/\/www.umweltnetz.ch\/content\/category\/allgemein#listItem","name":"Allgemein"}},{"@type":"ListItem","@id":"https:\/\/www.umweltnetz.ch\/content\/category\/allgemein#listItem","position":2,"name":"Allgemein","item":"https:\/\/www.umweltnetz.ch\/content\/category\/allgemein","nextItem":{"@type":"ListItem","@id":"https:\/\/www.umweltnetz.ch\/content\/hitzetaugliche-lebensmoeglichkeiten#listItem","name":"Hitzetaugliche Lebensm\u00f6glichkeiten"},"previousItem":{"@type":"ListItem","@id":"https:\/\/www.umweltnetz.ch\/content#listItem","name":"Home"}},{"@type":"ListItem","@id":"https:\/\/www.umweltnetz.ch\/content\/hitzetaugliche-lebensmoeglichkeiten#listItem","position":3,"name":"Hitzetaugliche Lebensm\u00f6glichkeiten","previousItem":{"@type":"ListItem","@id":"https:\/\/www.umweltnetz.ch\/content\/category\/allgemein#listItem","name":"Allgemein"}}]},{"@type":"Organization","@id":"https:\/\/www.umweltnetz.ch\/content\/#organization","name":"umweltnetz.ch","description":"Umwelt und Politik - ein Internet-Angebot von Toni W. P\u00fcntener","url":"https:\/\/www.umweltnetz.ch\/content\/"},{"@type":"Person","@id":"https:\/\/www.umweltnetz.ch\/content\/author\/twp#author","url":"https:\/\/www.umweltnetz.ch\/content\/author\/twp","name":"Toni W. P\u00fcntener","image":{"@type":"ImageObject","@id":"https:\/\/www.umweltnetz.ch\/content\/hitzetaugliche-lebensmoeglichkeiten#authorImage","url":"https:\/\/secure.gravatar.com\/avatar\/b4b38790bfc673702bc7f3864264936e7baf1594c44260587ec4964490a262b9?s=96&d=mm&r=g","width":96,"height":96,"caption":"Toni W. P\u00fcntener"}},{"@type":"WebPage","@id":"https:\/\/www.umweltnetz.ch\/content\/hitzetaugliche-lebensmoeglichkeiten#webpage","url":"https:\/\/www.umweltnetz.ch\/content\/hitzetaugliche-lebensmoeglichkeiten","name":"Hitzetaugliche Lebensm\u00f6glichkeiten | umweltnetz.ch","description":"Es ist davon auszugehen, dass auch in der Schweiz die sommerliche Hitze h\u00e4ufiger wird. Unsere vielen Geb\u00e4ude m\u00fcssen sommertauglich sein\/werden!","inLanguage":"de-DE","isPartOf":{"@id":"https:\/\/www.umweltnetz.ch\/content\/#website"},"breadcrumb":{"@id":"https:\/\/www.umweltnetz.ch\/content\/hitzetaugliche-lebensmoeglichkeiten#breadcrumblist"},"author":{"@id":"https:\/\/www.umweltnetz.ch\/content\/author\/twp#author"},"creator":{"@id":"https:\/\/www.umweltnetz.ch\/content\/author\/twp#author"},"datePublished":"2026-09-02T13:10:59+02:00","dateModified":"2026-09-03T09:58:48+02:00"},{"@type":"WebSite","@id":"https:\/\/www.umweltnetz.ch\/content\/#website","url":"https:\/\/www.umweltnetz.ch\/content\/","name":"umweltnetz.ch","description":"Umwelt und Politik - ein Internet-Angebot von Toni W. P\u00fcntener","inLanguage":"de-DE","publisher":{"@id":"https:\/\/www.umweltnetz.ch\/content\/#organization"}}]},"og:locale":"de_DE","og:site_name":"umweltnetz.ch | Umwelt und Politik - ein Internet-Angebot von Toni W. P\u00fcntener","og:type":"article","og:title":"Hitzetaugliche Lebensm\u00f6glichkeiten | umweltnetz.ch","og:description":"Es ist davon auszugehen, dass auch in der Schweiz die sommerliche Hitze h\u00e4ufiger wird. Unsere vielen Geb\u00e4ude m\u00fcssen sommertauglich sein\/werden!","og:url":"https:\/\/www.umweltnetz.ch\/content\/hitzetaugliche-lebensmoeglichkeiten","article:published_time":"2026-09-02T11:10:59+00:00","article:modified_time":"2026-09-03T07:58:48+00:00","twitter:card":"summary","twitter:title":"Hitzetaugliche Lebensm\u00f6glichkeiten | umweltnetz.ch","twitter:description":"Es ist davon auszugehen, dass auch in der Schweiz die sommerliche Hitze h\u00e4ufiger wird. Unsere vielen Geb\u00e4ude m\u00fcssen sommertauglich sein\/werden!"},"aioseo_meta_data":{"post_id":"9384","title":null,"description":"Es ist davon auszugehen, dass auch in der Schweiz die sommerliche Hitze h\u00e4ufiger wird. Unsere vielen Geb\u00e4ude m\u00fcssen sommertauglich sein\/werden!","keywords":null,"keyphrases":{"focus":{"keyphrase":"","score":0,"analysis":{"keyphraseInTitle":{"score":0,"maxScore":9,"error":1}}},"additional":[]},"primary_term":null,"canonical_url":null,"og_title":null,"og_description":null,"og_object_type":"default","og_image_type":"default","og_image_url":null,"og_image_width":null,"og_image_height":null,"og_image_custom_url":null,"og_image_custom_fields":null,"og_video":"","og_custom_url":null,"og_article_section":null,"og_article_tags":null,"twitter_use_og":false,"twitter_card":"default","twitter_image_type":"default","twitter_image_url":null,"twitter_image_custom_url":null,"twitter_image_custom_fields":null,"twitter_title":null,"twitter_description":null,"schema":{"blockGraphs":[],"customGraphs":[],"default":{"data":{"Article":[],"Course":[],"Dataset":[],"FAQPage":[],"Movie":[],"Person":[],"Product":[],"ProductReview":[],"Car":[],"Recipe":[],"Service":[],"SoftwareApplication":[],"WebPage":[]},"graphName":"Article","isEnabled":true},"graphs":[]},"schema_type":"default","schema_type_options":null,"pillar_content":false,"robots_default":true,"robots_noindex":false,"robots_noarchive":false,"robots_nosnippet":false,"robots_nofollow":false,"robots_noimageindex":false,"robots_noodp":false,"robots_notranslate":false,"robots_max_snippet":"-1","robots_max_videopreview":"-1","robots_max_imagepreview":"large","priority":null,"frequency":"default","location":null,"local_seo":null,"breadcrumb_settings":null,"limit_modified_date":false,"ai":{"faqs":[],"keyPoints":[],"schemas":[],"titles":[],"descriptions":[],"socialPosts":{"email":{"subject":"","preview":"","content":""},"linkedin":[],"twitter":[],"facebook":[],"instagram":[]}},"created":"2026-07-16 17:15:31","updated":"2026-09-03 07:59:41","seo_analyzer_scan_date":null,"focus_keyword":null,"additional_keywords":null,"truseo_locale":null},"aioseo_breadcrumb":"<div class=\"aioseo-breadcrumbs\"><span class=\"aioseo-breadcrumb\">\n\t\t\t<a href=\"https:\/\/www.umweltnetz.ch\/content\" title=\"Home\">Home<\/a>\n\t\t<\/span><span class=\"aioseo-breadcrumb-separator\">&raquo;<\/span><span class=\"aioseo-breadcrumb\">\n\t\t\t<a href=\"https:\/\/www.umweltnetz.ch\/content\/category\/allgemein\" title=\"Allgemein\">Allgemein<\/a>\n\t\t<\/span><span class=\"aioseo-breadcrumb-separator\">&raquo;<\/span><span class=\"aioseo-breadcrumb\">\n\t\t\tHitzetaugliche Lebensm\u00f6glichkeiten\n\t\t<\/span><\/div>","aioseo_breadcrumb_json":[{"label":"Home","link":"https:\/\/www.umweltnetz.ch\/content"},{"label":"Allgemein","link":"https:\/\/www.umweltnetz.ch\/content\/category\/allgemein"},{"label":"Hitzetaugliche Lebensm\u00f6glichkeiten","link":"https:\/\/www.umweltnetz.ch\/content\/hitzetaugliche-lebensmoeglichkeiten"}],"jetpack_sharing_enabled":true,"jetpack_featured_media_url":"","_links":{"self":[{"href":"https:\/\/www.umweltnetz.ch\/content\/wp-json\/wp\/v2\/posts\/9384","targetHints":{"allow":["GET"]}}],"collection":[{"href":"https:\/\/www.umweltnetz.ch\/content\/wp-json\/wp\/v2\/posts"}],"about":[{"href":"https:\/\/www.umweltnetz.ch\/content\/wp-json\/wp\/v2\/types\/post"}],"author":[{"embeddable":true,"href":"https:\/\/www.umweltnetz.ch\/content\/wp-json\/wp\/v2\/users\/2"}],"replies":[{"embeddable":true,"href":"https:\/\/www.umweltnetz.ch\/content\/wp-json\/wp\/v2\/comments?post=9384"}],"version-history":[{"count":12,"href":"https:\/\/www.umweltnetz.ch\/content\/wp-json\/wp\/v2\/posts\/9384\/revisions"}],"predecessor-version":[{"id":9407,"href":"https:\/\/www.umweltnetz.ch\/content\/wp-json\/wp\/v2\/posts\/9384\/revisions\/9407"}],"wp:attachment":[{"href":"https:\/\/www.umweltnetz.ch\/content\/wp-json\/wp\/v2\/media?parent=9384"}],"wp:term":[{"taxonomy":"category","embeddable":true,"href":"https:\/\/www.umweltnetz.ch\/content\/wp-json\/wp\/v2\/categories?post=9384"},{"taxonomy":"post_tag","embeddable":true,"href":"https:\/\/www.umweltnetz.ch\/content\/wp-json\/wp\/v2\/tags?post=9384"}],"curies":[{"name":"wp","href":"https:\/\/api.w.org\/{rel}","templated":true}]}}