{"id":9263,"date":"2025-09-04T13:27:10","date_gmt":"2025-09-04T11:27:10","guid":{"rendered":"https:\/\/www.umweltnetz.ch\/content\/?p=9263"},"modified":"2025-09-04T14:18:54","modified_gmt":"2025-09-04T12:18:54","slug":"volksabstimmung-28-september-2025-meine-abstimmungsempfehlungen","status":"publish","type":"post","link":"https:\/\/www.umweltnetz.ch\/content\/volksabstimmung-28-september-2025-meine-abstimmungsempfehlungen","title":{"rendered":"Volksabstimmung 28. September 2025: meine Abstimmungsempfehlungen"},"content":{"rendered":"\n\n\n\n\n<p><img loading=\"lazy\" decoding=\"async\" class=\"alignleft size-medium wp-image-9264\" src=\"https:\/\/www.umweltnetz.ch\/content\/wp-content\/uploads\/2025\/09\/volksabstimmung_250928-300x284.jpg\" alt=\"\" width=\"300\" height=\"284\" srcset=\"https:\/\/www.umweltnetz.ch\/content\/wp-content\/uploads\/2025\/09\/volksabstimmung_250928-300x284.jpg 300w, https:\/\/www.umweltnetz.ch\/content\/wp-content\/uploads\/2025\/09\/volksabstimmung_250928.jpg 391w\" sizes=\"auto, (max-width: 300px) 85vw, 300px\" \/>Am Sonntag, 28. September 2025 werden die von den Stimmberechtigten abgegebenen oder eingesandten Stimmzettel ausgez\u00e4hlt. Stimmberechtigte der Stadt Z\u00fcrich k\u00f6nnen \u00fcber neun Vorlagen entscheiden (sechs st\u00e4dtische Vorlagen, eine kantonale Vorlage, zwei eidgen\u00f6ssische Vorlagen). Meine Abstimmungsempfehlungen dazu.<\/p>\n<h2><!--more--><\/h2>\n<hr>\n<h3>VORBEMERKUNG: UNBEDINGT ABSTIMMEN!<\/h3>\n<p>Bei Volksabstimmungen ist die Stimmbeteiligung nicht einfach eine \u00abkosmetische\u00bb Komponente. Eine m\u00f6glichst hohe Stimmbeteiligung ist gerade angesichts der zunehmenden L\u00fcgen-Propaganda-Einflussnahme von hoher Bedeutung. \u00abJA\u00bb oder \u00abNEIN\u00bb sind nicht die beiden einzigen M\u00f6glichkeiten. Auch eine Stimmenthaltung kann somit eine Botschaft enthalten.<\/p>\n<hr>\n<h2>Nationale Vorlagen<\/h2>\n<h3 class=\"p1\">Bundesbeschluss \u00fcber die kantonalen Liegenschaftssteuern&nbsp;auf Zweitliegenschaften: NEIN<\/h3>\n<p class=\"p2\"><a href=\"https:\/\/casafair.ch\/nein-zur-abschaffung-des-eigenmietwerts\/\" target=\"_blank\" rel=\"noopener\"><strong>Casafair<\/strong><\/a> \u2013 der Verband f\u00fcr umweltbewusste und faire Wohneigent\u00fcmer*innen \u2013 empfiehlt ein Nein zur Abschaffung des Eigenmietwerts und damit <strong>Nein zum \u00abBundesbeschluss \u00fcber die kantonalen Liegenschaftssteuern auf Zweitliegenschaften\u00bb<\/strong>. Dies ist ein gewichtiges Argument gegen die mit viel Geld verbundene L\u00fcgen-Propaganda der rechtsb\u00fcrgerlichen Gelddiktatur.<\/p>\n<h3 class=\"p1\">Bundesgesetz \u00fcber den elektronischen Identit\u00e4tsnachweis&nbsp;und andere elektronische Nachweise (E-ID-Gesetz): JA<\/h3>\n<p>Dani Graf, ein Demokratie-Aktivist, hat 2021 das (erfolgreiche) Referendum gegen die damals vorgeschlagene E-ID-L\u00f6sung ergriffen. 2025 ist <a href=\"https:\/\/bajour.ch\/a\/daniel-graf-ueber-die-abstimmung-zur-e-id-digitalisierung\" target=\"_blank\" rel=\"noopener\">Dani Graf f\u00fcr das nun vorgeschlagene E-ID-Gesetz<\/a> \u2013 das ist eine ausreichende Begr\u00fcndung f\u00fcr das JA zu dieser Version des E-ID-Gesetzes.<\/p>\n<hr>\n<p><a href=\"https:\/\/www.admin.ch\/gov\/de\/start\/dokumentation\/abstimmungen\/20250928.html\" target=\"_blank\" rel=\"noopener\"><strong>Abstimmungsunterlagen des Bundes<\/strong><\/a><\/p>\n<hr>\n<h2>Kanton Z\u00fcrich<\/h2>\n<h3 class=\"q-mb-none q-mt-s40 word-break text-heading text-curveMedium\" lang=\"de\">Energiegesetz (EnerG) (\u00c4nderung vom 27. Januar 2025; Klimaschutz und Anpassung an den Klimawandel): JA<\/h3>\n<p lang=\"de\">Eine klare Mehrheit des Kantonsrates sagt Ja zu dieser Vorlage, die unter anderem eine f\u00fcr den Menschen- und Klimaschutz sinnvolle Vorgabe f\u00fcr die Verminderung der Treibhausgas-Emissionen macht. St\u00e4dte wie Z\u00fcrich und <a href=\"https:\/\/stadt.winterthur.ch\/gemeinde\/verwaltung\/stadtkanzlei\/kommunikation-stadt-winterthur\/medienmitteilungen-stadt-winterthur\/stadtrat-empfiehlt-ja-zu-zuercher-energiegesetz\" target=\"_blank\" rel=\"noopener\">Winerthur<\/a> haben vergleichbare Zielsetzungen.<\/p>\n<p lang=\"de\">Der gr\u00fcne Z\u00fcrcher Regierungspr\u00e4sident Martin Neukom hat an einer Medienkonferenz die ablehnende Position des Z\u00fcrcher Regierungsrates zu dieser Vorlage vertreten. Ein <a href=\"https:\/\/www.tagesanzeiger.ch\/zuerich-martin-neukom-erklaert-kehrtwende-beim-klimaziel-957693162444\" target=\"_blank\" rel=\"noopener\">Beitrag im Tages-Anzeiger<\/a> zeigt die Schwierigkeiten des regierungsr\u00e4tlichen Konkordanz-Systems bei zukunftsgerichteten Fragestellungen auf. Klarer Fall: ein deutliches JA zu dieser Vorlage!&nbsp;&nbsp;<\/p>\n<hr>\n<p><a href=\"https:\/\/app.statistik.zh.ch\/wahlen_abstimmungen\/prod\/Actual\/Det\/1_1_20250928\/261720\/Abstimmungen\/Informationen\" target=\"_blank\" rel=\"noopener\"><strong>Abstimmungsunterlagen des Kantons Z\u00fcrich<\/strong><\/a><\/p>\n<hr>\n<h2 lang=\"de\">Stadt Z\u00fcrich<\/h2>\n<section id=\"gemeinden\" aria-labelledby=\"Kommunal\">\n<div class=\"q-mt-s20\">\n<div class=\"q-mt-s8\">\n<div class=\"col-12 col-sm-6\">\n<div class=\"q-pa-s32 q-pa-xs-s16 q-pa-sm-s16 q-pa-md-s20 bg-zhwhite  zhstat-card zhstat-focus\">\n<div class=\"column justify-between\">\n<div class=\"col\">\n<div class=\"row content-between\">\n<h3 class=\"col-12 text-heading word-break text-curveBiggerRegular\" lang=\"de\">Volksinitiative \u00abVBZ-Abo f\u00fcr 365 Franken\u00bb: JA<\/h3>\n<\/div>\n<\/div>\n<div class=\"col-auto\">\n<p class=\"row justify-end\">Grunds\u00e4tzlich muss auch f\u00fcr den Verkehr der Grundsatz der Kostenwahrheit gelten. Weil der MIEF (bewusster Tippfehler, m\u00fcsste MIV geschrieben werden) direkt und indirekt massiv subventioniert ist, obwohl er in keiner Art und Weise zukunftsf\u00e4hig\/nachhaltig ist, kann es zweckm\u00e4ssig sein, die Benutzung des \u00f6ffentlichen Verkehrs zu verbilligen. Fuss- und Veloverkehr m\u00fcssen unab\u00e4ngig davon weiter gef\u00f6rdert werden, ebenso die <a title=\"Nachhaltiges, enkel:innen-taugliches Wohnen\" href=\"https:\/\/www.umweltnetz.ch\/content\/nachhaltiges-enkelinnen-taugliches-wohnen\" target=\"_blank\" rel=\"noopener\">15-Minuten-Stadt<\/a>.&nbsp;&nbsp;<\/p>\n<\/div>\n<\/div>\n<\/div>\n<div>&nbsp;<\/div>\n<\/div>\n<\/div>\n<\/div>\n<\/section>\n<div class=\"q-mt-s8\">\n<div class=\"col-12 col-sm-6\">\n<div class=\"q-pa-s32 q-pa-xs-s16 q-pa-sm-s16 q-pa-md-s20 bg-zhwhite  zhstat-card zhstat-focus\">\n<div class=\"column justify-between\">\n<div class=\"col\">\n<div class=\"row content-between\">\n<h3 class=\"col-12 text-heading word-break text-curveBiggerRegular\" lang=\"de\">Parkkartenverordnung, Neuerlass der Verordnung \u00fcber die Parkierungs- und Zufahrtsbewilligungen (PKV): JA<\/h3>\n<p>Auch \u00abStehzeuge\u00bb verursachen Kosten \u2013der Umgang mit \u00abParkkarten\u00bb soll und muss ebenfalls in eine zukunftsf\u00e4hige, nachhaltigere Richtung f\u00fchren. Darum JA zu dieser Vorlage.&nbsp;<\/p>\n<\/div>\n<\/div>\n<\/div>\n<\/div>\n<\/div>\n<\/div>\n<div class=\"q-mt-s8\">\n<div class=\"col-12 col-sm-6\">\n<div class=\"q-pa-s32 q-pa-xs-s16 q-pa-sm-s16 q-pa-md-s20 bg-zhwhite  zhstat-card zhstat-focus\">\n<div class=\"column justify-between\">\n<div class=\"col\">\n<div class=\"row content-between\">\n<h3 class=\"col-12 text-heading word-break text-curveBiggerRegular\" lang=\"de\">Einsatzbeschr\u00e4nkung Laubbl\u00e4ser und Laubsauger, Teilrevision der Allgemeinen Polizeiverordnung: JA<\/h3>\n<\/div>\n<\/div>\n<div class=\"col-auto\">\n<p class=\"row justify-end\">L\u00e4rm ist nach wie vor eine Begr\u00fcndung daf\u00fcr, damit Menschen ihrer Umgebung signalisieren k\u00f6nnen, dass sie etwas tun. Es gibt ausreichende besserer L\u00f6sungen f\u00fcr die heutigen unn\u00f6tig lauten Laubbl\u00e4ser und Laubsauger! Auch zu dieser Vorlage ein JA!&nbsp;<\/p>\n<\/div>\n<\/div>\n<\/div>\n<\/div>\n<\/div>\n<div class=\"q-mt-s8\">\n<div class=\"col-12 col-sm-6\">\n<div class=\"q-pa-s32 q-pa-xs-s16 q-pa-sm-s16 q-pa-md-s20 bg-zhwhite  zhstat-card zhstat-focus\">\n<div class=\"column justify-between\">\n<div class=\"col\">\n<div class=\"row content-between\">\n<h3 class=\"col-12 text-heading word-break text-curveBiggerRegular\" lang=\"de\">Ersatzneubau Sportzentrum Oerlikon, Ausgaben von 373 Millionen Franken: JA<\/h3>\n<\/div>\n<\/div>\n<div class=\"col-auto\">\n<p class=\"row justify-end\">Auch wenn sich zu diesem Vorhaben einige Fragen zu den Argumenten der Gr\u00fcnen ergeben, ist im Sinne einer zukunftsgerichteten Entwicklung ein JA zu diesem Ersatzneubau zweckm\u00e4ssig.&nbsp;<\/p>\n<\/div>\n<\/div>\n<\/div>\n<\/div>\n<\/div>\n<div class=\"q-mt-s8\">\n<div class=\"col-12 col-sm-6\">\n<div class=\"q-pa-s32 q-pa-xs-s16 q-pa-sm-s16 q-pa-md-s20 bg-zhwhite  zhstat-card zhstat-focus\">\n<div class=\"column justify-between\">\n<div class=\"col\">\n<div class=\"row content-between\">\n<h3 class=\"col-12 text-heading word-break text-curveBiggerRegular\" lang=\"de\">Ersatzneubau von Haus A des Gesundheitszentrums f\u00fcr das Alter Bachwiesen, Ausgaben von 92,4 Millionen Franken: JA<\/h3>\n<\/div>\n<\/div>\n<div class=\"col-auto\">\n<p class=\"row justify-end\">Auch zu diesem Ersatzneubau ein JA!<\/p>\n<\/div>\n<\/div>\n<\/div>\n<\/div>\n<\/div>\n<div class=\"q-mt-s8\">\n<div class=\"col-12 col-sm-6\">\n<div class=\"q-pa-s32 q-pa-xs-s16 q-pa-sm-s16 q-pa-md-s20 bg-zhwhite  zhstat-card zhstat-focus\">\n<div class=\"column justify-between\">\n<div class=\"col\">\n<div class=\"row content-between\">\n<h3 class=\"col-12 text-heading word-break text-curveBiggerRegular\" lang=\"de\">Sportanlage Juchhof 3, Ersatzneubau Garderobengeb\u00e4ude und Umbau Rasenspielfelder, Ausgaben von 25,66 Millionen Franken: JA<\/h3>\n<\/div>\n<\/div>\n<div class=\"col-auto\">Auch zu diesem Ersatzneubau und Umbau ein JA!<\/div>\n<div>&nbsp;<\/div>\n<\/div>\n<div><hr><\/div>\n<\/div>\n<\/div>\n<\/div>\n<p><a href=\"https:\/\/app.statistik.zh.ch\/wahlen_abstimmungen\/prod\/Actual?gebiet=261&amp;embed=true&amp;show=3&amp;primary=0F05A0&amp;positive=0f05a0&amp;negative=dc030e&amp;border-color=0F05A0&amp;empty=e8e8e8&amp;font=Helvetica\" target=\"_blank\" rel=\"noopener\"><strong>Abstimmungsunterlagen der Stadt Z\u00fcrich<\/strong><\/a><\/p>\n<hr>\n<p>&nbsp;<\/p>\n\n\n","protected":false},"excerpt":{"rendered":"<p>Am Sonntag, 28. September 2025 werden die von den Stimmberechtigten abgegebenen oder eingesandten Stimmzettel ausgez\u00e4hlt. Stimmberechtigte der Stadt Z\u00fcrich k\u00f6nnen \u00fcber neun Vorlagen entscheiden (sechs st\u00e4dtische Vorlagen, eine kantonale Vorlage, zwei eidgen\u00f6ssische Vorlagen). Meine Abstimmungsempfehlungen dazu.<\/p>\n","protected":false},"author":2,"featured_media":0,"comment_status":"open","ping_status":"closed","sticky":false,"template":"","format":"standard","meta":{"ngg_post_thumbnail":0,"_jetpack_memberships_contains_paid_content":false,"footnotes":""},"categories":[1,5],"tags":[129,436,1118,8,168,41,128,2478],"class_list":["post-9263","post","type-post","status-publish","format-standard","hentry","category-allgemein","category-politik","tag-abstimmungsempfehlung","tag-bund","tag-eidgenossenschaft","tag-kanton-zurich","tag-schweiz","tag-stadt-zuerich","tag-volksabstimmung","tag-volksabstimmung-28-9-2025"],"aioseo_notices":[],"jetpack_featured_media_url":"","jetpack_sharing_enabled":true,"_links":{"self":[{"href":"https:\/\/www.umweltnetz.ch\/content\/wp-json\/wp\/v2\/posts\/9263","targetHints":{"allow":["GET"]}}],"collection":[{"href":"https:\/\/www.umweltnetz.ch\/content\/wp-json\/wp\/v2\/posts"}],"about":[{"href":"https:\/\/www.umweltnetz.ch\/content\/wp-json\/wp\/v2\/types\/post"}],"author":[{"embeddable":true,"href":"https:\/\/www.umweltnetz.ch\/content\/wp-json\/wp\/v2\/users\/2"}],"replies":[{"embeddable":true,"href":"https:\/\/www.umweltnetz.ch\/content\/wp-json\/wp\/v2\/comments?post=9263"}],"version-history":[{"count":2,"href":"https:\/\/www.umweltnetz.ch\/content\/wp-json\/wp\/v2\/posts\/9263\/revisions"}],"predecessor-version":[{"id":9266,"href":"https:\/\/www.umweltnetz.ch\/content\/wp-json\/wp\/v2\/posts\/9263\/revisions\/9266"}],"wp:attachment":[{"href":"https:\/\/www.umweltnetz.ch\/content\/wp-json\/wp\/v2\/media?parent=9263"}],"wp:term":[{"taxonomy":"category","embeddable":true,"href":"https:\/\/www.umweltnetz.ch\/content\/wp-json\/wp\/v2\/categories?post=9263"},{"taxonomy":"post_tag","embeddable":true,"href":"https:\/\/www.umweltnetz.ch\/content\/wp-json\/wp\/v2\/tags?post=9263"}],"curies":[{"name":"wp","href":"https:\/\/api.w.org\/{rel}","templated":true}]}}