{"id":8881,"date":"2024-04-01T11:20:09","date_gmt":"2024-04-01T09:20:09","guid":{"rendered":"https:\/\/www.umweltnetz.ch\/content\/?p=8881"},"modified":"2024-12-29T22:02:12","modified_gmt":"2024-12-29T21:02:12","slug":"seegfroerni-indikator-kaeltesummen-an-den-groesseren-zuercher-seen-im-winter-2023-24","status":"publish","type":"post","link":"https:\/\/www.umweltnetz.ch\/content\/seegfroerni-indikator-kaeltesummen-an-den-groesseren-zuercher-seen-im-winter-2023-24","title":{"rendered":"Seegfr\u00f6rni-Indikator: K\u00e4ltesummen an den gr\u00f6sseren Z\u00fcrcher Seen im Winter 2023\/24"},"content":{"rendered":"\n<p>Nachtrag Dezember 2024: <a href=\"https:\/\/www.umweltnetz.ch\/content\/seegfroerni-indikator-kaeltesummen-an-den-groesseren-zuercher-seen-im-winter-2024-25\" target=\"_blank\" rel=\"noopener\">Seegfr\u00f6rni-Indikator: K\u00e4ltesummen an den gr\u00f6sseren Z\u00fcrcher Seen im Winter 2024\/25<\/a><\/p>\n<p>1. April 2024: Am 21. Januar 2024 lagen die Tagesmitteltemperaturen im Winter 2023\/24 an den gr\u00f6sseren Z\u00fcrcher Seen letztmals unter 0 \u00b0C. Seither sind somit keine weiteren Beitr\u00e4ge zu den K\u00e4ltesummen bei den drei Wetterstationen am Pf\u00e4ffiker-, Greifen- und Z\u00fcrichsee zusammenkommen. Ein weiterer Winter, der best\u00e4tigt, dass Seegfr\u00f6rnen \u2013 wegen des Klimawandels \u2013 sicher bei den Mittellandseen seltener werden d\u00fcrften. Der <a title=\"Menschenschutz: der w\u00e4rmste Februar seit Beginn der Aufzeichnungen\" href=\"https:\/\/www.umweltnetz.ch\/content\/menschenschutz-der-waermste-februar-seit-beginn-der-aufzeichnungen\" target=\"_blank\" rel=\"noopener\">w\u00e4rmste Februar (2024) seit Beginn der Aufzeichnungen 1864<\/a> best\u00e4tigt dies.<\/p>\n<p>Mit Bezug zum Wetter sind der <a href=\"https:\/\/www.meteoschweiz.admin.ch\/service-und-publikationen\/applikationen\/ext\/forecast-monthly-columns.html\" target=\"_blank\" rel=\"noopener\">Ausblick f\u00fcr die drei Folgewochen von MeteoSchweiz<\/a> und der <a href=\"https:\/\/www.meteoschweiz.admin.ch\/service-und-publikationen\/applikationen\/ext\/forecast-seasonal-columns.html\" target=\"_blank\" rel=\"noopener\">Saisonausblick von MeteoSchweiz<\/a> von Interesse. M\u00f6glicherweise werde ich auch im Winter 2024\/25 die K\u00e4ltesummen f\u00fcr die drei gr\u00f6sseren Z\u00fcrcher Seen darstellen.<\/p>\n<p><!--more--><\/p>\n<hr>\n<p><img decoding=\"async\" src=\"https:\/\/www.umweltnetz.ch\/images\/seegfr\/seegfr2324.php\"><\/p>\n<hr>\n<h5>Einordnung der K\u00e4ltesummen der Winter 2010\/11 bis 2023\/24 f\u00fcr den Z\u00fcrichsee<\/h5>\n<table style=\"width: 100%; height: 383px;\">\n<tbody>\n<tr style=\"height: 62px;\">\n<td style=\"height: 62px; width: 65.5556%;\">Winter <br>(November bis <br>M\u00e4rz)<\/td>\n<td style=\"height: 62px; width: 34.2857%;\">K\u00e4ltesumme Z\u00fcrichsee <br>[Kelvin-Tage]<\/td>\n<\/tr>\n<tr style=\"height: 20px;\">\n<td style=\"height: 20px; width: 65.5556%;\"><a title=\"Gefriert jetzt dann der Z\u00fcrichsee? Winter 2011\/2012\" href=\"https:\/\/www.umweltnetz.ch\/content\/gefriert-jetzt-dann-der-zurichsee-winter-20112012\" target=\"_blank\" rel=\"noopener noreferrer\">2011\/12<\/a><\/td>\n<td style=\"height: 20px; text-align: right; width: 34.2857%;\" bgcolor=\"#6495ED\">120.6<\/td>\n<\/tr>\n<tr style=\"height: 20px;\">\n<td style=\"height: 20px; width: 65.5556%;\"><a title=\"Gefriert jetzt dann der Z\u00fcrichsee? Winter 2010\/2011\" href=\"https:\/\/www.umweltnetz.ch\/content\/gefriert-jetzt-dann-der-zurichsee-winter-20102011\" target=\"_blank\" rel=\"noopener noreferrer\">2010\/11<\/a><\/td>\n<td style=\"height: 20px; text-align: right; width: 34.2857%;\">71.1<\/td>\n<\/tr>\n<tr style=\"height: 20px;\">\n<td style=\"height: 20px; width: 65.5556%;\"><a title=\"Seegfr\u00f6rni-Indikator: K\u00e4ltesummen an den gr\u00f6sseren Z\u00fcrcher Seen im Winter 2016\/17\" href=\"https:\/\/www.umweltnetz.ch\/content\/seegfroerni-indikator-kaeltesummen-an-den-groesseren-zuercher-seen-im-winter-201617\" target=\"_blank\" rel=\"noopener noreferrer\">2016\/17<\/a><\/td>\n<td style=\"height: 20px; text-align: right; width: 34.2857%;\">68.8<\/td>\n<\/tr>\n<tr style=\"height: 20px;\">\n<td style=\"height: 20px; width: 65.5556%;\"><a title=\"K\u00e4ltesummen an den gr\u00f6sseren Z\u00fcrcher Seen im Winter 2012\/13: Indikator f\u00fcr die Seegfr\u00f6rni\" href=\"https:\/\/www.umweltnetz.ch\/content\/kaltesummen-an-den-grosseren-zurcher-seen-im-winter-201213-indikator-fur-die-seegfrorni\" target=\"_blank\" rel=\"noopener noreferrer\">2012\/13<\/a><\/td>\n<td style=\"height: 20px; text-align: right; width: 34.2857%;\">61.7<\/td>\n<\/tr>\n<tr style=\"height: 20px;\">\n<td style=\"height: 20px; width: 65.5556%;\"><a title=\"Seegfr\u00f6rni-Indikator: K\u00e4ltesummen an den gr\u00f6sseren Z\u00fcrcher Seen im Winter 2017\/18\" href=\"https:\/\/www.umweltnetz.ch\/content\/seegfroerni-indikator-kaeltesummen-an-den-groesseren-zuercher-seen-im-winter-2017-18\" target=\"_blank\" rel=\"noopener noreferrer\">2017\/18<\/a><\/td>\n<td style=\"height: 20px; text-align: right; width: 34.2857%;\">41.5<\/td>\n<\/tr>\n<tr style=\"height: 20px;\">\n<td style=\"height: 20px; width: 65.5556%;\"><a title=\"Seegfr\u00f6rni-Indikator: K\u00e4ltesummen an den gr\u00f6sseren Z\u00fcrcher Seen im Winter 2020\/21\" href=\"https:\/\/www.umweltnetz.ch\/content\/seegfroerni-indikator-kaeltesummen-an-den-groesseren-zuercher-seen-im-winter-2020-21\" target=\"_blank\" rel=\"noopener\">2020\/21<\/a><\/td>\n<td style=\"height: 20px; text-align: right; width: 34.2857%;\">30.4<\/td>\n<\/tr>\n<tr style=\"height: 20px;\">\n<td style=\"height: 20px; width: 65.5556%;\"><a title=\"Seegfr\u00f6rni-Indikator: K\u00e4ltesummen an den gr\u00f6sseren Z\u00fcrcher Seen im Winter 2014\/15\" href=\"https:\/\/www.umweltnetz.ch\/content\/seegfroerni-indikator-kaeltesummen-an-den-groesseren-zuercher-seen-im-winter-201415\" target=\"_blank\" rel=\"noopener noreferrer\">2014\/15<\/a><\/td>\n<td style=\"height: 20px; text-align: right; width: 34.2857%;\">24.1<\/td>\n<\/tr>\n<tr style=\"background-color: #a1a1a1;\">\n<td style=\"height: 20px; width: 65.5556%;\">2023\/24<\/td>\n<td style=\"height: 20px; text-align: right; width: 34.2857%;\">20.7<\/td>\n<\/tr>\n<!--\n<tr style=\"background-color: #a1a1a1;\">\n<td style=\"height: 20px; width: 65.5556%;\">gegenw\u00e4rtiger Winter (2023\/24)<\/td>\n<td><iframe loading=\"lazy\" src=\"http:\/\/www.umweltnetz.ch\/images\/seegfr\/stand_zsee2324.php\" width=\"65%\" height=\"50px\" frameborder=\"0\" scrolling=\"no\" align=\"right\"><\/iframe><\/td>\n<\/tr>\n-->\n<tr style=\"height: 20px;\">\n<td style=\"height: 20px; width: 65.5556%;\"><a title=\"Seegfr\u00f6rni-Indikator: K\u00e4ltesummen an den gr\u00f6sseren Z\u00fcrcher Seen im Winter 2022\/23\" href=\"https:\/\/www.umweltnetz.ch\/content\/seegfroerni-indikator-kaeltesummen-an-den-groesseren-zuercher-seen-im-winter-2022-23\" target=\"_blank\" rel=\"noopener\">2022\/23<\/a><\/td>\n<td style=\"height: 20px; text-align: right; width: 34.2857%;\">20.2<\/td>\n<\/tr>\n<tr style=\"height: 20px;\">\n<td style=\"height: 20px; width: 65.5556%;\"><a title=\"Seegfr\u00f6rni-Indikator: K\u00e4ltesummen an den gr\u00f6sseren Z\u00fcrcher Seen im Winter 2018\/19\" href=\"https:\/\/www.umweltnetz.ch\/content\/seegfroerni-indikator-kaeltesummen-an-den-groesseren-zuercher-seen-im-winter-2018-19\" target=\"_blank\" rel=\"noopener noreferrer\">2018\/19<\/a><\/td>\n<td style=\"height: 20px; text-align: right; width: 34.2857%;\">9.1<\/td>\n<\/tr>\n<tr style=\"height: 20px;\">\n<td style=\"height: 20px; width: 65.5556%;\"><a title=\"Seegfr\u00f6rni-Indikator: K\u00e4ltesummen an den gr\u00f6sseren Z\u00fcrcher Seen im Winter 2015\/16\" href=\"https:\/\/www.umweltnetz.ch\/content\/seegfroerni-indikator-kaeltesummen-an-den-groesseren-zuercher-seen-im-winter-201516\" target=\"_blank\" rel=\"noopener noreferrer\">2015\/16<\/a><\/td>\n<td style=\"height: 20px; text-align: right; width: 34.2857%;\">7.1<\/td>\n<\/tr>\n<tr style=\"height: 20px;\">\n<td style=\"height: 20px; width: 65.5556%;\"><a title=\"Seegfr\u00f6rni-Indikator: K\u00e4ltesummen an den gr\u00f6sseren Z\u00fcrcher Seen im Winter 2013\/14\" href=\"https:\/\/www.umweltnetz.ch\/content\/seegfroerni-indikator-kaeltesummen-an-den-groesseren-zuercher-seen-im-winter-201314\" target=\"_blank\" rel=\"noopener noreferrer\">2013\/14<\/a><\/td>\n<td style=\"height: 20px; text-align: right; width: 34.2857%;\">5.2<\/td>\n<\/tr>\n<tr style=\"height: 20px;\">\n<td style=\"height: 20px; width: 65.5556%;\"><a title=\"Seegfr\u00f6rni-Indikator: K\u00e4ltesummen an den gr\u00f6sseren Z\u00fcrcher Seen im Winter 2019\/20\" href=\"https:\/\/www.umweltnetz.ch\/content\/seegfroerni-indikator-kaeltesummen-an-den-groesseren-zuercher-seen-im-winter-2019-20\" target=\"_blank\" rel=\"noopener noreferrer\">2019\/20<\/a><\/td>\n<td style=\"height: 20px; text-align: right; width: 34.2857%;\">2.8<\/td>\n<\/tr>\n<tr style=\"height: 20px;\">\n<td style=\"height: 20px; width: 65.5556%;\"><a title=\"Seegfr\u00f6rni-Indikator: K\u00e4ltesummen an den gr\u00f6sseren Z\u00fcrcher Seen im Winter 2021\/22\" href=\"https:\/\/www.umweltnetz.ch\/content\/seegfroerni-indikator-kaeltesummen-an-den-groesseren-zuercher-seen-im-winter-2021-22\" target=\"_blank\" rel=\"noopener\">2021\/22<\/a><\/td>\n<td style=\"height: 20px; text-align: right; width: 34.2857%;\" bgcolor=\"#E9967A\">1.7<\/td>\n<\/tr>\n<tr style=\"height: 20px;\">\n<td style=\"height: 20px; width: 65.5556%;\">Erforderliche K\u00e4ltesumme f\u00fcr eine Seegfr\u00f6rni<\/td>\n<td style=\"height: 20px; text-align: right; width: 34.2857%;\"><strong>320<br><\/strong><\/td>\n<\/tr>\n<\/tbody>\n<\/table>\n<p>(h\u00f6chste K\u00e4ltesumme&nbsp; 2010\/11 bis 2022\/23 blauer Hintergrund, niedrigste K\u00e4ltesumme rot; beim Pf\u00e4ffikersee und beim Greifensee gab es Ausf\u00e4lle und Ver\u00e4nderungen bei den Messstationen, darum keine Liste der K\u00e4ltesummen)<\/p>\n<hr>\n<p>26. Februar 2024: Seit mehr als einem Monat haben sich bei den drei Wetterstationen am Pf\u00e4ffiker-, Greifen- und Z\u00fcrichsee keine weiteren Beitr\u00e4ge zur K\u00e4ltesumme ergeben. Die Wetterprognosen, der <a href=\"https:\/\/www.meteoschweiz.admin.ch\/service-und-publikationen\/applikationen\/ext\/forecast-monthly-columns.html\" target=\"_blank\" rel=\"noopener\">Ausblick f\u00fcr die drei Folgewochen von MeteoSchweiz<\/a> und der <a href=\"https:\/\/www.meteoschweiz.admin.ch\/service-und-publikationen\/applikationen\/ext\/forecast-seasonal-columns.html\" target=\"_blank\" rel=\"noopener\">Saisonausblick von MeteoSchweiz<\/a> lassen weiterhin milde\/warme oder allenfalls mittlere Bedingungen im Vergleich mit den Mehrjahreswerten erwarten. Eine Seegfr\u00f6rni im Winter 2023\/24 kann mit ziemlicher Sicherheit ausgeschlossen werden.<\/p>\n<p>7. Februar 2024: Seit mehr als zwei Wochen haben sich bei den drei Wetterstationen am Pf\u00e4ffiker-, Greifen- und Z\u00fcrichsee keine weiteren Beitr\u00e4ge zur K\u00e4ltesumme ergeben. Dies d\u00fcrfte sich aufgrund der Wochen-Wetterprognose kaum \u00e4ndern.<\/p>\n<p>29. Januar 2024: Welch ein Kontrast: Nach drei Tagen mit Tagesmitteltemperaturen unter Null Grad Celsius an der Messstation Mythenquai am Z\u00fcrichsee die Tagesmitteltemperatur innert 3 Tagen auf etwas \u00fcber 12 \u00b0C am 24. Januar. Damit war auch der Schnee wieder weg. Weitere Beitr\u00e4ge zur K\u00e4ltesumme sind in den n\u00e4chsten Tagen nicht in Aussicht.<\/p>\n<p>22. Januar 2024: Seit Anfang November 23 lagen bis zum 21. Januar 2024 an 13 von 82 Tagen die Tagesmitteltemperaturen an der Messstation Mythenquai am Z\u00fcrichsee unter Null Grad. Nach wie liegen die bis jetzt erreichten&nbsp; K\u00e4ltesummen deutlich unterhalb der M\u00f6glichkeiten einer Seegfr\u00f6rni. Gem\u00e4ss Wochenprognose d\u00fcrften in den n\u00e4chsten Tagen f\u00fcr die Jahreszeit eher milde Bedingungen zu erwarten sein.<\/p>\n<p>17. Januar 2024: Nach etwa einer Woche mit Tagesmitteltemperaturen an den Messstationen an den gr\u00f6sseren Z\u00fcrcher Seen gr\u00f6sstenteils unter Null Grad ist es weniger k\u00fchl und regnerisch. Auch nach den kalten Tagen liegen die bis jetzt erreichten K\u00e4ltesummen deutlich unterhalb der M\u00f6glichkeiten einer Seegfr\u00f6rni. Gem\u00e4ss Wochenprognose d\u00fcrften in den n\u00e4chsten Tagen zus\u00e4tzliche K\u00e4ltesummen-Beitr\u00e4ge dazu kommen.<\/p>\n<p>15. Januar 2024: Seit etwa einer Woche liegen die Tagesmitteltemperaturen an den Messstationen an den gr\u00f6sseren Z\u00fcrcher Seen gr\u00f6sstenteils unter Null Grad. Es sind einige weitere Beitr\u00e4ge zur K\u00e4ltesumme zusammengekommen \u2013 wie die Grafik des Verlaufs der K\u00e4ltesummen zeigt immer noch deutlich unterhalb der M\u00f6glichkeiten einer Seegfr\u00f6rni. Voraussichtlich d\u00fcrften in den n\u00e4chsten Tagen weitere K\u00e4ltesummen-Beitr\u00e4ge dazu kommen.<\/p>\n<hr>\n<p>14. Januar 2024: An den Biotop-Weihern in Z\u00fcrich Binz zeigt sich bereits eine Schicht (tragf\u00e4higes) Eis.<\/p>\n<p><img loading=\"lazy\" decoding=\"async\" class=\"alignleft size-large wp-image-8953\" src=\"https:\/\/www.umweltnetz.ch\/content\/wp-content\/uploads\/2024\/01\/240114_binz-teich-1024x577.jpg\" alt=\"\" width=\"840\" height=\"473\" srcset=\"https:\/\/www.umweltnetz.ch\/content\/wp-content\/uploads\/2024\/01\/240114_binz-teich-1024x577.jpg 1024w, https:\/\/www.umweltnetz.ch\/content\/wp-content\/uploads\/2024\/01\/240114_binz-teich-300x169.jpg 300w, https:\/\/www.umweltnetz.ch\/content\/wp-content\/uploads\/2024\/01\/240114_binz-teich-768x432.jpg 768w, https:\/\/www.umweltnetz.ch\/content\/wp-content\/uploads\/2024\/01\/240114_binz-teich-1536x865.jpg 1536w, https:\/\/www.umweltnetz.ch\/content\/wp-content\/uploads\/2024\/01\/240114_binz-teich-1200x676.jpg 1200w, https:\/\/www.umweltnetz.ch\/content\/wp-content\/uploads\/2024\/01\/240114_binz-teich.jpg 1689w\" sizes=\"auto, (max-width: 709px) 85vw, (max-width: 909px) 67vw, (max-width: 1362px) 62vw, 840px\" \/><\/p>\n<hr>\n<p>9. Januar 2024: Im Tagesmittel ergaben sich am 8. Januar die ersten Beitr\u00e4ge des Jahres 2024 zur K\u00e4ltesumme. Im Wochenverlauf sind weitere Beitr\u00e4ge zu erwarten, in der Tendenz pro Tag im tiefen einstelligen Bereich.<\/p>\n<hr>\n<p>30. Dezember 2023: Um Mitte Dezember herum war es etwas k\u00fchler, inkl. eines kleinen zus\u00e4tzlichen Beitrags zur K\u00e4ltesumme am Pf\u00e4ffikersee. Nach klaren N\u00e4chten waren bei einigen T\u00fcmpeln feine Eisfl\u00e4chen zu sehen.<\/p>\n<hr>\n<p>10. Dezember 2023: Nach dem ersten Schnee im Mittelland lagen die Tagesmitteltemperaturen im Gebiet der gr\u00f6sseren Z\u00fcrcher Seen w\u00e4hrend zwei bei drei Tagen unter 0 \u00b0C \u2013 ein bisschen K\u00e4ltesumme ist zusammengekommen!<\/p>\n<hr>\n<h5>Nach den ersten Schneetagen Dezember 2023<\/h5>\n<p>Der gleiche Baum links im Schneegest\u00f6ber, rechts drei Tage danach nach etwas Tauwetter:<\/p>\n<p><img loading=\"lazy\" decoding=\"async\" class=\"alignleft size-large wp-image-8901\" src=\"https:\/\/www.umweltnetz.ch\/content\/wp-content\/uploads\/2023\/12\/baumvergleich_3_tage_dez_23-908x1024.jpg\" alt=\"\" width=\"840\" height=\"947\" srcset=\"https:\/\/www.umweltnetz.ch\/content\/wp-content\/uploads\/2023\/12\/baumvergleich_3_tage_dez_23-908x1024.jpg 908w, https:\/\/www.umweltnetz.ch\/content\/wp-content\/uploads\/2023\/12\/baumvergleich_3_tage_dez_23-266x300.jpg 266w, https:\/\/www.umweltnetz.ch\/content\/wp-content\/uploads\/2023\/12\/baumvergleich_3_tage_dez_23-768x866.jpg 768w, https:\/\/www.umweltnetz.ch\/content\/wp-content\/uploads\/2023\/12\/baumvergleich_3_tage_dez_23.jpg 1109w\" sizes=\"auto, (max-width: 709px) 85vw, (max-width: 909px) 67vw, (max-width: 1362px) 62vw, 840px\" \/><\/p>\n<p>&nbsp;<\/p>\n<p>&nbsp;<\/p>\n<hr>\n<p>3. Dezember 2023: Nach dem ersten Schnee im Mittelland des Winters 2023\/24 sanken die Temperaturen an den Z\u00fcrcher Seen teilweise unter 0 \u00b0C ab \u2013 das Sammeln der K\u00e4ltesummen beginnt!<\/p>\n<hr>\n<h3>Hintergrund zu Seegfr\u00f6rni\/Seegfr\u00f6rnen<\/h3>\n<p>\u00ab<a href=\"https:\/\/scnat.ch\/de\/uuid\/i\/b4fd4bea-7998-5b47-b4a3-aac59ded6e9c-Gibt_es_in_Zukunft_noch_Seegfr%C3%B6rnen\" target=\"_blank\" rel=\"noopener\">Gibt es in Zukunft noch Seegfr\u00f6rnen?<\/a>\u00bb fragte MeteoSchweiz am 20. Februar 2020 (als Beitrag beim scnat netzwerk zu finden) \u2013 eine Art Prognose: <em>Durch den Klimawandel d\u00fcrften Seegfr\u00f6rnen zuk\u00fcnftig noch seltener werden.<\/em>&nbsp;<\/p>\n<p><a href=\"https:\/\/www.meteoschweiz.admin.ch\/ueber-uns\/meteoschweiz-blog\/de\/2023\/01\/vor-60-jahren-als-der-zuerichsee-gefror.html\" target=\"_blank\" rel=\"noopener\">MeteoSchweiz-Blog (16. Januar 2023) zur Z\u00fcrichsee-Seegfr\u00f6rni 1963<\/a> \u2013 gem\u00e4ss einem <a href=\"https:\/\/www.srf.ch\/news\/panorama\/panorama-zuercher-seegfroerni-als-das-extreme-noch-normal-war\" target=\"_blank\" rel=\"noopener\">SRF-Beitrag<\/a> lag die K\u00e4ltesumme im Winter 1962\/63 bei 500 Kelvin-Tagen.<\/p>\n<hr>\n<p>Verwendet werden die im Internet verf\u00fcgbaren Daten von drei Messtationen:<\/p>\n<ul>\n<li>Pf\u00e4ffikersee: <a href=\"https:\/\/www.retti.ch\/weather\" target=\"_blank\" rel=\"noopener\">Wetterstation\/Webcam Seerettungsdienst Pf\u00e4ffikersee<\/a><br><em>(bis zum Winter 2021\/22 habe ich Daten einer Wetterstation in Seegr\u00e4ben genutzt, diese ist nicht mehr in Betrieb) <\/em><\/li>\n<li>Greifensee: <a href=\"http:\/\/www.greifenseewetter.ch\/\" target=\"_blank\" rel=\"noopener noreferrer\">Wetter \/ Webcam Greifensee<\/a><\/li>\n<li>Z\u00fcrichsee: <a href=\"http:\/\/www.tecson-data.ch\/zurich\/mythenquai\/index.php\" target=\"_blank\" rel=\"noopener noreferrer\">Wetterstation Mythenquai, Wasserschutzpolizei<\/a><\/li>\n<\/ul>\n<hr>\n<p>Zur <strong>K\u00e4ltesumme<\/strong>: es braucht f\u00fcr den Z\u00fcrichsee eine K\u00e4ltesumme von 320, f\u00fcr den Greifensee eine solche von 160 und den Pf\u00e4ffikersee von 120 Kelvin-Tagen. Wikipedia-Definition <span style=\"color: #0000ff;\">der<\/span> <a href=\"http:\/\/de.wikipedia.org\/wiki\/K\u00e4ltesumme\" target=\"_blank\" rel=\"noopener noreferrer\">K\u00e4ltesumme<\/a>: <em>Die K\u00e4ltesumme eines Winters oder Monats erh\u00e4lt man, indem man alle Betr\u00e4ge negativer Tagesmitteltemperaturen (Temperaturen unter 0\u2009\u00b0C) aufsummiert.<\/em><\/p>\n<p>&nbsp;<\/p>\n","protected":false},"excerpt":{"rendered":"<p>Nachtrag Dezember 2024: Seegfr\u00f6rni-Indikator: K\u00e4ltesummen an den gr\u00f6sseren Z\u00fcrcher Seen im Winter 2024\/25 1. April 2024: Am 21. Januar 2024 lagen die Tagesmitteltemperaturen im Winter 2023\/24 an den gr\u00f6sseren Z\u00fcrcher Seen letztmals unter 0 \u00b0C. Seither sind somit keine weiteren Beitr\u00e4ge zu den K\u00e4ltesummen bei den drei Wetterstationen am Pf\u00e4ffiker-, Greifen- und Z\u00fcrichsee zusammenkommen. Ein &hellip; <a href=\"https:\/\/www.umweltnetz.ch\/content\/seegfroerni-indikator-kaeltesummen-an-den-groesseren-zuercher-seen-im-winter-2023-24\" class=\"more-link\"><span class=\"screen-reader-text\">\u201eSeegfr\u00f6rni-Indikator: K\u00e4ltesummen an den gr\u00f6sseren Z\u00fcrcher Seen im Winter 2023\/24\u201c <\/span>weiterlesen<\/a><\/p>\n","protected":false},"author":2,"featured_media":0,"comment_status":"open","ping_status":"closed","sticky":false,"template":"","format":"standard","meta":{"ngg_post_thumbnail":0,"_jetpack_memberships_contains_paid_content":false,"footnotes":""},"categories":[1],"tags":[701,2414,481,479,1615,2415,480],"class_list":["post-8881","post","type-post","status-publish","format-standard","hentry","category-allgemein","tag-greifensee","tag-kaeltesumme-2023-24","tag-pfaffikersee","tag-seegfrorni","tag-seegfroerni-indikator","tag-winter-2023-24","tag-zurichsee"],"aioseo_notices":[],"jetpack_featured_media_url":"","jetpack_sharing_enabled":true,"_links":{"self":[{"href":"https:\/\/www.umweltnetz.ch\/content\/wp-json\/wp\/v2\/posts\/8881","targetHints":{"allow":["GET"]}}],"collection":[{"href":"https:\/\/www.umweltnetz.ch\/content\/wp-json\/wp\/v2\/posts"}],"about":[{"href":"https:\/\/www.umweltnetz.ch\/content\/wp-json\/wp\/v2\/types\/post"}],"author":[{"embeddable":true,"href":"https:\/\/www.umweltnetz.ch\/content\/wp-json\/wp\/v2\/users\/2"}],"replies":[{"embeddable":true,"href":"https:\/\/www.umweltnetz.ch\/content\/wp-json\/wp\/v2\/comments?post=8881"}],"version-history":[{"count":51,"href":"https:\/\/www.umweltnetz.ch\/content\/wp-json\/wp\/v2\/posts\/8881\/revisions"}],"predecessor-version":[{"id":9161,"href":"https:\/\/www.umweltnetz.ch\/content\/wp-json\/wp\/v2\/posts\/8881\/revisions\/9161"}],"wp:attachment":[{"href":"https:\/\/www.umweltnetz.ch\/content\/wp-json\/wp\/v2\/media?parent=8881"}],"wp:term":[{"taxonomy":"category","embeddable":true,"href":"https:\/\/www.umweltnetz.ch\/content\/wp-json\/wp\/v2\/categories?post=8881"},{"taxonomy":"post_tag","embeddable":true,"href":"https:\/\/www.umweltnetz.ch\/content\/wp-json\/wp\/v2\/tags?post=8881"}],"curies":[{"name":"wp","href":"https:\/\/api.w.org\/{rel}","templated":true}]}}