{"id":8791,"date":"2023-05-20T13:33:56","date_gmt":"2023-05-20T11:33:56","guid":{"rendered":"https:\/\/www.umweltnetz.ch\/content\/?p=8791"},"modified":"2023-05-20T13:39:18","modified_gmt":"2023-05-20T11:39:18","slug":"abstimmungsempfehlungen-fuer-die-volksabstimmung-vom-18-juni-2023","status":"publish","type":"post","link":"https:\/\/www.umweltnetz.ch\/content\/abstimmungsempfehlungen-fuer-die-volksabstimmung-vom-18-juni-2023","title":{"rendered":"Abstimmungsempfehlungen f\u00fcr die Volksabstimmung vom 18. Juni 2023"},"content":{"rendered":"\n\n\n<p><img loading=\"lazy\" decoding=\"async\" class=\"size-full wp-image-8793 alignleft\" src=\"https:\/\/www.umweltnetz.ch\/content\/wp-content\/uploads\/2023\/05\/abstimm_230618.jpg\" alt=\"\" width=\"400\" height=\"400\" srcset=\"https:\/\/www.umweltnetz.ch\/content\/wp-content\/uploads\/2023\/05\/abstimm_230618.jpg 400w, https:\/\/www.umweltnetz.ch\/content\/wp-content\/uploads\/2023\/05\/abstimm_230618-300x300.jpg 300w, https:\/\/www.umweltnetz.ch\/content\/wp-content\/uploads\/2023\/05\/abstimm_230618-150x150.jpg 150w, https:\/\/www.umweltnetz.ch\/content\/wp-content\/uploads\/2023\/05\/abstimm_230618-120x120.jpg 120w\" sizes=\"auto, (max-width: 400px) 85vw, 400px\" \/>Am Nachmittag des 18. Juni 2023 werden in der Schweiz die Stimmzettel einer Volksabstimmung ausgez\u00e4hlt. Meine Empfehlungen zum Ausf\u00fcllen der Stimmzettel f\u00fcr die drei Vorlagen auf nationaler Ebene und die f\u00fcnf Vorlagen in der Stadt Z\u00fcrich. Plus ein Hinweis f\u00fcr die Abstimmung zur Kirchenordnung der Katholischen<br>Kirche im Kanton Z\u00fcrich.<!--more--><\/p>\n\n\n\n<div class=\"page\" title=\"Page 1\">\n<div class=\"section\">\n<div class=\"layoutArea\">\n<div class=\"column\">\n<h3>Vorlagen Volksabstimmung 18. Juni 2023 auf nationaler Ebene<\/h3>\n<h3><span style=\"background-color: #00ccff;\">Bundesgesetz u\u0308ber die Ziele im Klimaschutz, die Innovation und die Sta\u0308rkung der Energiesicherheit:<\/span><\/h3>\n<h1><span style=\"background-color: #00ccff;\">JA<\/span><\/h1>\n<\/div>\n<\/div>\n<\/div>\n<\/div>\n<p><strong>Zum indirekten Gegenvorschlag zur <a href=\"https:\/\/gletscher-initiative.ch\/\" target=\"_blank\" rel=\"noopener\">Gletscher-Initiative<\/a> ist ausschliesslich ein JA m\u00f6glich! Weitere Infos: <a href=\"https:\/\/klimaschutzgesetz-ja.ch\/\" target=\"_blank\" rel=\"noopener\">KLIMASCHUTZGESETZ-JA<\/a>! Darum auch eine JA-Illustration:<\/strong><\/p>\n<p><img loading=\"lazy\" decoding=\"async\" class=\"size-full wp-image-8796 alignnone\" src=\"https:\/\/www.umweltnetz.ch\/content\/wp-content\/uploads\/2023\/05\/klimaschutzgesetz_ja_230618.jpg\" alt=\"\" width=\"1689\" height=\"950\" srcset=\"https:\/\/www.umweltnetz.ch\/content\/wp-content\/uploads\/2023\/05\/klimaschutzgesetz_ja_230618.jpg 1689w, https:\/\/www.umweltnetz.ch\/content\/wp-content\/uploads\/2023\/05\/klimaschutzgesetz_ja_230618-300x169.jpg 300w, https:\/\/www.umweltnetz.ch\/content\/wp-content\/uploads\/2023\/05\/klimaschutzgesetz_ja_230618-1024x576.jpg 1024w, https:\/\/www.umweltnetz.ch\/content\/wp-content\/uploads\/2023\/05\/klimaschutzgesetz_ja_230618-768x432.jpg 768w, https:\/\/www.umweltnetz.ch\/content\/wp-content\/uploads\/2023\/05\/klimaschutzgesetz_ja_230618-1536x864.jpg 1536w, https:\/\/www.umweltnetz.ch\/content\/wp-content\/uploads\/2023\/05\/klimaschutzgesetz_ja_230618-1200x675.jpg 1200w\" sizes=\"auto, (max-width: 709px) 85vw, (max-width: 909px) 67vw, (max-width: 1362px) 62vw, 840px\" \/><\/p>\n\n\n\n<p>Von einer Ja-Parole abweichende Stellungnahmen sind <a title=\"$VP-L\u00fcgen-Referendum: SO NICHT!\" href=\"https:\/\/www.umweltnetz.ch\/content\/vp-luegen-referendum-so-nicht\" target=\"_blank\" rel=\"noopener\">antidemokratische und antirechtsstaatliche Propaganda-L\u00fcgen<\/a>.<\/p>\n<p><em>PS: Ich habe aktiv bei der Gletscher-Initiative mitgewirkt, als Mitglied des <a href=\"https:\/\/www.klimaschutz-schweiz.ch\/\" target=\"_blank\" rel=\"noopener\">Tr\u00e4gervereins<\/a> und als Unterschriftensammler.<\/em><\/p>\n<h3>\u00c4nderung vom 16. Dezember 2022 des Covid-19-Gesetzes: JA<\/h3>\n<p>Nach den bisherigen Erfahrungen im Umgang mit Pandemien ist nur ein JA m\u00f6glich. Alles andere sind Verschw\u00f6rungs-Schwurbeleien.<\/p>\n<div class=\"page\" title=\"Page 1\">\n<div class=\"section\">\n<div class=\"layoutArea\">\n<div class=\"column\">\n<h3>Umsetzung des OECD\/G20-Projekts zur Besteuerung grosser Unternehmensgruppen: ENTHALTUNG<\/h3>\n<p>International harmonisierte Mindestbesteuerungen f\u00fcr international t\u00e4tige Unternehmensgruppen sind zweckm\u00e4ssig. Das w\u00e4re die Begr\u00fcndung f\u00fcr ein Ja.<\/p>\n<p>Weil steuerstarke Kantone (zum Beispiel der bev\u00f6lkerungsm\u00e4ssig kleine Kanton Zug) \u00fcberm\u00e4ssig von der Mindeststeuer profitieren, und der Kanton Zug beabsichtigen k\u00f6nnte, zumindest einen Teil dieser Einnahmen wieder an die international t\u00e4tigen Unternehmensgruppen zur\u00fcckzuerstatten, w\u00e4re dies eher ein Nein.<\/p>\n<p>Daher lautet meine Empfehlung: ENTHALTUNG!<\/p>\n<hr><\/div>\n<\/div>\n<\/div>\n<\/div>\n<p><a href=\"https:\/\/www.admin.ch\/dam\/gov\/de\/Dokumentation\/Abstimmungen\/Juni2023\/DE_Erlaeuterungen_Juni_2023_web.pdf.download.pdf\/DE_Erlaeuterungen_Juni_2023_web.pdf\" target=\"_blank\" rel=\"noopener\">Erl\u00e4uterungen des Bundesrates zur Volksabstimmung vom 18.06.2023<\/a><\/p>\n<hr>\n<h3>Vorlagen Stadt Z\u00fcrich Volksabstimmung 18. Juni 2023<\/h3>\n<h3>Gegenvorschlag zur Volksinitiative \u00abEin Lohn zum Leben\u00bb: JA<\/h3>\n<p>In der Tendenz bieten Jobs, die mit Lebensnotwendigkeiten und Allt\u00e4glichkeiten \u2013 h\u00e4ufig systemrelevante T\u00e4tigkeiten \u2013 zu tun haben, eher tiefe L\u00f6hne, selbst bei hohen fachlichen Anforderungen. Dies f\u00fchrt dazu, dass in diesen Bereichen bei gewissen Funktionen kaum existenzsichernde L\u00f6hne \u00fcblich sind. Der Mindestlohn ist somit ein Beitrag zur Verminderung des Anteils von \u00abWorking Poor\u00bb in der arbeitenden Bev\u00f6lkerung.<\/p>\n<p>Es wird mit Sicherheit weitere Ans\u00e4tze brauchen \u2013 mittel- bis l\u00e4ngerfristig f\u00fchrt kein Weg am <a title=\"Bedingungsloses Grundeinkommen, Freiwilligkeit, Milizsystem \u2013 und der Neid\" href=\"https:\/\/www.umweltnetz.ch\/content\/bedingungsloses-grundeinkommen-freiwilligkeit-milizsystem-und-der-neid\" target=\"_blank\" rel=\"noopener\">bedingungslosen Grundeinkommen<\/a> vorbei!&nbsp; &nbsp;<\/p>\n<h3>Wohnraumfonds<\/h3>\n<ul>\n<li>\n<h3>Objektkredit von 100 Millionen Franken und Rahmenkredit von 200 Millionen Franken: JA<\/h3>\n<\/li>\n<li>\n<h3>\u00c4nderung der Gemeindeordnung: JA<\/h3>\n<\/li>\n<\/ul>\n<p>Raum, auch solcher f\u00fcr Wohnbauten, ist ein begrenztes, ein endliches Gut. Raum ist letztlich eine Allmende. Darum ist der derzeitige stark spekulativ gepr\u00e4gte Grundst\u00fccks- und Liegenschaftenmarkt in keiner Art und Weise nachhaltig und somit nicht zukunftsf\u00e4hig.&nbsp;<\/p>\n<p>Gemeinn\u00fctziger Wohnungsbau, wie von der Stadt Z\u00fcrich gewollt und in der Verfassung verankert, geht in die richtige Richtung, auch wenn selbst 2050 bloss ein Drittel der Wohnungen gemeinn\u00fctzige \u00abAllmende\u00bb sein soll.<\/p>\n<p>Damit dieses eher bescheidene Ziel m\u00f6glich wird, braucht es weitere F\u00f6rderinstrumente f\u00fcr den gemeinn\u00fctzigen Wohnungsbau. Die beiden Vorlagen zum Wohnraumfonds leisten einen Beitrag zur F\u00f6rderung des gemeinn\u00fctzigen Wohnungsbaus. Deshalb: JA zum Objektkredit und zum Rahmenkredit, JA zur \u00c4nderung der Gemeindeordnung!<\/p>\n<h3>Betriebsbeitr\u00e4ge Pestalozzi-Bibliothek Z\u00fcrich, j\u00e4hrliche Beitr\u00e4ge von 10,6 Millionen Franken: JA<\/h3>\n<p>Bibliotheken sind ein gutes Angebot zur gemeinschaftlichen Nutzung von Medien. Deshalb habe ich mich vor langen Jahren daf\u00fcr eingesetzt, dass die Pestalozzi-Bibliothek Heuried erhalten bleibt (siehe dazu zum Beispiel ein nicht mehr aktueller <a title=\"Pestalozzi-Bibliothek Z\u00fcrich PBZ\" href=\"https:\/\/www.umweltnetz.ch\/content\/pestalozzi-bibliothek-zurich-pbz\" target=\"_blank\" rel=\"noopener\">Blogbeitrag aus dem Jahr 2008<\/a>). Dies ist nicht gelungen, stadtdessen befindet sich die Pestalozzi-Bibliothek im Sihlcity-Areal. Dieser Wechsel war f\u00fcr mich der Ausl\u00f6ser, f\u00fcr die Nutzung diverser Medienformen zu digitalen Techniken zu wechseln. Immerhin: auch die Pestalozzi-Bibliotheken erm\u00f6glichen heute die gemeinschaftliche Nutzung digitaler Medien [dies f\u00fchrt auch \u00f6kologisch zu Vorteilen, weil nach der Lekt\u00fcre zum Beispiel eines ausgeliehenen&nbsp; ePub-Buches das Speichervolumen&nbsp; auf dem eigenen Ger\u00e4t wieder verkleinert wird].<\/p>\n<p>Die Stimmberechtigten werden zu diesem schon regelm\u00e4ssig ausbezahlten j\u00e4hrlich wiederkehrenden Beitrag befragt, weil Gemeindegesetz und Gemeindeordnung dies neu verlangen.&nbsp;<\/p>\n<h3>Ersatz-Neubau Schulanlage Saatlen, Z\u00fcrich Schwamendingen \u2013 neue einmalige Ausgaben von 231 Millionen Franken: JA<\/h3>\n<p>Eine grosse Sache, sicher! Zeitgem\u00e4sse Schulanlagen sind auch ein Zeichen der Wertsch\u00e4tzung f\u00fcr heutige&nbsp; und zuk\u00fcnftige Sch\u00fclerinnen und Sch\u00fcler. Derartige Schulanlagen sind ein Erfolgsfaktor f\u00fcr gelingende Schulausbildungen. Deshalb JA!<\/p>\n<hr>\n<p><a href=\"https:\/\/www.stadt-zuerich.ch\/portal\/de\/index\/politik_u_recht\/abstimmungen_u_wahlen\/aktuell\/230618.html\" target=\"_blank\" rel=\"noopener\">18. Juni 2023: f\u00fcnf kommunale Sachvorlagen<\/a> (Internet-Angebot Stadt Z\u00fcrich)<\/p>\n<hr>\n<h3>Neue Kirchenordnung der Katholischen K\u00f6rperschaft im Kanton Z\u00fcrich: JA&nbsp;<\/h3>\n<p>Aufgrund der \u00c4nderung des Kirchengesetzes des Kantons Z\u00fcrich im Jahr 2018 ist die Kirchenordnung der Katholischen K\u00f6rperschaft im Kanton Z\u00fcrich anzupassen. Synode (Legislative) und Synodalrat (Exekutive) der kantonalen K\u00f6rperschaft empfehlen, die neue Kirchenordnung anzunehmen, und bieten dazu sechs Argumente: mehr Gleichberechtigung, mehr Autonomie, mehr Flexibilit\u00e4t, mehr Transparenz, mehr Nachhaltigkeit, mehr Gleichbehandlung.<\/p>\n<p>&nbsp;<a href=\"http:\/\/Abstimmungsbrosch\u00fcre zur neuen Kirchenordnung\" target=\"_blank\" rel=\"noopener\">Abstimmungsbrosch\u00fcre und weitere Informationen zur neuen Kirchenordnung<\/a><\/p>\n<p><em>PS: Ich war w\u00e4hrend zwei Amtsperioden Mitglied der Synode. Derzeit bin ich Mitglied des Pfarreirates der <a href=\"https:\/\/www.st-theresia.ch\/\" target=\"_blank\" rel=\"noopener\">Pfarrei St. Theresia<\/a> im Z\u00fcrcher Friesenberg.<\/em><\/p>\n","protected":false},"excerpt":{"rendered":"<p>Am Nachmittag des 18. Juni 2023 werden in der Schweiz die Stimmzettel einer Volksabstimmung ausgez\u00e4hlt. Meine Empfehlungen zum Ausf\u00fcllen der Stimmzettel f\u00fcr die drei Vorlagen auf nationaler Ebene und die f\u00fcnf Vorlagen in der Stadt Z\u00fcrich. Plus ein Hinweis f\u00fcr die Abstimmung zur Kirchenordnung der KatholischenKirche im Kanton Z\u00fcrich.<\/p>\n","protected":false},"author":2,"featured_media":0,"comment_status":"open","ping_status":"closed","sticky":false,"template":"","format":"standard","meta":{"ngg_post_thumbnail":0,"_jetpack_newsletter_access":"","_jetpack_dont_email_post_to_subs":false,"_jetpack_newsletter_tier_id":0,"_jetpack_memberships_contains_paywalled_content":false,"_jetpack_feature_clip_id":0,"_jetpack_memberships_contains_paid_content":false,"footnotes":"","jetpack_post_was_ever_published":false},"categories":[1,4,5],"tags":[229,436,99,1118,2396,31,2394,245,128,2393],"class_list":["post-8791","post","type-post","status-publish","format-standard","hentry","category-allgemein","category-energie-und-klimaschutz","category-politik","tag-bedingungsloses-grundeinkommen-fur-alle","tag-bund","tag-demokratie","tag-eidgenossenschaft","tag-katholische-koerperschaft-im-kanton-zuerich","tag-klimaschutz","tag-klimaschutzgesetz","tag-stadt-zurich","tag-volksabstimmung","tag-volksabstimmung-18-juni-2023"],"aioseo_notices":[],"aioseo_head":"\n\t\t<!-- All in One SEO 5.0.1.1 - aioseo.com -->\n\t<meta name=\"description\" content=\"Bis zum 18.6.2023: Stimmzettel zur Volksabstimmung ausf\u00fcllen\/abgeben. Wichtig: Ein JA ZUM KLIMASCHUTZ-GESETZ als indirekter Gegenvorschlag zur Gletscherinitiative!\" \/>\n\t<meta name=\"robots\" content=\"max-image-preview:large\" \/>\n\t<meta name=\"author\" content=\"Toni W. P\u00fcntener\"\/>\n\t<link rel=\"canonical\" href=\"https:\/\/www.umweltnetz.ch\/content\/abstimmungsempfehlungen-fuer-die-volksabstimmung-vom-18-juni-2023\" \/>\n\t<meta name=\"generator\" content=\"All in One SEO (AIOSEO) 5.0.1.1\" \/>\n\t\t<meta property=\"og:locale\" content=\"de_DE\" \/>\n\t\t<meta property=\"og:site_name\" content=\"umweltnetz.ch | Umwelt und Politik - ein Internet-Angebot von Toni W. P\u00fcntener\" \/>\n\t\t<meta property=\"og:type\" content=\"article\" \/>\n\t\t<meta property=\"og:title\" content=\"Abstimmungsempfehlungen f\u00fcr die Volksabstimmung vom 18. Juni 2023\" \/>\n\t\t<meta property=\"og:description\" content=\"Bis zum 18.6.2023: Stimmzettel zur Volksabstimmung ausf\u00fcllen\/abgeben. Wichtig: Ein JA ZUM KLIMASCHUTZ-GESETZ als indirekter Gegenvorschlag zur Gletscherinitiative!\" \/>\n\t\t<meta property=\"og:url\" content=\"https:\/\/www.umweltnetz.ch\/content\/abstimmungsempfehlungen-fuer-die-volksabstimmung-vom-18-juni-2023\" \/>\n\t\t<meta property=\"article:published_time\" content=\"2023-05-20T11:33:56+00:00\" \/>\n\t\t<meta property=\"article:modified_time\" content=\"2023-05-20T11:39:18+00:00\" \/>\n\t\t<meta name=\"twitter:card\" content=\"summary\" \/>\n\t\t<meta name=\"twitter:title\" content=\"Abstimmungsempfehlungen f\u00fcr die Volksabstimmung vom 18. Juni 2023\" \/>\n\t\t<meta name=\"twitter:description\" content=\"Bis zum 18.6.2023: Stimmzettel zur Volksabstimmung ausf\u00fcllen\/abgeben. Wichtig: Ein JA ZUM KLIMASCHUTZ-GESETZ als indirekter Gegenvorschlag zur Gletscherinitiative!\" \/>\n\t\t<script type=\"application\/ld+json\" class=\"aioseo-schema\">\n\t\t\t{\"@context\":\"https:\\\/\\\/schema.org\",\"@graph\":[{\"@type\":\"Article\",\"@id\":\"https:\\\/\\\/www.umweltnetz.ch\\\/content\\\/abstimmungsempfehlungen-fuer-die-volksabstimmung-vom-18-juni-2023#article\",\"name\":\"Abstimmungsempfehlungen f\\u00fcr die Volksabstimmung vom 18. Juni 2023\",\"headline\":\"Abstimmungsempfehlungen f\\u00fcr die Volksabstimmung vom 18. Juni 2023\",\"author\":{\"@id\":\"https:\\\/\\\/www.umweltnetz.ch\\\/content\\\/author\\\/twp#author\"},\"publisher\":{\"@id\":\"https:\\\/\\\/www.umweltnetz.ch\\\/content\\\/#organization\"},\"image\":{\"@type\":\"ImageObject\",\"url\":\"https:\\\/\\\/www.umweltnetz.ch\\\/content\\\/wp-content\\\/uploads\\\/2023\\\/05\\\/abstimm_230618.jpg\",\"@id\":\"https:\\\/\\\/www.umweltnetz.ch\\\/content\\\/abstimmungsempfehlungen-fuer-die-volksabstimmung-vom-18-juni-2023\\\/#articleImage\",\"width\":400,\"height\":400},\"datePublished\":\"2023-05-20T13:33:56+02:00\",\"dateModified\":\"2023-05-20T13:39:18+02:00\",\"inLanguage\":\"de-DE\",\"mainEntityOfPage\":{\"@id\":\"https:\\\/\\\/www.umweltnetz.ch\\\/content\\\/abstimmungsempfehlungen-fuer-die-volksabstimmung-vom-18-juni-2023#webpage\"},\"isPartOf\":{\"@id\":\"https:\\\/\\\/www.umweltnetz.ch\\\/content\\\/abstimmungsempfehlungen-fuer-die-volksabstimmung-vom-18-juni-2023#webpage\"},\"articleSection\":\"Allgemein, Energie und Klimaschutz, Politik, bedingungsloses Grundeinkommen f\\u00fcr alle, Bund, Demokratie, Eidgenossenschaft, Katholische K\\u00f6rperschaft im Kanton Z\\u00fcrich, Klimaschutz, Klimaschutzgesetz, Stadt Z\\u00fcrich, Volksabstimmung, Volksabstimmung 18. Juni 2023\"},{\"@type\":\"BreadcrumbList\",\"@id\":\"https:\\\/\\\/www.umweltnetz.ch\\\/content\\\/abstimmungsempfehlungen-fuer-die-volksabstimmung-vom-18-juni-2023#breadcrumblist\",\"itemListElement\":[{\"@type\":\"ListItem\",\"@id\":\"https:\\\/\\\/www.umweltnetz.ch\\\/content#listItem\",\"position\":1,\"name\":\"Home\",\"item\":\"https:\\\/\\\/www.umweltnetz.ch\\\/content\",\"nextItem\":{\"@type\":\"ListItem\",\"@id\":\"https:\\\/\\\/www.umweltnetz.ch\\\/content\\\/category\\\/allgemein#listItem\",\"name\":\"Allgemein\"}},{\"@type\":\"ListItem\",\"@id\":\"https:\\\/\\\/www.umweltnetz.ch\\\/content\\\/category\\\/allgemein#listItem\",\"position\":2,\"name\":\"Allgemein\",\"item\":\"https:\\\/\\\/www.umweltnetz.ch\\\/content\\\/category\\\/allgemein\",\"nextItem\":{\"@type\":\"ListItem\",\"@id\":\"https:\\\/\\\/www.umweltnetz.ch\\\/content\\\/abstimmungsempfehlungen-fuer-die-volksabstimmung-vom-18-juni-2023#listItem\",\"name\":\"Abstimmungsempfehlungen f\\u00fcr die Volksabstimmung vom 18. Juni 2023\"},\"previousItem\":{\"@type\":\"ListItem\",\"@id\":\"https:\\\/\\\/www.umweltnetz.ch\\\/content#listItem\",\"name\":\"Home\"}},{\"@type\":\"ListItem\",\"@id\":\"https:\\\/\\\/www.umweltnetz.ch\\\/content\\\/abstimmungsempfehlungen-fuer-die-volksabstimmung-vom-18-juni-2023#listItem\",\"position\":3,\"name\":\"Abstimmungsempfehlungen f\\u00fcr die Volksabstimmung vom 18. Juni 2023\",\"previousItem\":{\"@type\":\"ListItem\",\"@id\":\"https:\\\/\\\/www.umweltnetz.ch\\\/content\\\/category\\\/allgemein#listItem\",\"name\":\"Allgemein\"}}]},{\"@type\":\"Organization\",\"@id\":\"https:\\\/\\\/www.umweltnetz.ch\\\/content\\\/#organization\",\"name\":\"umweltnetz.ch\",\"description\":\"Umwelt und Politik - ein Internet-Angebot von Toni W. P\\u00fcntener\",\"url\":\"https:\\\/\\\/www.umweltnetz.ch\\\/content\\\/\"},{\"@type\":\"Person\",\"@id\":\"https:\\\/\\\/www.umweltnetz.ch\\\/content\\\/author\\\/twp#author\",\"url\":\"https:\\\/\\\/www.umweltnetz.ch\\\/content\\\/author\\\/twp\",\"name\":\"Toni W. P\\u00fcntener\",\"image\":{\"@type\":\"ImageObject\",\"@id\":\"https:\\\/\\\/www.umweltnetz.ch\\\/content\\\/abstimmungsempfehlungen-fuer-die-volksabstimmung-vom-18-juni-2023#authorImage\",\"url\":\"https:\\\/\\\/secure.gravatar.com\\\/avatar\\\/b4b38790bfc673702bc7f3864264936e7baf1594c44260587ec4964490a262b9?s=96&d=mm&r=g\",\"width\":96,\"height\":96,\"caption\":\"Toni W. P\\u00fcntener\"}},{\"@type\":\"WebPage\",\"@id\":\"https:\\\/\\\/www.umweltnetz.ch\\\/content\\\/abstimmungsempfehlungen-fuer-die-volksabstimmung-vom-18-juni-2023#webpage\",\"url\":\"https:\\\/\\\/www.umweltnetz.ch\\\/content\\\/abstimmungsempfehlungen-fuer-die-volksabstimmung-vom-18-juni-2023\",\"name\":\"Abstimmungsempfehlungen f\\u00fcr die Volksabstimmung vom 18. Juni 2023\",\"description\":\"Bis zum 18.6.2023: Stimmzettel zur Volksabstimmung ausf\\u00fcllen\\\/abgeben. Wichtig: Ein JA ZUM KLIMASCHUTZ-GESETZ als indirekter Gegenvorschlag zur Gletscherinitiative!\",\"inLanguage\":\"de-DE\",\"isPartOf\":{\"@id\":\"https:\\\/\\\/www.umweltnetz.ch\\\/content\\\/#website\"},\"breadcrumb\":{\"@id\":\"https:\\\/\\\/www.umweltnetz.ch\\\/content\\\/abstimmungsempfehlungen-fuer-die-volksabstimmung-vom-18-juni-2023#breadcrumblist\"},\"author\":{\"@id\":\"https:\\\/\\\/www.umweltnetz.ch\\\/content\\\/author\\\/twp#author\"},\"creator\":{\"@id\":\"https:\\\/\\\/www.umweltnetz.ch\\\/content\\\/author\\\/twp#author\"},\"datePublished\":\"2023-05-20T13:33:56+02:00\",\"dateModified\":\"2023-05-20T13:39:18+02:00\"},{\"@type\":\"WebSite\",\"@id\":\"https:\\\/\\\/www.umweltnetz.ch\\\/content\\\/#website\",\"url\":\"https:\\\/\\\/www.umweltnetz.ch\\\/content\\\/\",\"name\":\"umweltnetz.ch\",\"description\":\"Umwelt und Politik - ein Internet-Angebot von Toni W. P\\u00fcntener\",\"inLanguage\":\"de-DE\",\"publisher\":{\"@id\":\"https:\\\/\\\/www.umweltnetz.ch\\\/content\\\/#organization\"}}]}\n\t\t<\/script>\n\t\t<!-- All in One SEO -->\n\n","aioseo_head_json":{"title":"Abstimmungsempfehlungen f\u00fcr die Volksabstimmung vom 18. Juni 2023","description":"Bis zum 18.6.2023: Stimmzettel zur Volksabstimmung ausf\u00fcllen\/abgeben. Wichtig: Ein JA ZUM KLIMASCHUTZ-GESETZ als indirekter Gegenvorschlag zur Gletscherinitiative!","canonical_url":"https:\/\/www.umweltnetz.ch\/content\/abstimmungsempfehlungen-fuer-die-volksabstimmung-vom-18-juni-2023","robots":"max-image-preview:large","keywords":"","webmasterTools":{"miscellaneous":""},"schema":{"@context":"https:\/\/schema.org","@graph":[{"@type":"Article","@id":"https:\/\/www.umweltnetz.ch\/content\/abstimmungsempfehlungen-fuer-die-volksabstimmung-vom-18-juni-2023#article","name":"Abstimmungsempfehlungen f\u00fcr die Volksabstimmung vom 18. Juni 2023","headline":"Abstimmungsempfehlungen f\u00fcr die Volksabstimmung vom 18. Juni 2023","author":{"@id":"https:\/\/www.umweltnetz.ch\/content\/author\/twp#author"},"publisher":{"@id":"https:\/\/www.umweltnetz.ch\/content\/#organization"},"image":{"@type":"ImageObject","url":"https:\/\/www.umweltnetz.ch\/content\/wp-content\/uploads\/2023\/05\/abstimm_230618.jpg","@id":"https:\/\/www.umweltnetz.ch\/content\/abstimmungsempfehlungen-fuer-die-volksabstimmung-vom-18-juni-2023\/#articleImage","width":400,"height":400},"datePublished":"2023-05-20T13:33:56+02:00","dateModified":"2023-05-20T13:39:18+02:00","inLanguage":"de-DE","mainEntityOfPage":{"@id":"https:\/\/www.umweltnetz.ch\/content\/abstimmungsempfehlungen-fuer-die-volksabstimmung-vom-18-juni-2023#webpage"},"isPartOf":{"@id":"https:\/\/www.umweltnetz.ch\/content\/abstimmungsempfehlungen-fuer-die-volksabstimmung-vom-18-juni-2023#webpage"},"articleSection":"Allgemein, Energie und Klimaschutz, Politik, bedingungsloses Grundeinkommen f\u00fcr alle, Bund, Demokratie, Eidgenossenschaft, Katholische K\u00f6rperschaft im Kanton Z\u00fcrich, Klimaschutz, Klimaschutzgesetz, Stadt Z\u00fcrich, Volksabstimmung, Volksabstimmung 18. Juni 2023"},{"@type":"BreadcrumbList","@id":"https:\/\/www.umweltnetz.ch\/content\/abstimmungsempfehlungen-fuer-die-volksabstimmung-vom-18-juni-2023#breadcrumblist","itemListElement":[{"@type":"ListItem","@id":"https:\/\/www.umweltnetz.ch\/content#listItem","position":1,"name":"Home","item":"https:\/\/www.umweltnetz.ch\/content","nextItem":{"@type":"ListItem","@id":"https:\/\/www.umweltnetz.ch\/content\/category\/allgemein#listItem","name":"Allgemein"}},{"@type":"ListItem","@id":"https:\/\/www.umweltnetz.ch\/content\/category\/allgemein#listItem","position":2,"name":"Allgemein","item":"https:\/\/www.umweltnetz.ch\/content\/category\/allgemein","nextItem":{"@type":"ListItem","@id":"https:\/\/www.umweltnetz.ch\/content\/abstimmungsempfehlungen-fuer-die-volksabstimmung-vom-18-juni-2023#listItem","name":"Abstimmungsempfehlungen f\u00fcr die Volksabstimmung vom 18. Juni 2023"},"previousItem":{"@type":"ListItem","@id":"https:\/\/www.umweltnetz.ch\/content#listItem","name":"Home"}},{"@type":"ListItem","@id":"https:\/\/www.umweltnetz.ch\/content\/abstimmungsempfehlungen-fuer-die-volksabstimmung-vom-18-juni-2023#listItem","position":3,"name":"Abstimmungsempfehlungen f\u00fcr die Volksabstimmung vom 18. Juni 2023","previousItem":{"@type":"ListItem","@id":"https:\/\/www.umweltnetz.ch\/content\/category\/allgemein#listItem","name":"Allgemein"}}]},{"@type":"Organization","@id":"https:\/\/www.umweltnetz.ch\/content\/#organization","name":"umweltnetz.ch","description":"Umwelt und Politik - ein Internet-Angebot von Toni W. P\u00fcntener","url":"https:\/\/www.umweltnetz.ch\/content\/"},{"@type":"Person","@id":"https:\/\/www.umweltnetz.ch\/content\/author\/twp#author","url":"https:\/\/www.umweltnetz.ch\/content\/author\/twp","name":"Toni W. P\u00fcntener","image":{"@type":"ImageObject","@id":"https:\/\/www.umweltnetz.ch\/content\/abstimmungsempfehlungen-fuer-die-volksabstimmung-vom-18-juni-2023#authorImage","url":"https:\/\/secure.gravatar.com\/avatar\/b4b38790bfc673702bc7f3864264936e7baf1594c44260587ec4964490a262b9?s=96&d=mm&r=g","width":96,"height":96,"caption":"Toni W. P\u00fcntener"}},{"@type":"WebPage","@id":"https:\/\/www.umweltnetz.ch\/content\/abstimmungsempfehlungen-fuer-die-volksabstimmung-vom-18-juni-2023#webpage","url":"https:\/\/www.umweltnetz.ch\/content\/abstimmungsempfehlungen-fuer-die-volksabstimmung-vom-18-juni-2023","name":"Abstimmungsempfehlungen f\u00fcr die Volksabstimmung vom 18. Juni 2023","description":"Bis zum 18.6.2023: Stimmzettel zur Volksabstimmung ausf\u00fcllen\/abgeben. Wichtig: Ein JA ZUM KLIMASCHUTZ-GESETZ als indirekter Gegenvorschlag zur Gletscherinitiative!","inLanguage":"de-DE","isPartOf":{"@id":"https:\/\/www.umweltnetz.ch\/content\/#website"},"breadcrumb":{"@id":"https:\/\/www.umweltnetz.ch\/content\/abstimmungsempfehlungen-fuer-die-volksabstimmung-vom-18-juni-2023#breadcrumblist"},"author":{"@id":"https:\/\/www.umweltnetz.ch\/content\/author\/twp#author"},"creator":{"@id":"https:\/\/www.umweltnetz.ch\/content\/author\/twp#author"},"datePublished":"2023-05-20T13:33:56+02:00","dateModified":"2023-05-20T13:39:18+02:00"},{"@type":"WebSite","@id":"https:\/\/www.umweltnetz.ch\/content\/#website","url":"https:\/\/www.umweltnetz.ch\/content\/","name":"umweltnetz.ch","description":"Umwelt und Politik - ein Internet-Angebot von Toni W. P\u00fcntener","inLanguage":"de-DE","publisher":{"@id":"https:\/\/www.umweltnetz.ch\/content\/#organization"}}]},"og:locale":"de_DE","og:site_name":"umweltnetz.ch | Umwelt und Politik - ein Internet-Angebot von Toni W. P\u00fcntener","og:type":"article","og:title":"Abstimmungsempfehlungen f\u00fcr die Volksabstimmung vom 18. Juni 2023","og:description":"Bis zum 18.6.2023: Stimmzettel zur Volksabstimmung ausf\u00fcllen\/abgeben. Wichtig: Ein JA ZUM KLIMASCHUTZ-GESETZ als indirekter Gegenvorschlag zur Gletscherinitiative!","og:url":"https:\/\/www.umweltnetz.ch\/content\/abstimmungsempfehlungen-fuer-die-volksabstimmung-vom-18-juni-2023","article:published_time":"2023-05-20T11:33:56+00:00","article:modified_time":"2023-05-20T11:39:18+00:00","twitter:card":"summary","twitter:title":"Abstimmungsempfehlungen f\u00fcr die Volksabstimmung vom 18. Juni 2023","twitter:description":"Bis zum 18.6.2023: Stimmzettel zur Volksabstimmung ausf\u00fcllen\/abgeben. Wichtig: Ein JA ZUM KLIMASCHUTZ-GESETZ als indirekter Gegenvorschlag zur Gletscherinitiative!"},"aioseo_meta_data":{"post_id":"8791","title":"#post_title","description":"Bis zum 18.6.2023: Stimmzettel zur Volksabstimmung ausf\u00fcllen\/abgeben. Wichtig: Ein JA ZUM KLIMASCHUTZ-GESETZ als indirekter Gegenvorschlag zur Gletscherinitiative!","keywords":[],"keyphrases":{"focus":{"keyphrase":"","score":0,"analysis":{"keyphraseInTitle":{"score":0,"maxScore":9,"error":1}}},"additional":[]},"primary_term":null,"canonical_url":null,"og_title":null,"og_description":null,"og_object_type":"default","og_image_type":"default","og_image_url":null,"og_image_width":null,"og_image_height":null,"og_image_custom_url":null,"og_image_custom_fields":null,"og_video":"","og_custom_url":null,"og_article_section":null,"og_article_tags":[],"twitter_use_og":false,"twitter_card":"default","twitter_image_type":"default","twitter_image_url":null,"twitter_image_custom_url":null,"twitter_image_custom_fields":null,"twitter_title":null,"twitter_description":null,"schema":{"blockGraphs":[],"customGraphs":[],"default":{"data":{"Article":[],"Course":[],"Dataset":[],"FAQPage":[],"Movie":[],"Person":[],"Product":[],"ProductReview":[],"Car":[],"Recipe":[],"Service":[],"SoftwareApplication":[],"WebPage":[]},"graphName":"","isEnabled":true},"graphs":[]},"schema_type":"default","schema_type_options":null,"pillar_content":false,"robots_default":true,"robots_noindex":false,"robots_noarchive":false,"robots_nosnippet":false,"robots_nofollow":false,"robots_noimageindex":false,"robots_noodp":false,"robots_notranslate":false,"robots_max_snippet":"-1","robots_max_videopreview":"-1","robots_max_imagepreview":"large","priority":null,"frequency":"default","location":null,"local_seo":null,"breadcrumb_settings":null,"limit_modified_date":false,"ai":null,"created":"2023-05-19 18:20:34","updated":"2025-06-03 22:07:47","seo_analyzer_scan_date":null,"focus_keyword":null,"additional_keywords":null,"truseo_locale":null},"aioseo_breadcrumb":"<div class=\"aioseo-breadcrumbs\"><span class=\"aioseo-breadcrumb\">\n\t\t\t<a href=\"https:\/\/www.umweltnetz.ch\/content\" title=\"Home\">Home<\/a>\n\t\t<\/span><span class=\"aioseo-breadcrumb-separator\">&raquo;<\/span><span class=\"aioseo-breadcrumb\">\n\t\t\t<a href=\"https:\/\/www.umweltnetz.ch\/content\/category\/allgemein\" title=\"Allgemein\">Allgemein<\/a>\n\t\t<\/span><span class=\"aioseo-breadcrumb-separator\">&raquo;<\/span><span class=\"aioseo-breadcrumb\">\n\t\t\tAbstimmungsempfehlungen f\u00fcr die Volksabstimmung vom 18. Juni 2023\n\t\t<\/span><\/div>","aioseo_breadcrumb_json":[{"label":"Home","link":"https:\/\/www.umweltnetz.ch\/content"},{"label":"Allgemein","link":"https:\/\/www.umweltnetz.ch\/content\/category\/allgemein"},{"label":"Abstimmungsempfehlungen f\u00fcr die Volksabstimmung vom 18. Juni 2023","link":"https:\/\/www.umweltnetz.ch\/content\/abstimmungsempfehlungen-fuer-die-volksabstimmung-vom-18-juni-2023"}],"jetpack_sharing_enabled":true,"jetpack_featured_media_url":"","_links":{"self":[{"href":"https:\/\/www.umweltnetz.ch\/content\/wp-json\/wp\/v2\/posts\/8791","targetHints":{"allow":["GET"]}}],"collection":[{"href":"https:\/\/www.umweltnetz.ch\/content\/wp-json\/wp\/v2\/posts"}],"about":[{"href":"https:\/\/www.umweltnetz.ch\/content\/wp-json\/wp\/v2\/types\/post"}],"author":[{"embeddable":true,"href":"https:\/\/www.umweltnetz.ch\/content\/wp-json\/wp\/v2\/users\/2"}],"replies":[{"embeddable":true,"href":"https:\/\/www.umweltnetz.ch\/content\/wp-json\/wp\/v2\/comments?post=8791"}],"version-history":[{"count":11,"href":"https:\/\/www.umweltnetz.ch\/content\/wp-json\/wp\/v2\/posts\/8791\/revisions"}],"predecessor-version":[{"id":8804,"href":"https:\/\/www.umweltnetz.ch\/content\/wp-json\/wp\/v2\/posts\/8791\/revisions\/8804"}],"wp:attachment":[{"href":"https:\/\/www.umweltnetz.ch\/content\/wp-json\/wp\/v2\/media?parent=8791"}],"wp:term":[{"taxonomy":"category","embeddable":true,"href":"https:\/\/www.umweltnetz.ch\/content\/wp-json\/wp\/v2\/categories?post=8791"},{"taxonomy":"post_tag","embeddable":true,"href":"https:\/\/www.umweltnetz.ch\/content\/wp-json\/wp\/v2\/tags?post=8791"}],"curies":[{"name":"wp","href":"https:\/\/api.w.org\/{rel}","templated":true}]}}