{"id":8752,"date":"2023-01-28T12:51:37","date_gmt":"2023-01-28T11:51:37","guid":{"rendered":"https:\/\/www.umweltnetz.ch\/content\/?p=8752"},"modified":"2023-01-28T18:32:12","modified_gmt":"2023-01-28T17:32:12","slug":"wahlen-kantonsrat-und-regierungsrat-kanton-zuerich-am-12-februar-2023","status":"publish","type":"post","link":"https:\/\/www.umweltnetz.ch\/content\/wahlen-kantonsrat-und-regierungsrat-kanton-zuerich-am-12-februar-2023","title":{"rendered":"Wahlen Kantonsrat und Regierungsrat Kanton Z\u00fcrich am 12. Februar 2023"},"content":{"rendered":"\n\n\n<p><img loading=\"lazy\" decoding=\"async\" class=\"size-full wp-image-8753 alignleft\" src=\"https:\/\/www.umweltnetz.ch\/content\/wp-content\/uploads\/2023\/01\/rr1923_dsb.jpg\" alt=\"\" width=\"450\" height=\"450\" srcset=\"https:\/\/www.umweltnetz.ch\/content\/wp-content\/uploads\/2023\/01\/rr1923_dsb.jpg 450w, https:\/\/www.umweltnetz.ch\/content\/wp-content\/uploads\/2023\/01\/rr1923_dsb-300x300.jpg 300w, https:\/\/www.umweltnetz.ch\/content\/wp-content\/uploads\/2023\/01\/rr1923_dsb-150x150.jpg 150w, https:\/\/www.umweltnetz.ch\/content\/wp-content\/uploads\/2023\/01\/rr1923_dsb-120x120.jpg 120w\" sizes=\"auto, (max-width: 450px) 85vw, 450px\" \/>Am 12. Februar 2023 ist es wieder so weit: die von den Wahlberechtigten eingereichten Wahlzettel f\u00fcr den Z\u00fcrcher Kantonsrat und den Z\u00fcrcher Regierungsrat werden ausgez\u00e4hlt. Allenfalls ist das Durchschnittsbild des Z\u00fcrcher Regierungsrates 2019 bis 2023 ein Anstoss zur Teilnahme an dieser Wahl. &nbsp;<\/p>\n<p><!--more--><\/p>\n<h3>Wichtig: an den Wahlen teilnehmen!<\/h3>\n<p>Legislative (Kantonsrat) und Exekutive (Regierungsrat) haben auch auf kantonaler Ebene eine beachtliche Bedeutung f\u00fcr die zuk\u00fcnftige Entwicklung. Darum ist es wichtig, dass Parlament und Regierung von m\u00f6glichst vielen Wahlberechtigten gew\u00e4hlt werden.&nbsp; &nbsp;<\/p>\n<h3>Zum \u00abBlickfang\u00bb-Bild<\/h3>\n<p>Die 2019 gew\u00e4hlten vier Regierungsr\u00e4tinnen und drei Regierungsr\u00e4tinnen m\u00f6chten sich gerne nochmals w\u00e4hlen lassen \u2013 \u00abbisher\u00bb f\u00fchrt zu hohen Wahlchancen. Somit besteht eine gewisse Wahrscheinlichkeit, dass das Durchschnittsbild des Z\u00fcrcher Regierungsrates auch nach den Wahlen am 12. Februar so aussieht. PS: Hier weitere Infos zu <a title=\"Spielen mit dem (Farben-)Durchschnitt\" href=\"https:\/\/www.umweltnetz.ch\/content\/spielen-mit-dem-farben-durchschnitt\" target=\"_blank\" rel=\"noopener\">Durchschnittsbildern<\/a>.<\/p>\n<h3>Einige Anmerkungen &nbsp;<\/h3>\n<p>\u00abSie haben es in den letzten vier Jahren gut gemacht\u00bb ist nur beschr\u00e4nkt ein Kriterium f\u00fcr die Wiederwahl, vor allem, weil \u00abgut machen\u00bb \u00fcberwiegend eine subjektive Einsch\u00e4tzung ist, und vor allem ein R\u00fcckblick. Zentral ist es, wie Regierungsr\u00e4tinnen und Regierungsr\u00e4te (und auch Kantonsr\u00e4tinnen und Kantonsr\u00e4te) mit zuk\u00fcnftigen Herausforderungen umgehen werden.<\/p>\n<p>Denn: nicht nur in der Klima- und Menschenschutzpolitik geht es um \u00ab<a title=\"Klimakrise-Reaktionen schnell, weitreichend und beispiellos\" href=\"https:\/\/www.umweltnetz.ch\/content\/klimakrise-reaktionen-schnell-weitreichend-und-beispiellos\" target=\"_blank\" rel=\"noopener\">schnelle, weitreichende und beispiellose Ver\u00e4nderungen in allen Bereichen der Gesellschaft<\/a>\u00bb, damit gute zuk\u00fcnftige Entwicklungen zur Enkelinnen-, Enkel-, Urenkelinnen- und Urenkel-Tauglichkeit in Gang gebracht werden k\u00f6nnen.&nbsp; Linke und gr\u00fcne Gruppierungen sind eher in diese Richtung unterwegs, w\u00e4hrend \u00abmittlere\u00bb und rechte Parteien sich vorwiegend am Egoismus, marketingm\u00e4ssig als \u00abEigenverantwortung\u00bb deklariert, orientieren. Deren Perspektiven reichen dabei h\u00e4ufig nicht weiter als bis zum n\u00e4chsten Quartalsabschluss. Regierungsrat Dr. Martin Neukom steht f\u00fcr mich beispielhaft, wie ein Regierungsmitglied zu wirken hat!<\/p>\n<p>Eigentlich in keiner Art und Weise w\u00e4hlbar sind Kandidierende der $VP \u2013 dies ist eine Organisation ausserhalb jeder Interpretation eines demokratischen Rechtsstaates. Korrekterweise ist die <a title=\"$VP-L\u00fcgen-Referendum: SO NICHT!\" href=\"https:\/\/www.umweltnetz.ch\/content\/vp-luegen-referendum-so-nicht\" target=\"_blank\" rel=\"noopener\">$VP als Propaganda-L\u00fcgen-Firma<\/a> aus dem Feld der Gelddiktatur zu bezeichnen. Der demokratische Rechtsstaat hat daf\u00fcr zu sorgen, dass L\u00fcgen und derartige Dinge keinen Raum mehr finden in den politischen Debatten.<\/p>\n<p>Generell ist die Politik gepr\u00e4gt von sehr viel Geld, etwa in Werbemittel investiert. Typisch f\u00fcr die Gelddominanz bei Wahlen und Abstimmungen sind beispielsweise die <a href=\"https:\/\/www.tagesanzeiger.ch\/fdp-flyer-im-wahlcouvert-eine-saubere-wahl-ist-nicht-mehr-moeglich-884651206221\" target=\"_blank\" rel=\"noopener\">FDP-Flyer in den Wahlcouverts der Gemeinde Geroldswil<\/a>. Es ist zwingend, dass so rasch als m\u00f6glich eine umfassende Transparenz \u00fcber die von den einzelnen Parteien in Wahl- und Abstimmungs-Propaganda investierten Finanzmittel hergestellt wird; dazu geh\u00f6rt auch die Deklaration der Herkunft der Gelder.<\/p>\n<h3>Keine konkreten Wahlempfehlungen<\/h3>\n<p>\u00dcber diese allgemeinen Anmerkungen hinaus verzichte ich auf weitergehende Wahlempfehlungen. <strong>Wichtig: an den Wahlen teilnehmen! <\/strong>Und nach M\u00f6glichkeit alle Linien der Wahlzettel ausf\u00fcllen. <strong><br><\/strong><\/p>\n<p>In der Stadt Z\u00fcrich m\u00fcssen die Wahlzettel bis am Dienstag vor dem Ausz\u00e4hl-Sonntag in den Postbriefkasten (vor dem Leerungszeitpunkt), also f\u00fcr die diesj\u00e4hrigen Kantons- und Regierungsratswahlen sp\u00e4testes am 7. Februar 2023, eingeworfen werden. Weitere Informationen zur Teilnahme an den kantonalen Wahlen finden sich auf der <a href=\"https:\/\/www.stadt-zuerich.ch\/portal\/de\/index\/politik_u_recht\/abstimmungen_u_wahlen\/allgemeine-information.html\" target=\"_blank\" rel=\"noopener\">st\u00e4dtischen Internet-Seite<\/a>.&nbsp;<\/p>\n","protected":false},"excerpt":{"rendered":"<p>Am 12. Februar 2023 ist es wieder so weit: die von den Wahlberechtigten eingereichten Wahlzettel f\u00fcr den Z\u00fcrcher Kantonsrat und den Z\u00fcrcher Regierungsrat werden ausgez\u00e4hlt. Allenfalls ist das Durchschnittsbild des Z\u00fcrcher Regierungsrates 2019 bis 2023 ein Anstoss zur Teilnahme an dieser Wahl. &nbsp;<\/p>\n","protected":false},"author":2,"featured_media":0,"comment_status":"open","ping_status":"closed","sticky":false,"template":"","format":"standard","meta":{"ngg_post_thumbnail":0,"_jetpack_memberships_contains_paid_content":false,"footnotes":""},"categories":[1],"tags":[2382,2361,179,290,2381,787,356],"class_list":["post-8752","post","type-post","status-publish","format-standard","hentry","category-allgemein","tag-12-februar-2023","tag-2361","tag-kantonsrat","tag-regierungsrat","tag-wahlen-kanton-zuerich","tag-zurcher-kantonsrat","tag-zurcher-regierungsrat"],"aioseo_notices":[],"jetpack_featured_media_url":"","jetpack_sharing_enabled":true,"_links":{"self":[{"href":"https:\/\/www.umweltnetz.ch\/content\/wp-json\/wp\/v2\/posts\/8752","targetHints":{"allow":["GET"]}}],"collection":[{"href":"https:\/\/www.umweltnetz.ch\/content\/wp-json\/wp\/v2\/posts"}],"about":[{"href":"https:\/\/www.umweltnetz.ch\/content\/wp-json\/wp\/v2\/types\/post"}],"author":[{"embeddable":true,"href":"https:\/\/www.umweltnetz.ch\/content\/wp-json\/wp\/v2\/users\/2"}],"replies":[{"embeddable":true,"href":"https:\/\/www.umweltnetz.ch\/content\/wp-json\/wp\/v2\/comments?post=8752"}],"version-history":[{"count":5,"href":"https:\/\/www.umweltnetz.ch\/content\/wp-json\/wp\/v2\/posts\/8752\/revisions"}],"predecessor-version":[{"id":8760,"href":"https:\/\/www.umweltnetz.ch\/content\/wp-json\/wp\/v2\/posts\/8752\/revisions\/8760"}],"wp:attachment":[{"href":"https:\/\/www.umweltnetz.ch\/content\/wp-json\/wp\/v2\/media?parent=8752"}],"wp:term":[{"taxonomy":"category","embeddable":true,"href":"https:\/\/www.umweltnetz.ch\/content\/wp-json\/wp\/v2\/categories?post=8752"},{"taxonomy":"post_tag","embeddable":true,"href":"https:\/\/www.umweltnetz.ch\/content\/wp-json\/wp\/v2\/tags?post=8752"}],"curies":[{"name":"wp","href":"https:\/\/api.w.org\/{rel}","templated":true}]}}