{"id":7978,"date":"2020-05-20T14:31:10","date_gmt":"2020-05-20T12:31:10","guid":{"rendered":"https:\/\/www.umweltnetz.ch\/content\/?p=7978"},"modified":"2020-05-22T15:52:39","modified_gmt":"2020-05-22T13:52:39","slug":"auftakt-zum-weltbienentag-bienenschwarm-im-wohnquartier","status":"publish","type":"post","link":"https:\/\/www.umweltnetz.ch\/content\/auftakt-zum-weltbienentag-bienenschwarm-im-wohnquartier","title":{"rendered":"Auftakt zum #Weltbienentag: Bienenschwarm im Wohnquartier"},"content":{"rendered":"\n<p><img loading=\"lazy\" decoding=\"async\" class=\"alignleft size-full wp-image-7877\" src=\"https:\/\/www.umweltnetz.ch\/content\/wp-content\/uploads\/2020\/04\/momentaufnahme.jpg\" alt=\"\" width=\"200\" height=\"200\" srcset=\"https:\/\/www.umweltnetz.ch\/content\/wp-content\/uploads\/2020\/04\/momentaufnahme.jpg 200w, https:\/\/www.umweltnetz.ch\/content\/wp-content\/uploads\/2020\/04\/momentaufnahme-150x150.jpg 150w\" sizes=\"auto, (max-width: 200px) 85vw, 200px\" \/>Honigbienen haben \u2013 zus\u00e4tzlich zum von ihnen hergestellten genussreichen Honig \u2013 eine hohe Bedeutung f\u00fcr die Best\u00e4ubung von Bl\u00fcten. Honigbienen gelten daher als Nutztiere. Viele andere Bienenarten sind ebenfalls von grossem Nutzen sowohl f\u00fcr die Natur wie f\u00fcr den Menschen. Diese Bedeutung ist sicher eine gute Begr\u00fcndung f\u00fcr den Weltbienentag jeweils am 20. Mai \u2013 damit auch zuk\u00fcnftige Generationen sich an den Leistungen der vielen Bienen erfreuen k\u00f6nnen.<\/p>\n<p><!--more--> Als eine Art Einleitung hatte ich am Vortag des Weltbienentages 2020 ein Erlebnis mit Bienen in meinem Wohnquartier.&nbsp;<\/p>\n<p>Wie ich sp\u00e4ter von NachbarInnen erfahren haben, zog am sp\u00e4teren Vormittag pl\u00f6tzlich eine grosse Wolke von Bienen durchs Quartier. Als ich kurz vor Mittag vor der T\u00fcr des Wohnhauses stand, wurde ich von einem Passanten auf einen Bienenschwarm oben in einer F\u00f6hre der Umgebungsbepflanzung aufmerksam gemacht.<\/p>\n<p>Im Dokument <a id=\"bienenschwaerme_wiereagieren\" class=\"downloadlink icon_document\" title=\"Bienenschw\u00e4rme \u2013 Wie reagieren?\" href=\"https:\/\/www.stadt-zuerich.ch\/content\/dam\/stzh\/gud\/Deutsch\/UGZ\/gesundheitsschutz\/schaedlingsberatung\/dokumente\/schaedlinge\/MB_SPB_Bienenschwaerme.pdf\" target=\"_blank\" rel=\"nofollow noopener noreferrer\">Bienenschw\u00e4rme \u2013 Wie reagieren?<\/a> der <a href=\"https:\/\/www.stadt-zuerich.ch\/gud\/de\/index\/gesundheitsschutz\/schaedlingspraevention.html#\" target=\"_blank\" rel=\"noopener noreferrer\">\u00abSch\u00e4dlingspr\u00e4vention und -beratung\u00bb<\/a> der Stadt Z\u00fcrich ist festgehalten, wie bei Sichtung eines Bienenschwarms vorzugehen ist: \u00ab<em>Wenn Sie einen Bienenschwarm sehen, verst\u00e4ndigen Sie in der Stadt Z\u00fcrich so bald wie m\u00f6glich die Feuerwehr (Einsatzzentrale Schutz &amp; Rettung: Tel. 118) \u2026<\/em>\u00bb. Das habe ich gemacht \u2013 mit der Information, dass in den n\u00e4chsten Stunden ein Team der Berufsfeuerwehr vorbeikommen w\u00fcrde.<\/p>\n<p>Nur wenige Bienen flogen ohne Hektik um den Schwarm oben im Baum. Dies bot mir die Gelegenheit, diese Bienenansammlung fotografisch festzuhalten.<\/p>\n<p><img loading=\"lazy\" decoding=\"async\" class=\"size-full wp-image-7980 aligncenter\" src=\"https:\/\/www.umweltnetz.ch\/content\/wp-content\/uploads\/2020\/05\/200519_1764.jpg\" alt=\"\" width=\"600\" height=\"600\" srcset=\"https:\/\/www.umweltnetz.ch\/content\/wp-content\/uploads\/2020\/05\/200519_1764.jpg 600w, https:\/\/www.umweltnetz.ch\/content\/wp-content\/uploads\/2020\/05\/200519_1764-300x300.jpg 300w, https:\/\/www.umweltnetz.ch\/content\/wp-content\/uploads\/2020\/05\/200519_1764-150x150.jpg 150w\" sizes=\"auto, (max-width: 709px) 85vw, (max-width: 909px) 67vw, (max-width: 984px) 61vw, (max-width: 1362px) 45vw, 600px\" \/><\/p>\n<p>Als ich zuf\u00e4llig mitte Nachmittag nach aussen ging, bereiteten sich zwei Feuerwehrm\u00e4nner auf den Einsatz vor. Sie waren gerade dabei, die speziellen ImkerInnen-Schutzanz\u00fcge anzuziehen. Kurz darauf stand einer der M\u00e4nner auf einer Leiter, sein Kollege reichte ihm eine grosse Holzkiste nach oben. Nach wenigen Handschl\u00e4gen auf den Ast oberhalb des Schwarmes liessen sich die Bienen in den Holzkasten fallen, einige schwirrten um die M\u00e4nner in ihren Schutzanz\u00fcgen herum.<\/p>\n<p><img loading=\"lazy\" decoding=\"async\" class=\"size-full wp-image-7979 aligncenter\" src=\"https:\/\/www.umweltnetz.ch\/content\/wp-content\/uploads\/2020\/05\/200519_1775.jpg\" alt=\"\" width=\"600\" height=\"600\" srcset=\"https:\/\/www.umweltnetz.ch\/content\/wp-content\/uploads\/2020\/05\/200519_1775.jpg 600w, https:\/\/www.umweltnetz.ch\/content\/wp-content\/uploads\/2020\/05\/200519_1775-300x300.jpg 300w, https:\/\/www.umweltnetz.ch\/content\/wp-content\/uploads\/2020\/05\/200519_1775-150x150.jpg 150w\" sizes=\"auto, (max-width: 709px) 85vw, (max-width: 909px) 67vw, (max-width: 984px) 61vw, (max-width: 1362px) 45vw, 600px\" \/><\/p>\n<p>Mit einem speziellen Duftstoff wurde der urspr\u00fcngliche Sammelort eingespr\u00fcht \u2013 die Kiste mit der K\u00f6nigin, unter dem Baum abgestellt, sollte der neue Wunschort des Schwarmes werden.&nbsp;<\/p>\n<p>Eine Stunde sp\u00e4ter war es bereits ziemlich ruhig um die Kiste; nur wenige Bienen waren in der N\u00e4he unterwegs. Keine Bienen waren mehr unterwegs, als die Feuerwehrm\u00e4nner \u2013 vielen Dank f\u00fcr die Arbeit! \u2013 deutlich nach Eindunkeln die nun mit einem Gitter verschlossene Kiste abholten.<\/p>\n<p>Der eingefangene Schwarm war bereit, um am Weltbienentag an eine Imkerin oder einen Imker vermittelt zu werden.<\/p>\n<p>Somit ist davon auszugehen, dass auch dieser Bienenschwarm bald wieder dazu beitr\u00e4gt, auf Stadtgebiet Bl\u00fcten zu best\u00e4uben \u2013 und vielleicht sogar einige Gl\u00e4ser Honig zu produzieren!<\/p>\n","protected":false},"excerpt":{"rendered":"<p>Honigbienen haben \u2013 zus\u00e4tzlich zum von ihnen hergestellten genussreichen Honig \u2013 eine hohe Bedeutung f\u00fcr die Best\u00e4ubung von Bl\u00fcten. Honigbienen gelten daher als Nutztiere. Viele andere Bienenarten sind ebenfalls von grossem Nutzen sowohl f\u00fcr die Natur wie f\u00fcr den Menschen. Diese Bedeutung ist sicher eine gute Begr\u00fcndung f\u00fcr den Weltbienentag jeweils am 20. Mai \u2013 &hellip; <a href=\"https:\/\/www.umweltnetz.ch\/content\/auftakt-zum-weltbienentag-bienenschwarm-im-wohnquartier\" class=\"more-link\"><span class=\"screen-reader-text\">\u201eAuftakt zum #Weltbienentag: Bienenschwarm im Wohnquartier\u201c <\/span>weiterlesen<\/a><\/p>\n","protected":false},"author":2,"featured_media":0,"comment_status":"open","ping_status":"closed","sticky":false,"template":"","format":"standard","meta":{"ngg_post_thumbnail":0,"_jetpack_newsletter_access":"","_jetpack_dont_email_post_to_subs":false,"_jetpack_newsletter_tier_id":0,"_jetpack_memberships_contains_paywalled_content":false,"_jetpack_feature_clip_id":0,"_jetpack_memberships_contains_paid_content":false,"footnotes":"","jetpack_post_was_ever_published":false},"categories":[1,7],"tags":[2231,2229,2230],"class_list":["post-7978","post","type-post","status-publish","format-standard","hentry","category-allgemein","category-internet","tag-schutzrettungzh","tag-weltbienentag","tag-worldbeeday"],"aioseo_notices":[],"aioseo_head":"\n\t\t<!-- All in One SEO 5.0.1.1 - aioseo.com -->\n\t<meta name=\"description\" content=\"Am Tag vor dem Weltbienentag: im Friesenbergquartier ist ein Bienenschwarm unterwegs, l\u00e4sst sich in einem Bau nieder und wird von der Feuerwehr eingesammelt.\" \/>\n\t<meta name=\"robots\" content=\"max-image-preview:large\" \/>\n\t<meta name=\"author\" content=\"Toni W. P\u00fcntener\"\/>\n\t<link rel=\"canonical\" href=\"https:\/\/www.umweltnetz.ch\/content\/auftakt-zum-weltbienentag-bienenschwarm-im-wohnquartier\" \/>\n\t<meta name=\"generator\" content=\"All in One SEO (AIOSEO) 5.0.1.1\" \/>\n\t\t<meta property=\"og:locale\" content=\"de_DE\" \/>\n\t\t<meta property=\"og:site_name\" content=\"umweltnetz.ch | Umwelt und Politik - ein Internet-Angebot von Toni W. P\u00fcntener\" \/>\n\t\t<meta property=\"og:type\" content=\"article\" \/>\n\t\t<meta property=\"og:title\" content=\"Auftakt zum #Weltbienentag: Bienenschwarm im Wohnquartier | umweltnetz.ch\" \/>\n\t\t<meta property=\"og:description\" content=\"Am Tag vor dem Weltbienentag: im Friesenbergquartier ist ein Bienenschwarm unterwegs, l\u00e4sst sich in einem Bau nieder und wird von der Feuerwehr eingesammelt.\" \/>\n\t\t<meta property=\"og:url\" content=\"https:\/\/www.umweltnetz.ch\/content\/auftakt-zum-weltbienentag-bienenschwarm-im-wohnquartier\" \/>\n\t\t<meta property=\"article:published_time\" content=\"2020-05-20T12:31:10+00:00\" \/>\n\t\t<meta property=\"article:modified_time\" content=\"2020-05-22T13:52:39+00:00\" \/>\n\t\t<meta name=\"twitter:card\" content=\"summary\" \/>\n\t\t<meta name=\"twitter:title\" content=\"Auftakt zum #Weltbienentag: Bienenschwarm im Wohnquartier | umweltnetz.ch\" \/>\n\t\t<meta name=\"twitter:description\" content=\"Am Tag vor dem Weltbienentag: im Friesenbergquartier ist ein Bienenschwarm unterwegs, l\u00e4sst sich in einem Bau nieder und wird von der Feuerwehr eingesammelt.\" \/>\n\t\t<script type=\"application\/ld+json\" class=\"aioseo-schema\">\n\t\t\t{\"@context\":\"https:\\\/\\\/schema.org\",\"@graph\":[{\"@type\":\"Article\",\"@id\":\"https:\\\/\\\/www.umweltnetz.ch\\\/content\\\/auftakt-zum-weltbienentag-bienenschwarm-im-wohnquartier#article\",\"name\":\"Auftakt zum #Weltbienentag: Bienenschwarm im Wohnquartier | umweltnetz.ch\",\"headline\":\"Auftakt zum #Weltbienentag: Bienenschwarm im Wohnquartier\",\"author\":{\"@id\":\"https:\\\/\\\/www.umweltnetz.ch\\\/content\\\/author\\\/twp#author\"},\"publisher\":{\"@id\":\"https:\\\/\\\/www.umweltnetz.ch\\\/content\\\/#organization\"},\"image\":{\"@type\":\"ImageObject\",\"url\":\"https:\\\/\\\/www.umweltnetz.ch\\\/content\\\/wp-content\\\/uploads\\\/2020\\\/04\\\/momentaufnahme.jpg\",\"@id\":\"https:\\\/\\\/www.umweltnetz.ch\\\/content\\\/auftakt-zum-weltbienentag-bienenschwarm-im-wohnquartier\\\/#articleImage\",\"width\":200,\"height\":200},\"datePublished\":\"2020-05-20T14:31:10+02:00\",\"dateModified\":\"2020-05-22T15:52:39+02:00\",\"inLanguage\":\"de-DE\",\"commentCount\":1,\"mainEntityOfPage\":{\"@id\":\"https:\\\/\\\/www.umweltnetz.ch\\\/content\\\/auftakt-zum-weltbienentag-bienenschwarm-im-wohnquartier#webpage\"},\"isPartOf\":{\"@id\":\"https:\\\/\\\/www.umweltnetz.ch\\\/content\\\/auftakt-zum-weltbienentag-bienenschwarm-im-wohnquartier#webpage\"},\"articleSection\":\"Allgemein, Internet, SchutzRettungZH, Weltbienentag, WorldBeeDay\"},{\"@type\":\"BreadcrumbList\",\"@id\":\"https:\\\/\\\/www.umweltnetz.ch\\\/content\\\/auftakt-zum-weltbienentag-bienenschwarm-im-wohnquartier#breadcrumblist\",\"itemListElement\":[{\"@type\":\"ListItem\",\"@id\":\"https:\\\/\\\/www.umweltnetz.ch\\\/content#listItem\",\"position\":1,\"name\":\"Home\",\"item\":\"https:\\\/\\\/www.umweltnetz.ch\\\/content\",\"nextItem\":{\"@type\":\"ListItem\",\"@id\":\"https:\\\/\\\/www.umweltnetz.ch\\\/content\\\/category\\\/allgemein#listItem\",\"name\":\"Allgemein\"}},{\"@type\":\"ListItem\",\"@id\":\"https:\\\/\\\/www.umweltnetz.ch\\\/content\\\/category\\\/allgemein#listItem\",\"position\":2,\"name\":\"Allgemein\",\"item\":\"https:\\\/\\\/www.umweltnetz.ch\\\/content\\\/category\\\/allgemein\",\"nextItem\":{\"@type\":\"ListItem\",\"@id\":\"https:\\\/\\\/www.umweltnetz.ch\\\/content\\\/auftakt-zum-weltbienentag-bienenschwarm-im-wohnquartier#listItem\",\"name\":\"Auftakt zum #Weltbienentag: Bienenschwarm im Wohnquartier\"},\"previousItem\":{\"@type\":\"ListItem\",\"@id\":\"https:\\\/\\\/www.umweltnetz.ch\\\/content#listItem\",\"name\":\"Home\"}},{\"@type\":\"ListItem\",\"@id\":\"https:\\\/\\\/www.umweltnetz.ch\\\/content\\\/auftakt-zum-weltbienentag-bienenschwarm-im-wohnquartier#listItem\",\"position\":3,\"name\":\"Auftakt zum #Weltbienentag: Bienenschwarm im Wohnquartier\",\"previousItem\":{\"@type\":\"ListItem\",\"@id\":\"https:\\\/\\\/www.umweltnetz.ch\\\/content\\\/category\\\/allgemein#listItem\",\"name\":\"Allgemein\"}}]},{\"@type\":\"Organization\",\"@id\":\"https:\\\/\\\/www.umweltnetz.ch\\\/content\\\/#organization\",\"name\":\"umweltnetz.ch\",\"description\":\"Umwelt und Politik - ein Internet-Angebot von Toni W. P\\u00fcntener\",\"url\":\"https:\\\/\\\/www.umweltnetz.ch\\\/content\\\/\"},{\"@type\":\"Person\",\"@id\":\"https:\\\/\\\/www.umweltnetz.ch\\\/content\\\/author\\\/twp#author\",\"url\":\"https:\\\/\\\/www.umweltnetz.ch\\\/content\\\/author\\\/twp\",\"name\":\"Toni W. P\\u00fcntener\",\"image\":{\"@type\":\"ImageObject\",\"@id\":\"https:\\\/\\\/www.umweltnetz.ch\\\/content\\\/auftakt-zum-weltbienentag-bienenschwarm-im-wohnquartier#authorImage\",\"url\":\"https:\\\/\\\/secure.gravatar.com\\\/avatar\\\/b4b38790bfc673702bc7f3864264936e7baf1594c44260587ec4964490a262b9?s=96&d=mm&r=g\",\"width\":96,\"height\":96,\"caption\":\"Toni W. P\\u00fcntener\"}},{\"@type\":\"WebPage\",\"@id\":\"https:\\\/\\\/www.umweltnetz.ch\\\/content\\\/auftakt-zum-weltbienentag-bienenschwarm-im-wohnquartier#webpage\",\"url\":\"https:\\\/\\\/www.umweltnetz.ch\\\/content\\\/auftakt-zum-weltbienentag-bienenschwarm-im-wohnquartier\",\"name\":\"Auftakt zum #Weltbienentag: Bienenschwarm im Wohnquartier | umweltnetz.ch\",\"description\":\"Am Tag vor dem Weltbienentag: im Friesenbergquartier ist ein Bienenschwarm unterwegs, l\\u00e4sst sich in einem Bau nieder und wird von der Feuerwehr eingesammelt.\",\"inLanguage\":\"de-DE\",\"isPartOf\":{\"@id\":\"https:\\\/\\\/www.umweltnetz.ch\\\/content\\\/#website\"},\"breadcrumb\":{\"@id\":\"https:\\\/\\\/www.umweltnetz.ch\\\/content\\\/auftakt-zum-weltbienentag-bienenschwarm-im-wohnquartier#breadcrumblist\"},\"author\":{\"@id\":\"https:\\\/\\\/www.umweltnetz.ch\\\/content\\\/author\\\/twp#author\"},\"creator\":{\"@id\":\"https:\\\/\\\/www.umweltnetz.ch\\\/content\\\/author\\\/twp#author\"},\"datePublished\":\"2020-05-20T14:31:10+02:00\",\"dateModified\":\"2020-05-22T15:52:39+02:00\"},{\"@type\":\"WebSite\",\"@id\":\"https:\\\/\\\/www.umweltnetz.ch\\\/content\\\/#website\",\"url\":\"https:\\\/\\\/www.umweltnetz.ch\\\/content\\\/\",\"name\":\"umweltnetz.ch\",\"description\":\"Umwelt und Politik - ein Internet-Angebot von Toni W. P\\u00fcntener\",\"inLanguage\":\"de-DE\",\"publisher\":{\"@id\":\"https:\\\/\\\/www.umweltnetz.ch\\\/content\\\/#organization\"}}]}\n\t\t<\/script>\n\t\t<!-- All in One SEO -->\n\n","aioseo_head_json":{"title":"Auftakt zum #Weltbienentag: Bienenschwarm im Wohnquartier | umweltnetz.ch","description":"Am Tag vor dem Weltbienentag: im Friesenbergquartier ist ein Bienenschwarm unterwegs, l\u00e4sst sich in einem Bau nieder und wird von der Feuerwehr eingesammelt.","canonical_url":"https:\/\/www.umweltnetz.ch\/content\/auftakt-zum-weltbienentag-bienenschwarm-im-wohnquartier","robots":"max-image-preview:large","keywords":"","webmasterTools":{"miscellaneous":""},"schema":{"@context":"https:\/\/schema.org","@graph":[{"@type":"Article","@id":"https:\/\/www.umweltnetz.ch\/content\/auftakt-zum-weltbienentag-bienenschwarm-im-wohnquartier#article","name":"Auftakt zum #Weltbienentag: Bienenschwarm im Wohnquartier | umweltnetz.ch","headline":"Auftakt zum #Weltbienentag: Bienenschwarm im Wohnquartier","author":{"@id":"https:\/\/www.umweltnetz.ch\/content\/author\/twp#author"},"publisher":{"@id":"https:\/\/www.umweltnetz.ch\/content\/#organization"},"image":{"@type":"ImageObject","url":"https:\/\/www.umweltnetz.ch\/content\/wp-content\/uploads\/2020\/04\/momentaufnahme.jpg","@id":"https:\/\/www.umweltnetz.ch\/content\/auftakt-zum-weltbienentag-bienenschwarm-im-wohnquartier\/#articleImage","width":200,"height":200},"datePublished":"2020-05-20T14:31:10+02:00","dateModified":"2020-05-22T15:52:39+02:00","inLanguage":"de-DE","commentCount":1,"mainEntityOfPage":{"@id":"https:\/\/www.umweltnetz.ch\/content\/auftakt-zum-weltbienentag-bienenschwarm-im-wohnquartier#webpage"},"isPartOf":{"@id":"https:\/\/www.umweltnetz.ch\/content\/auftakt-zum-weltbienentag-bienenschwarm-im-wohnquartier#webpage"},"articleSection":"Allgemein, Internet, SchutzRettungZH, Weltbienentag, WorldBeeDay"},{"@type":"BreadcrumbList","@id":"https:\/\/www.umweltnetz.ch\/content\/auftakt-zum-weltbienentag-bienenschwarm-im-wohnquartier#breadcrumblist","itemListElement":[{"@type":"ListItem","@id":"https:\/\/www.umweltnetz.ch\/content#listItem","position":1,"name":"Home","item":"https:\/\/www.umweltnetz.ch\/content","nextItem":{"@type":"ListItem","@id":"https:\/\/www.umweltnetz.ch\/content\/category\/allgemein#listItem","name":"Allgemein"}},{"@type":"ListItem","@id":"https:\/\/www.umweltnetz.ch\/content\/category\/allgemein#listItem","position":2,"name":"Allgemein","item":"https:\/\/www.umweltnetz.ch\/content\/category\/allgemein","nextItem":{"@type":"ListItem","@id":"https:\/\/www.umweltnetz.ch\/content\/auftakt-zum-weltbienentag-bienenschwarm-im-wohnquartier#listItem","name":"Auftakt zum #Weltbienentag: Bienenschwarm im Wohnquartier"},"previousItem":{"@type":"ListItem","@id":"https:\/\/www.umweltnetz.ch\/content#listItem","name":"Home"}},{"@type":"ListItem","@id":"https:\/\/www.umweltnetz.ch\/content\/auftakt-zum-weltbienentag-bienenschwarm-im-wohnquartier#listItem","position":3,"name":"Auftakt zum #Weltbienentag: Bienenschwarm im Wohnquartier","previousItem":{"@type":"ListItem","@id":"https:\/\/www.umweltnetz.ch\/content\/category\/allgemein#listItem","name":"Allgemein"}}]},{"@type":"Organization","@id":"https:\/\/www.umweltnetz.ch\/content\/#organization","name":"umweltnetz.ch","description":"Umwelt und Politik - ein Internet-Angebot von Toni W. P\u00fcntener","url":"https:\/\/www.umweltnetz.ch\/content\/"},{"@type":"Person","@id":"https:\/\/www.umweltnetz.ch\/content\/author\/twp#author","url":"https:\/\/www.umweltnetz.ch\/content\/author\/twp","name":"Toni W. P\u00fcntener","image":{"@type":"ImageObject","@id":"https:\/\/www.umweltnetz.ch\/content\/auftakt-zum-weltbienentag-bienenschwarm-im-wohnquartier#authorImage","url":"https:\/\/secure.gravatar.com\/avatar\/b4b38790bfc673702bc7f3864264936e7baf1594c44260587ec4964490a262b9?s=96&d=mm&r=g","width":96,"height":96,"caption":"Toni W. P\u00fcntener"}},{"@type":"WebPage","@id":"https:\/\/www.umweltnetz.ch\/content\/auftakt-zum-weltbienentag-bienenschwarm-im-wohnquartier#webpage","url":"https:\/\/www.umweltnetz.ch\/content\/auftakt-zum-weltbienentag-bienenschwarm-im-wohnquartier","name":"Auftakt zum #Weltbienentag: Bienenschwarm im Wohnquartier | umweltnetz.ch","description":"Am Tag vor dem Weltbienentag: im Friesenbergquartier ist ein Bienenschwarm unterwegs, l\u00e4sst sich in einem Bau nieder und wird von der Feuerwehr eingesammelt.","inLanguage":"de-DE","isPartOf":{"@id":"https:\/\/www.umweltnetz.ch\/content\/#website"},"breadcrumb":{"@id":"https:\/\/www.umweltnetz.ch\/content\/auftakt-zum-weltbienentag-bienenschwarm-im-wohnquartier#breadcrumblist"},"author":{"@id":"https:\/\/www.umweltnetz.ch\/content\/author\/twp#author"},"creator":{"@id":"https:\/\/www.umweltnetz.ch\/content\/author\/twp#author"},"datePublished":"2020-05-20T14:31:10+02:00","dateModified":"2020-05-22T15:52:39+02:00"},{"@type":"WebSite","@id":"https:\/\/www.umweltnetz.ch\/content\/#website","url":"https:\/\/www.umweltnetz.ch\/content\/","name":"umweltnetz.ch","description":"Umwelt und Politik - ein Internet-Angebot von Toni W. P\u00fcntener","inLanguage":"de-DE","publisher":{"@id":"https:\/\/www.umweltnetz.ch\/content\/#organization"}}]},"og:locale":"de_DE","og:site_name":"umweltnetz.ch | Umwelt und Politik - ein Internet-Angebot von Toni W. P\u00fcntener","og:type":"article","og:title":"Auftakt zum #Weltbienentag: Bienenschwarm im Wohnquartier | umweltnetz.ch","og:description":"Am Tag vor dem Weltbienentag: im Friesenbergquartier ist ein Bienenschwarm unterwegs, l\u00e4sst sich in einem Bau nieder und wird von der Feuerwehr eingesammelt.","og:url":"https:\/\/www.umweltnetz.ch\/content\/auftakt-zum-weltbienentag-bienenschwarm-im-wohnquartier","article:published_time":"2020-05-20T12:31:10+00:00","article:modified_time":"2020-05-22T13:52:39+00:00","twitter:card":"summary","twitter:title":"Auftakt zum #Weltbienentag: Bienenschwarm im Wohnquartier | umweltnetz.ch","twitter:description":"Am Tag vor dem Weltbienentag: im Friesenbergquartier ist ein Bienenschwarm unterwegs, l\u00e4sst sich in einem Bau nieder und wird von der Feuerwehr eingesammelt."},"aioseo_meta_data":{"post_id":"7978","title":"Auftakt zum #Weltbienentag: Bienenschwarm im Wohnquartier | #site_title","description":"Am Tag vor dem Weltbienentag: im Friesenbergquartier ist ein Bienenschwarm unterwegs, l\u00e4sst sich in einem Bau nieder und wird von der Feuerwehr eingesammelt.","keywords":null,"keyphrases":null,"primary_term":null,"canonical_url":null,"og_title":null,"og_description":null,"og_object_type":"default","og_image_type":"default","og_image_url":null,"og_image_width":null,"og_image_height":null,"og_image_custom_url":null,"og_image_custom_fields":null,"og_video":null,"og_custom_url":null,"og_article_section":null,"og_article_tags":null,"twitter_use_og":false,"twitter_card":"default","twitter_image_type":"default","twitter_image_url":null,"twitter_image_custom_url":null,"twitter_image_custom_fields":null,"twitter_title":null,"twitter_description":null,"schema":{"blockGraphs":[],"customGraphs":[],"default":{"data":{"Article":[],"Course":[],"Dataset":[],"FAQPage":[],"Movie":[],"Person":[],"Product":[],"ProductReview":[],"Car":[],"Recipe":[],"Service":[],"SoftwareApplication":[],"WebPage":[]},"graphName":"","isEnabled":true},"graphs":[]},"schema_type":null,"schema_type_options":null,"pillar_content":false,"robots_default":true,"robots_noindex":false,"robots_noarchive":false,"robots_nosnippet":false,"robots_nofollow":false,"robots_noimageindex":false,"robots_noodp":false,"robots_notranslate":false,"robots_max_snippet":null,"robots_max_videopreview":null,"robots_max_imagepreview":"large","priority":null,"frequency":null,"location":null,"local_seo":null,"breadcrumb_settings":null,"limit_modified_date":false,"ai":null,"created":"2020-12-21 15:12:32","updated":"2025-06-03 21:58:11","seo_analyzer_scan_date":null,"focus_keyword":null,"additional_keywords":null,"truseo_locale":null},"aioseo_breadcrumb":"<div class=\"aioseo-breadcrumbs\"><span class=\"aioseo-breadcrumb\">\n\t\t\t<a href=\"https:\/\/www.umweltnetz.ch\/content\" title=\"Home\">Home<\/a>\n\t\t<\/span><span class=\"aioseo-breadcrumb-separator\">&raquo;<\/span><span class=\"aioseo-breadcrumb\">\n\t\t\t<a href=\"https:\/\/www.umweltnetz.ch\/content\/category\/allgemein\" title=\"Allgemein\">Allgemein<\/a>\n\t\t<\/span><span class=\"aioseo-breadcrumb-separator\">&raquo;<\/span><span class=\"aioseo-breadcrumb\">\n\t\t\tAuftakt zum #Weltbienentag: Bienenschwarm im Wohnquartier\n\t\t<\/span><\/div>","aioseo_breadcrumb_json":[{"label":"Home","link":"https:\/\/www.umweltnetz.ch\/content"},{"label":"Allgemein","link":"https:\/\/www.umweltnetz.ch\/content\/category\/allgemein"},{"label":"Auftakt zum #Weltbienentag: Bienenschwarm im Wohnquartier","link":"https:\/\/www.umweltnetz.ch\/content\/auftakt-zum-weltbienentag-bienenschwarm-im-wohnquartier"}],"jetpack_sharing_enabled":true,"jetpack_featured_media_url":"","_links":{"self":[{"href":"https:\/\/www.umweltnetz.ch\/content\/wp-json\/wp\/v2\/posts\/7978","targetHints":{"allow":["GET"]}}],"collection":[{"href":"https:\/\/www.umweltnetz.ch\/content\/wp-json\/wp\/v2\/posts"}],"about":[{"href":"https:\/\/www.umweltnetz.ch\/content\/wp-json\/wp\/v2\/types\/post"}],"author":[{"embeddable":true,"href":"https:\/\/www.umweltnetz.ch\/content\/wp-json\/wp\/v2\/users\/2"}],"replies":[{"embeddable":true,"href":"https:\/\/www.umweltnetz.ch\/content\/wp-json\/wp\/v2\/comments?post=7978"}],"version-history":[{"count":3,"href":"https:\/\/www.umweltnetz.ch\/content\/wp-json\/wp\/v2\/posts\/7978\/revisions"}],"predecessor-version":[{"id":7984,"href":"https:\/\/www.umweltnetz.ch\/content\/wp-json\/wp\/v2\/posts\/7978\/revisions\/7984"}],"wp:attachment":[{"href":"https:\/\/www.umweltnetz.ch\/content\/wp-json\/wp\/v2\/media?parent=7978"}],"wp:term":[{"taxonomy":"category","embeddable":true,"href":"https:\/\/www.umweltnetz.ch\/content\/wp-json\/wp\/v2\/categories?post=7978"},{"taxonomy":"post_tag","embeddable":true,"href":"https:\/\/www.umweltnetz.ch\/content\/wp-json\/wp\/v2\/tags?post=7978"}],"curies":[{"name":"wp","href":"https:\/\/api.w.org\/{rel}","templated":true}]}}