{"id":766,"date":"2009-05-03T17:20:57","date_gmt":"2009-05-03T16:20:57","guid":{"rendered":"http:\/\/www.umweltnetz.ch\/content\/?p=766"},"modified":"2009-05-03T17:32:16","modified_gmt":"2009-05-03T16:32:16","slug":"uetliberg-autobahntunnel-verheerendes-verkehrspolitisches-signal-gegen-den-klimaschutz","status":"publish","type":"post","link":"https:\/\/www.umweltnetz.ch\/content\/uetliberg-autobahntunnel-verheerendes-verkehrspolitisches-signal-gegen-den-klimaschutz","title":{"rendered":"Uetliberg-Autobahntunnel: verheerendes verkehrspolitisches Signal gegen den Klimaschutz"},"content":{"rendered":"<p>Irgendwann in der Nacht vom 3. auf den 4. Mai 2009 wird der Uetlibergtunnel f\u00fcr den Autoverkehr er\u00f6ffnet. W\u00e4hrend sich in den USA dank des &#8222;neuen&#8220; Pr\u00e4sidenten Barack Obamas endlich erste Erkenntnisse \u00fcber die Notwendigkeit des Handelns gegen den menschgemachten Kliamwandels bemerkbar machen, passiert in der Schweiz unter Federf\u00fchrung eines SP-Bundesrates und eines SVP-Regierungsrates, sekundiert durch den <a href=\"http:\/\/www.umweltnetz.ch\/content\/der-tages-anzeiger-outet-sich-definitiv-als-auto-anzeiger\/\" target=\"_blank\">Auto-Anzeiger<\/a> (dass dieser fr\u00fcher Tages-Anzeiger hiess, ist l\u00e4ngst nicht mehr erw\u00e4hnenswert), genau das Gegenteil: mit viel Brimborium und einem <a href=\"http:\/\/www.umweltnetz.ch\/content\/west-fest-was-gibt-es-da-eigentlich-zu-festen\/\" target=\"_blank\">Monsterfestanlass<\/a>, welches f\u00fcr sich selbst bereits eine verheerende Umweltbilanz aufweist, wird da ein neues Autobahnteilst\u00fcck er\u00f6ffnet, welches einmal mehr die Schleusen f\u00fcr den Autoverkehr \u00f6ffnet. Denn: jede neue Strasse bringt mehr Autoverkehr!<!--more--><\/p>\n<p>Das Auto, und dies ist schon sehr lange bekannt, ist ein unter vielen Aspekten ungeeignetes Verkehrsmittel, auch wenn es f\u00fcr ganz wenige Anwendungen (eher bei drei als bei sechs Prozent des heutigen Strassenverkehrsvolumens, da ist vor allem das Gewerbe mit all den Service-Monteuren betroffen) keine Alternative dazu gibt. Der Druck zur Verwendung des eigenen Autos wird vor allem durch den Fahrzeugbesitz bewirkt. Dieses steinzeitliche Fahrzeugkonzept hat derart grosse Grundkosten (d.h. unabh\u00e4ngig vom Gebrauch), dass ein eigentlicher psycho-\u00f6konomischer Nutzungszwang besteht &#8211; selbst bei h\u00e4ufiger Verwendung ist das individuelle Auto \u00fcberwiegend ein <a href=\"http:\/\/de.wikipedia.org\/wiki\/Hermann_Knoflacher\" target=\"_blank\">Stehzeug<\/a>. Die Erfahrung zeigt: gerade auch unter Einbezug der Reisezeit ist die Kombination &#8222;Langsamverkehr &#8211; <a href=\"http:\/\/2kwblog.umweltnetz.ch\/index.php?\/archives\/29-Ist-der-OEV-2000-Watt-faehig.html\" target=\"_blank\">\u00f6ffentlicher Verkehr<\/a> &#8211; gelegentliche <a href=\"http:\/\/www.mobility.ch\" target=\"_blank\">Mobility<\/a>-Fahrten &#8211; gelegentliche Taxi-Fahrten&#8220; sowohl \u00f6konomisch wie \u00f6kologisch vorteilhaft im Vergleich zum individuellen motorisierten Verkehr! Das heutige Volumen an Autofahrten kann also mit Sicherheit nicht mit dem &#8222;Recht auf Mobilit\u00e4t&#8220; begr\u00fcnden werden, sondern ergibt sich als Folge von <a href=\"http:\/\/www.umweltnetz.ch\/content\/sackgasse-auto\/\" target=\"_blank\">\u00f6konomischen<\/a> und <a href=\"http:\/\/www.umweltnetz.ch\/content\/verkehrsabgaben-kanton-zurich-strassenverkehr-ist-prinzipiell-unokologisch\/\" target=\"_blank\">\u00f6kologischen<\/a> Individual-Fehlentscheiden (selbstverst\u00e4ndlich manipuliert durch die Automobil-Werbung und verkehrspolitische Fehlsignale wie etwa zelebrierte Autobahner\u00f6ffnungen).        <\/p>\n<p>Bis auf die Ewiggestrigen in Verkehrssachen (vor allem <a href=\"http:\/\/www.svp-stadt-zuerich.ch\/?PageID=23&#038;showDetails=338\" target=\"_blank\">SVP<\/a>, <a href=\"http:\/\/www.umweltnetz.ch\/content\/stau-weg\/\" target=\"_blank\">TCS<\/a> und ACS) ist immer mehr Menschen klar: individueller motorisierter Strassenverkehr (auch MIEF genannt) ist in der heutigen Form nicht zukunftsf\u00e4hig! <\/p>\n<ul>\n<li>Verkehrssparen ist angesagt! <\/li>\n<li>Sein kommt vor Unterwegs-Sein &#8211; das heisst in erster Linie kurze Alltagswege, also Arbeitsort und Wohnort m\u00f6glichst nahe!<\/li>\n<li>Langsamverkehr: zu Fuss und mit dem Velo, dient auch der Gesundheitsf\u00f6rderung<\/li>\n<li>\u00d6ffentlichen Verkehr benutzen &#8211; gar nicht schwer, einfach mal probieren (im \u00fcbrigen: das geht viel einfacher ohne eigenes Auto, also weg damit)!<\/li>\n<li>Mobility und Taxi<\/li>\n<li>Wenns unbedingt sein muss: &#8222;eigenes&#8220; Auto. Wobei: eigentlich d\u00fcrfte es nur noch angeschriebene Autos, also Firmenwagen, geben. Denn: <a href=\"http:\/\/www.tagesschau.de\/wirtschaft\/autoindustrie174.html\" target=\"_blank\"><em>die Automobilbranche ist keine Leitbranche mit systemischer Bedeutung<\/em><\/a>! Nebeneffekt: f\u00fcr das Gewerbe, das ach so arme, hats dann endlich gen\u00fcgend Platz auf der Strasse, und damit d\u00fcrfte endlich der W\u00e4hlerInnenanteil der SVP sinken.<\/li>\n<\/ul>\n<p>Und dann noch dies: gem\u00e4ss <a href=\"http:\/\/www.nzz.ch\/nachrichten\/zuerich\/ab_montag_gilt_in_zuerich_das_neue_verkehrsregime_1.2493513.html\" target=\"_blank\">NZZ-Online vom 3.5.09<\/a> teilt die st\u00e4dtische Dienstabteilung Verkehr mit, dass sie &#8222;als weitere Alternative die Benutzung des \u00f6ffentlichen Verkehrs empfiehlt&#8220; &#8211; als Alternative im \u00fcbrigen zur &#8222;Westumfahrung Z\u00fcrich&#8220;. Hallo, liebe Verkehrtler, haben Sie noch nicht gemerkt, dass die Stadtz\u00fcrcherInnen sich auf dem Weg zur 2000-Watt-Gesellschaft befinden? Schliesslich haben doch 76.4 % der Stimmberechtigten am <a href=\"http:\/\/2kwblog.umweltnetz.ch\/index.php?\/archives\/27-Die-StadtzuercherInnen-sagen-Ja-zur-Vision-der-2000-Watt-Gesellschaft.html\" target=\"_blank\">30. November 2008<\/a> f\u00fcr die Verankerung der 2000-Watt-Gesellschaft in der st\u00e4dtischen Verfassung gestimmt! Also ab sofort umlernen: die Hauptl\u00f6sung ist schon lange:    <\/p>\n<ul>\n<li>Verkehrssparen ist angesagt! <\/li>\n<li>Sein kommt vor Unterwegs-Sein &#8211; das heisst in erster Linie kurze Alltagswege, also Arbeitsort und Wohnort m\u00f6glichst nahe!<\/li>\n<li>Langsamverkehr: zu Fuss und mit dem Velo, dient auch der Gesundheitsf\u00f6rderung<\/li>\n<li>\u00d6ffentlichen Verkehr benutzen &#8211; gar nicht schwer, einfach mal probieren (im \u00fcbrigen: das geht viel einfacher ohne eigenes Auto, also weg damit)!<\/li>\n<li>Mobility und Taxi<\/li>\n<li>Wenns unbedingt sein muss: &#8222;eigenes&#8220; Auto. Wobei: eigentlich d\u00fcrfte es nur noch angeschriebene Autos, also Firmenwagen, geben. Denn: <a href=\"http:\/\/www.tagesschau.de\/wirtschaft\/autoindustrie174.html\" target=\"_blank\"><em>die Automobilbranche ist keine Leitbranche mit systemischer Bedeutung<\/em><\/a>! Nebeneffekt: f\u00fcr das Gewerbe, das ach so arme, hats dann endlich gen\u00fcgend Platz auf der Strasse, und damit d\u00fcrfte endlich der W\u00e4hlerInnenanteil der SVP sinken.<\/li>\n<\/ul>\n<p>Ja, ich weiss, das steht schon ein bisschen weiter oben, aber Wiederholung dient bekanntlich der Festigung des Wissens!<\/p>\n<p>P.S. Eine Erfahrung aus 30 Jahren Umweltpolitik: Immer dann, wenn ich mich kritisch zum Autoverkehr \u00e4ussere, gibts Reaktionen, bis hin zu anonymen Bel\u00e4stigungen &#8211; da gehen offenbar die Emotionen mit den Windscheibenhuldigern durch!          <\/p>\n","protected":false},"excerpt":{"rendered":"<p>Irgendwann in der Nacht vom 3. auf den 4. Mai 2009 wird der Uetlibergtunnel f\u00fcr den Autoverkehr er\u00f6ffnet. W\u00e4hrend sich in den USA dank des &#8222;neuen&#8220; Pr\u00e4sidenten Barack Obamas endlich erste Erkenntnisse \u00fcber die Notwendigkeit des Handelns gegen den menschgemachten Kliamwandels bemerkbar machen, passiert in der Schweiz unter Federf\u00fchrung eines SP-Bundesrates und eines SVP-Regierungsrates, sekundiert &hellip; <a href=\"https:\/\/www.umweltnetz.ch\/content\/uetliberg-autobahntunnel-verheerendes-verkehrspolitisches-signal-gegen-den-klimaschutz\" class=\"more-link\"><span class=\"screen-reader-text\">\u201eUetliberg-Autobahntunnel: verheerendes verkehrspolitisches Signal gegen den Klimaschutz\u201c <\/span>weiterlesen<\/a><\/p>\n","protected":false},"author":2,"featured_media":0,"comment_status":"open","ping_status":"open","sticky":false,"template":"","format":"standard","meta":{"ngg_post_thumbnail":0,"_jetpack_memberships_contains_paid_content":false,"footnotes":""},"categories":[1],"tags":[318,245,320,84],"class_list":["post-766","post","type-post","status-publish","format-standard","hentry","category-allgemein","tag-autobahn","tag-stadt-zurich","tag-uetlibergtunnel","tag-verkehrspolitik"],"aioseo_notices":[],"jetpack_featured_media_url":"","jetpack_sharing_enabled":true,"_links":{"self":[{"href":"https:\/\/www.umweltnetz.ch\/content\/wp-json\/wp\/v2\/posts\/766","targetHints":{"allow":["GET"]}}],"collection":[{"href":"https:\/\/www.umweltnetz.ch\/content\/wp-json\/wp\/v2\/posts"}],"about":[{"href":"https:\/\/www.umweltnetz.ch\/content\/wp-json\/wp\/v2\/types\/post"}],"author":[{"embeddable":true,"href":"https:\/\/www.umweltnetz.ch\/content\/wp-json\/wp\/v2\/users\/2"}],"replies":[{"embeddable":true,"href":"https:\/\/www.umweltnetz.ch\/content\/wp-json\/wp\/v2\/comments?post=766"}],"version-history":[{"count":6,"href":"https:\/\/www.umweltnetz.ch\/content\/wp-json\/wp\/v2\/posts\/766\/revisions"}],"predecessor-version":[{"id":771,"href":"https:\/\/www.umweltnetz.ch\/content\/wp-json\/wp\/v2\/posts\/766\/revisions\/771"}],"wp:attachment":[{"href":"https:\/\/www.umweltnetz.ch\/content\/wp-json\/wp\/v2\/media?parent=766"}],"wp:term":[{"taxonomy":"category","embeddable":true,"href":"https:\/\/www.umweltnetz.ch\/content\/wp-json\/wp\/v2\/categories?post=766"},{"taxonomy":"post_tag","embeddable":true,"href":"https:\/\/www.umweltnetz.ch\/content\/wp-json\/wp\/v2\/tags?post=766"}],"curies":[{"name":"wp","href":"https:\/\/api.w.org\/{rel}","templated":true}]}}