{"id":7455,"date":"2019-03-25T08:35:08","date_gmt":"2019-03-25T07:35:08","guid":{"rendered":"http:\/\/www.umweltnetz.ch\/content\/?p=7455"},"modified":"2019-03-25T08:46:21","modified_gmt":"2019-03-25T07:46:21","slug":"wahlen-2018-kanton-zuerich-klimanotstand-jetzt-sofort","status":"publish","type":"post","link":"https:\/\/www.umweltnetz.ch\/content\/wahlen-2018-kanton-zuerich-klimanotstand-jetzt-sofort","title":{"rendered":"Wahlen 2018 Kanton Z\u00fcrich: Klimanotstand jetzt sofort!"},"content":{"rendered":"<p><img loading=\"lazy\" decoding=\"async\" src=\"http:\/\/www.umweltnetz.ch\/content\/wp-content\/uploads\/2019\/03\/spray_sonne.jpg\" alt=\"\" width=\"150\" height=\"150\" class=\"alignleft size-full wp-image-7456\" \/><\/p>\n<p>Viele KommentatorInnen meinen, dass die Klimastreik-Bewegung die Z\u00fcrcher Regierungsrats- und Kantonsratswahlen am 24. M\u00e4rz 2019 erheblich beeinflusst hat. #Klimanotstand jetzt sofort, NettoNull2030 sind Herausforderungen, denen sich Z\u00fcrcher Regierungsrat und Kantonsrat stellen m\u00fcssen. Auch Haushalte und Wirtschaft im Kanton Z\u00fcrich sind gefordert, <a href=\"http:\/\/www.umweltnetz.ch\/content\/klimaschutz-schnelle-weitreichende-und-beispiellose-veraenderungen-in-allen-bereichen-der-gesellschaft\" rel=\"noopener\" target=\"_blank\">schnelle, weitreichende und beispiellose Ver\u00e4nderungen in allen Bereichen der Gesellschaft<\/a> in Gang zu setzen. Nur so kann der von Menschen gemachte Klimawandel auf ein f\u00fcr die Gesellschaft ertr\u00e4gliches Mass begrenzt werden.<\/p>\n<p><!--more--><\/p>\n<p>Wirksam und schnell hat die Klimapolitik auch auf Kantonsebene zu sein. Der Kanton Z\u00fcrich hat in seinem Einflussbereich daf\u00fcr zu sorgen, dass m\u00f6glichst rasch auf fossile Brenn- und Treibstoffe verzichtet wird. Die Mehrheit des Regierungsrates vertritt die Parteien SVP, FDP und CVP. Diese sprechen lautstark von \u00abKlimal\u00fcge\u00bb, \u00abKlimahysterie\u00bb oder \u00abKlimareligion\u00bb. Viele VertreterInnen dieser Parteien ignorieren den Zusammenhang zwischen dem \u00fcberm\u00e4ssigen Verbrauch fossiler Energien und der Klimaerhitzung. Sie lehnen insbesondere den raschestm\u00f6glichen Ausstieg aus den fossilen Energien ab. Im Kantonsrat haben diese Parteien nach wie vor einen Anteil von 45 Prozent. Somit hat der Klimastreik zwar einen Schubs in der Klimapolitik erm\u00f6glicht, es braucht nun aber auch die Mehrheiten f\u00fcr Sachentscheide, die zu schnellen, weitreichenden und beispiellosen Ver\u00e4nderungen f\u00fchren.<\/p>\n<p>Ein erstes Arbeitsfeld wird die \u00dcberarbeitung des Energiegesetzes sein. Dies zeigt sich etwa an der Klimapolitik-Zielvorgabe in Paragraph 1, Buchstabe d) des Energiegesetzes. \u00ab&#8230; bis ins Jahr 2050 den CO<sub>2<\/sub>-Ausstoss auf 2,2 Tonnen pro Einwohnerin und Einwohner und Jahr zu senken &#8230;\u00bb steht derzeit im Energiegesetz. <strong>Eine fossile Null sp\u00e4testens im Jahr 2040<\/strong> &#8211; in diese <a href=\"http:\/\/www.umweltnetz.ch\/content\/klimastreik-weil-seit-jahrzehnten-zu-wenig-energie-umwelt-und-klimapolitik-gemacht-wird\" rel=\"noopener\" target=\"_blank\">Richtung ist die Zielvorgabe<\/a> zu entwickeln. Und es sind die passenden Massnahmen festzulegen. Erforderlich ist etwa, raschm\u00f6glichst daf\u00fcr zu sorgen, dass keine neuen \u00d6l- und Gaskessel f\u00fcr Heizung und Wassererw\u00e4rmung von bestehenden Geb\u00e4uden und von Neubauten verwendet werden. Dazu geh\u00f6rt auch, die dezentrale Eigenversorgung mit Energie, etwa mit Solarstrom, voranzubringen. Technisch ist dies sehr gut m\u00f6glich, in der Regel mit etwas h\u00f6heren Investitionskosten und daf\u00fcr tieferen Energiekosten. Die sozialen Aspekte sind zu beachten. Gerade an diesem Beispiel wird sich zeigen, was die Politik unter \u00abliberal\u00bb versteht. Geht es in erster Linie um Egoismus, um den eigenen (finanziellen) Vorteil? Oder steht die gesellschaftliche Verantwortung \u2013 die Freiheit aller \u2013 im Vordergrund?<\/p>\n<p>Die Stimmberechtigten werden ebenfalls immer wieder Gelegenheit haben, bei Abstimmungen ihre Meinung einbringen zu k\u00f6nnen. Ob es wohl gelingt, sowohl bei Wahlen wie bei Abstimmungen die Stimmbeteiligung sp\u00fcrbar zu erh\u00f6hen? Oder zeigt sich in diesen Zahlen die Zufriedenheit oder allenfalls auch Unzufriedenheit mit der politischen Realit\u00e4t?<\/p>\n<p>\n","protected":false},"excerpt":{"rendered":"<p>Viele KommentatorInnen meinen, dass die Klimastreik-Bewegung die Z\u00fcrcher Regierungsrats- und Kantonsratswahlen am 24. M\u00e4rz 2019 erheblich beeinflusst hat. #Klimanotstand jetzt sofort, NettoNull2030 sind Herausforderungen, denen sich Z\u00fcrcher Regierungsrat und Kantonsrat stellen m\u00fcssen. Auch Haushalte und Wirtschaft im Kanton Z\u00fcrich sind gefordert, schnelle, weitreichende und beispiellose Ver\u00e4nderungen in allen Bereichen der Gesellschaft in Gang zu setzen. &hellip; <a href=\"https:\/\/www.umweltnetz.ch\/content\/wahlen-2018-kanton-zuerich-klimanotstand-jetzt-sofort\" class=\"more-link\"><span class=\"screen-reader-text\">\u201eWahlen 2018 Kanton Z\u00fcrich: Klimanotstand jetzt sofort!\u201c <\/span>weiterlesen<\/a><\/p>\n","protected":false},"author":2,"featured_media":0,"comment_status":"open","ping_status":"closed","sticky":false,"template":"","format":"standard","meta":{"ngg_post_thumbnail":0,"_jetpack_memberships_contains_paid_content":false,"footnotes":""},"categories":[1,4,3],"tags":[2113,1987,2095,2036,2081],"class_list":["post-7455","post","type-post","status-publish","format-standard","hentry","category-allgemein","category-energie-und-klimaschutz","category-politik-kanton-zurich","tag-klimawahl2019","tag-fossilfrei","tag-klimanotstand","tag-klimaschutz-kanton-zuerich","tag-klimastreik"],"aioseo_notices":[],"jetpack_featured_media_url":"","jetpack_sharing_enabled":true,"_links":{"self":[{"href":"https:\/\/www.umweltnetz.ch\/content\/wp-json\/wp\/v2\/posts\/7455","targetHints":{"allow":["GET"]}}],"collection":[{"href":"https:\/\/www.umweltnetz.ch\/content\/wp-json\/wp\/v2\/posts"}],"about":[{"href":"https:\/\/www.umweltnetz.ch\/content\/wp-json\/wp\/v2\/types\/post"}],"author":[{"embeddable":true,"href":"https:\/\/www.umweltnetz.ch\/content\/wp-json\/wp\/v2\/users\/2"}],"replies":[{"embeddable":true,"href":"https:\/\/www.umweltnetz.ch\/content\/wp-json\/wp\/v2\/comments?post=7455"}],"version-history":[{"count":9,"href":"https:\/\/www.umweltnetz.ch\/content\/wp-json\/wp\/v2\/posts\/7455\/revisions"}],"predecessor-version":[{"id":7465,"href":"https:\/\/www.umweltnetz.ch\/content\/wp-json\/wp\/v2\/posts\/7455\/revisions\/7465"}],"wp:attachment":[{"href":"https:\/\/www.umweltnetz.ch\/content\/wp-json\/wp\/v2\/media?parent=7455"}],"wp:term":[{"taxonomy":"category","embeddable":true,"href":"https:\/\/www.umweltnetz.ch\/content\/wp-json\/wp\/v2\/categories?post=7455"},{"taxonomy":"post_tag","embeddable":true,"href":"https:\/\/www.umweltnetz.ch\/content\/wp-json\/wp\/v2\/tags?post=7455"}],"curies":[{"name":"wp","href":"https:\/\/api.w.org\/{rel}","templated":true}]}}