{"id":6717,"date":"2017-03-02T23:42:56","date_gmt":"2017-03-02T22:42:56","guid":{"rendered":"http:\/\/www.umweltnetz.ch\/content\/?p=6717"},"modified":"2017-03-02T23:42:56","modified_gmt":"2017-03-02T22:42:56","slug":"wir-wollen-ehrlichen-und-echten-klimaschutz-nein-zu-den-nationalrats-luegen","status":"publish","type":"post","link":"https:\/\/www.umweltnetz.ch\/content\/wir-wollen-ehrlichen-und-echten-klimaschutz-nein-zu-den-nationalrats-luegen","title":{"rendered":"Wir wollen ehrlichen und echten Klimaschutz \u2013 nein zu den Nationalrats-L\u00fcgen"},"content":{"rendered":"<p>Am 2. M\u00f6rz 2017 hat sich der Nationalrat dazu entschlossen, das Pariser Klimaschutz-\u00dcbereinkommen zu unterzeichnen. Allerdings hat der Nationalrat nicht die Absicht, dieses \u00dcbereinkommen wirklich umzusetzen. Solche L\u00fcgen kann und darf die Schweiz nicht akzeptieren. Wir wollen endlich <a href=\"http:\/\/www.umweltnetz.ch\/content\/klimaschutzehrlichkeit-spaetestens-ab-2040-nur-noch-erneuerbare-energien\" target=\"_blank\">ehrlichen und echten Klimaschutz<\/a>.  <!--more--><\/p>\n<p>Um die Ziele des Pariser Klimaschutz-\u00dcbereinkommens vom 12. Dezember 2015 einzuhalten, hat sich Schweiz m\u00f6glichst um 2040 vollst\u00e4ndig mit erneuerbaren Energien zu versorgen. Bis zu diesem Zeitpunkt hat die Schweiz somit aus den fossilen und nuklearen Energien auszusteigen. Das ist eine sehr ambiti\u00f6se Vorgabe, dies erfordert disruptive Ver\u00e4nderungen. Eine wirksame L\u00f6sung w\u00e4re beispielsweise, den Verbrauch fossiler Energietr\u00e4ger bis zum Jahr 2035 zu verbieten. Mit den Worten von Marcel H\u00e4nggi: <a href=\"http:\/\/www.mhaenggi.ch\/texte\/der-markt-wirds-nicht-richten\" target=\"_blank\">Was man nicht auf dem Markt haben will, muss man aktiv von dort verbannen.<\/a><\/p>\n<p>Der Nationalrat hat dem Parsier Klimaschutz-\u00dcbereinkommen zugestimmt mit der offensichtlichen Haltung, dieses \u00dcbereinkommen nicht einhalten zu wollen &#8211; der vollst\u00e4ndige Ausstieg aus den fossilen Energien wird bewusst auf den Sankt-Nimmerleins-Tag angesetzt: Wie h\u00e4ufig im Umweltbereich einmal mehr eine parlamentarische L\u00fcge.<\/p>\n<p>Dabei stand es selbst in der <a href=\"https:\/\/www.nzz.ch\/wissenschaft\/erderwaermung-pariser-klimaziele-waeren-fuer-die-schweiz-sehr-positiv-ld.148481\" target=\"_blank\">NZZ<\/a>: <em>Gerade weil die Schweiz die Folgen des Klimawandels \u00fcberdurchschnittlich stark zu sp\u00fcren bekommt, sollte sie sich im internationalen Klimaschutz besonders engagieren und mit ihrem guten Ruf und ihrer Innovationskraft mit gutem Beispiel vorangehen, schrieben die Akademien [Forum ProClim der Akademien, Bericht \u00abBrennpunkt Klima Schweiz\u00bb].<\/em> Von diesem besonderen Engagement ist nach den Nationalrats-L\u00fcgen wirklich nichts zu sp\u00fcren. Insbesondere die L\u00fcgen der SVP sind mindestens so arg wie die des Klimawandelleugners Donald Trump. <\/p>\n<p>Ab heute muss die zivilgesellschaftliche Hauptbotschaft lauten: <strong>Keine fossilen Brenn- und Treibstoffe sp\u00e4testens ab dem Jahr 2040!<\/strong> <a href=\"http:\/\/www.umweltnetz.ch\/content\/atom-und-fossilfrei-wenn-wir-es-wirklich-wollen\" target=\"_blank\">Wenn wir wollen<\/a>, ist dies gut m\u00f6glich, aber eben, wir m\u00fcssen es wollen! Alles andere sind Klimaschutz-L\u00fcgen!<\/p>\n<p>\n","protected":false},"excerpt":{"rendered":"<p>Am 2. M\u00f6rz 2017 hat sich der Nationalrat dazu entschlossen, das Pariser Klimaschutz-\u00dcbereinkommen zu unterzeichnen. Allerdings hat der Nationalrat nicht die Absicht, dieses \u00dcbereinkommen wirklich umzusetzen. Solche L\u00fcgen kann und darf die Schweiz nicht akzeptieren. Wir wollen endlich ehrlichen und echten Klimaschutz.<\/p>\n","protected":false},"author":2,"featured_media":0,"comment_status":"open","ping_status":"closed","sticky":false,"template":"","format":"standard","meta":{"ngg_post_thumbnail":0,"_jetpack_memberships_contains_paid_content":false,"footnotes":""},"categories":[4,5],"tags":[1951,1948,1949,1950,792,1901],"class_list":["post-6717","post","type-post","status-publish","format-standard","hentry","category-energie-und-klimaschutz","category-politik","tag-ausstieg-aus-den-fossilen-und-nuklearen-energien","tag-echter-klimaschutz","tag-ehrlicher-klimaschutz","tag-klimaschutz-luegen","tag-nationalrat","tag-pariser-klimaschutz-uebereinkommen"],"aioseo_notices":[],"jetpack_featured_media_url":"","jetpack_sharing_enabled":true,"_links":{"self":[{"href":"https:\/\/www.umweltnetz.ch\/content\/wp-json\/wp\/v2\/posts\/6717","targetHints":{"allow":["GET"]}}],"collection":[{"href":"https:\/\/www.umweltnetz.ch\/content\/wp-json\/wp\/v2\/posts"}],"about":[{"href":"https:\/\/www.umweltnetz.ch\/content\/wp-json\/wp\/v2\/types\/post"}],"author":[{"embeddable":true,"href":"https:\/\/www.umweltnetz.ch\/content\/wp-json\/wp\/v2\/users\/2"}],"replies":[{"embeddable":true,"href":"https:\/\/www.umweltnetz.ch\/content\/wp-json\/wp\/v2\/comments?post=6717"}],"version-history":[{"count":1,"href":"https:\/\/www.umweltnetz.ch\/content\/wp-json\/wp\/v2\/posts\/6717\/revisions"}],"predecessor-version":[{"id":6718,"href":"https:\/\/www.umweltnetz.ch\/content\/wp-json\/wp\/v2\/posts\/6717\/revisions\/6718"}],"wp:attachment":[{"href":"https:\/\/www.umweltnetz.ch\/content\/wp-json\/wp\/v2\/media?parent=6717"}],"wp:term":[{"taxonomy":"category","embeddable":true,"href":"https:\/\/www.umweltnetz.ch\/content\/wp-json\/wp\/v2\/categories?post=6717"},{"taxonomy":"post_tag","embeddable":true,"href":"https:\/\/www.umweltnetz.ch\/content\/wp-json\/wp\/v2\/tags?post=6717"}],"curies":[{"name":"wp","href":"https:\/\/api.w.org\/{rel}","templated":true}]}}