{"id":6565,"date":"2016-10-13T09:34:58","date_gmt":"2016-10-13T07:34:58","guid":{"rendered":"http:\/\/www.umweltnetz.ch\/content\/?p=6565"},"modified":"2016-11-16T22:50:55","modified_gmt":"2016-11-16T21:50:55","slug":"stromversorgung-funktioniert-auch-ohne-atomkraftwerke","status":"publish","type":"post","link":"https:\/\/www.umweltnetz.ch\/content\/stromversorgung-funktioniert-auch-ohne-atomkraftwerke","title":{"rendered":"Stromversorgung funktioniert auch ohne Atomkraftwerke"},"content":{"rendered":"<p>Atomenergie wird zum Beispiel vom Bundesrat oder vom Z\u00fcrcher Regierungsrat als existenzieller Beitrag zur Stromversorgung bezeichnet. Wie sich am Beispiel der beiden Stromversorger ewz (Stadt Z\u00fcrich) und EKZ (grosse Teile Kanton Z\u00fcrich)  zeigen l\u00e4sst, ist dies eine weitere Propaganda-L\u00fcge der Atomlobby.<\/p>\n<p><!--more--><\/p>\n<p>zur <a href=\"https:\/\/www.geordneter-atomausstieg-ja.ch\/de\/\" target=\"_blank\">Kampagne \u00abJa zum geordneten Atomausstieg\u00bb<\/a> <\/p>\n<p>Auf der Internet-Seite <a href=\"http:\/\/www.stromkennzeichnung.ch\/\" target=\"_blank\">www.stromkennzeichnung.ch<\/a> l\u00e4sst sich mit wenig Aufwand feststellen, welche Stromqualit\u00e4ten die Stromversorger an ihre KundInnen liefern.<\/p>\n<p>Die Elektrizit\u00e4tswerke des Kantons Z\u00fcrich haben im Jahr 2011 38.2 Prozent des von den Strom-KundInnen verbrauchten Stroms aus Atomkraftwerken bezogen \u2013 im Jahr 2015 taucht Atomstrom (nach stromkennzeichnung.ch \u00abKernenergie\u00bb) nicht mehr als Bestandteil des EKZ-Strommix auf. Das heisst: EKZ ist aus der Atomenergie ausgestiegen, offenbar ohne dass dies die im EKZ-Verwaltungsrat vertretenen Regierungsr\u00e4te Markus K\u00e4gi (SVP) und Ernst Stocker (SVP) wissen. 12.7 Prozent des im Jahr 2015 an die EKZ-KundInnen gelieferten Stroms entf\u00e4llt auf \u00abnicht \u00fcberpr\u00fcfbare Energietr\u00e4ger\u00bb &#8211; voraussichtlich Graustrom aus dem europ\u00e4ischen Markt, nicht zwingend fossil- oder atomfreier Herkunft. Es braucht bei EKZ also nur noch kleine Anstrengungen, um vollst\u00e4ndig auf Stromqualit\u00e4ten aus erneuerbaren Energien umzustellen.<\/p>\n<p>Das Elektrizit\u00e4tswerk der Stadt Z\u00fcrich (ewz) weist im Lieferantenmix f\u00fcr das Jahr 2011 einen Atomstromanteil von 27.6 Prozent aus, im Jahr 2015 waren es nur noch 10.8 Prozent. Auch dieser bereits kleine Atomstrom-Anteil ist weiter reduzierbar.<\/p>\n<p>In www.stromkennzeichnung.ch sind nach wie vor insbesondere kleine Stromversorger zu finden, die einen hohen Atomstromanteil ausweisen. In den Entscheidungsgremien dieser Versorger sitzen h\u00e4ufig SVP- und FDP-PolitikerInnen \u2013 weil diese an der Atomenergie festhalten wollen, verfolgen sie diese Strategie auch bei den Stromversorgern, bei denen sie in den massgeblichen Gremien sitzen. Die vorgebliche Abh\u00e4ngigkeit vom Atomstrom ist also bewusst herbeigef\u00fchrt \u2013 wie die Beispiele von EKZ und ewz zeigen, l\u00e4sst sich dies einfach ver\u00e4ndern. Dazu reichen die durch die <a href=\"https:\/\/www.geordneter-atomausstieg-ja.ch\/de\/\" target=\"_blank\">Atomausstiegsinitiative<\/a> vorgegebenen Zeitr\u00e4ume bestens aus.<\/p>\n<p>F\u00fcr eine atom- und fossilfreie Stromversorgung: <strong>JA am 27. November 2016 zur Volksinitiative \u00abF\u00fcr den geordneten Ausstieg aus der Atomenergie (Atomausstiegsinitiative)\u00bb!<\/strong>      <\/p>\n<p>\n","protected":false},"excerpt":{"rendered":"<p>Atomenergie wird zum Beispiel vom Bundesrat oder vom Z\u00fcrcher Regierungsrat als existenzieller Beitrag zur Stromversorgung bezeichnet. Wie sich am Beispiel der beiden Stromversorger ewz (Stadt Z\u00fcrich) und EKZ (grosse Teile Kanton Z\u00fcrich) zeigen l\u00e4sst, ist dies eine weitere Propaganda-L\u00fcge der Atomlobby.<\/p>\n","protected":false},"author":2,"featured_media":0,"comment_status":"open","ping_status":"closed","sticky":false,"template":"","format":"standard","meta":{"ngg_post_thumbnail":0,"_jetpack_memberships_contains_paid_content":false,"footnotes":""},"categories":[4,5],"tags":[832,40,1878,1858],"class_list":["post-6565","post","type-post","status-publish","format-standard","hentry","category-energie-und-klimaschutz","category-politik","tag-atomausstiegsinitiative","tag-atomenergie","tag-ja-zum-ausstieg-aus-der-atomenergie","tag-volksabstimmung-27-november-2016"],"aioseo_notices":[],"jetpack_featured_media_url":"","jetpack_sharing_enabled":true,"_links":{"self":[{"href":"https:\/\/www.umweltnetz.ch\/content\/wp-json\/wp\/v2\/posts\/6565","targetHints":{"allow":["GET"]}}],"collection":[{"href":"https:\/\/www.umweltnetz.ch\/content\/wp-json\/wp\/v2\/posts"}],"about":[{"href":"https:\/\/www.umweltnetz.ch\/content\/wp-json\/wp\/v2\/types\/post"}],"author":[{"embeddable":true,"href":"https:\/\/www.umweltnetz.ch\/content\/wp-json\/wp\/v2\/users\/2"}],"replies":[{"embeddable":true,"href":"https:\/\/www.umweltnetz.ch\/content\/wp-json\/wp\/v2\/comments?post=6565"}],"version-history":[{"count":2,"href":"https:\/\/www.umweltnetz.ch\/content\/wp-json\/wp\/v2\/posts\/6565\/revisions"}],"predecessor-version":[{"id":6614,"href":"https:\/\/www.umweltnetz.ch\/content\/wp-json\/wp\/v2\/posts\/6565\/revisions\/6614"}],"wp:attachment":[{"href":"https:\/\/www.umweltnetz.ch\/content\/wp-json\/wp\/v2\/media?parent=6565"}],"wp:term":[{"taxonomy":"category","embeddable":true,"href":"https:\/\/www.umweltnetz.ch\/content\/wp-json\/wp\/v2\/categories?post=6565"},{"taxonomy":"post_tag","embeddable":true,"href":"https:\/\/www.umweltnetz.ch\/content\/wp-json\/wp\/v2\/tags?post=6565"}],"curies":[{"name":"wp","href":"https:\/\/api.w.org\/{rel}","templated":true}]}}