{"id":6523,"date":"2016-07-26T10:44:45","date_gmt":"2016-07-26T08:44:45","guid":{"rendered":"http:\/\/www.umweltnetz.ch\/content\/?p=6523"},"modified":"2016-07-26T10:44:45","modified_gmt":"2016-07-26T08:44:45","slug":"solar-impulse-erfolgsfaktoren-fuer-energie-und-klimaschutz-politik","status":"publish","type":"post","link":"https:\/\/www.umweltnetz.ch\/content\/solar-impulse-erfolgsfaktoren-fuer-energie-und-klimaschutz-politik","title":{"rendered":"Solar Impulse \u2013 Erfolgsfaktoren f\u00fcr Energie- und Klimaschutz-Politik"},"content":{"rendered":"<p>Mit Solarenergie um die Erde fliegen \u2013 wenn wir dies wollen, dann k\u00f6nnen wir dies. Das hat das Team um Bertrand Piccard und Andr\u00e9 Borschberg mit 17 teils mehrt\u00e4gigen Etappen mit dem Solarflieger \u00abSolar Impulse 2\u00bb gezeigt. \u00abSolar Impulse 2\u00bb illustriert zentrale Erfolgsfaktoren, auf die auch eine zukunftsgerichtete Energie- und Klimaschutz-Politik angewiesen ist.<\/p>\n<p><!--more--><\/p>\n<p>\u00abSolar Impulse 2\u00bb ist ein weiterer Beleg daf\u00fcr, dass das Wollen ein zentraler Aspekt des Erfolges ist. Es mag sein, dass das Wollen durch die Familien-Geschichte der Piccard-Pioniere quasi vorgegeben ist. Alle Piccards sind allerdings f\u00fcr die Erreichung ihrer Ziele auf Teams, auf grosse Teams angewiesen. Nicht ohne Grund verwende ich deshalb die Formulierung \u00abwenn wir es wollen\u00bb, siehe auch <a href=\"http:\/\/www.umweltnetz.ch\/content\/wenn-wir-es-wollen-zu-kraftwerk-schweiz-von-anton-gunzinger\" target=\"_blank\">hier<\/a>.<\/p>\n<p>Ob nun Flugzeuge zuk\u00fcnftig tats\u00e4chlich mit Sonnenenergie in der von \u00abSolar Impulse 2\u00bb verwendeten Form unterwegs sein werden, spielt nicht wirklich eine Rolle. Den entscheidenden Impuls vermittelt \u00abSolar Impulse 2\u00bb durch den Beleg, dass Fliegen auch ohne fossile Energien m\u00f6glich ist. Das gilt auch dann, wenn all die konventionellen Fl\u00fcge des Piccard\/Borschberg-Teams einbezogen werden. W\u00e4hrend der letzten Etappe der Solarflug-Weltumrundung titelte die amerikanische Umweltbeh\u00f6rde EPA: <a href=\"https:\/\/www.epa.gov\/newsreleases\/epa-determines-aircraft-emissions-contribute-climate-change-endangering-public-health-0\" target=\"_blank\">Aircraft Emissions Contribute to Climate Change Endangering Public Health and the Environment<\/a>. Wir kommen gar nicht darum herum, andere Antriebsarten f\u00fcr den Flugverkehr zu suchen \u2013 selbstverst\u00e4ndlich basierend auf erneuerbaren, nachhaltig nutzbaren Energietr\u00e4gern. Wenn wir dies wirklich wollen, dann schaffen wir dies \u2013 \u00abSolar Impulse 2\u00bb belegt dies.<\/p>\n<p>F\u00fcr Bertrand Piccard ist dies bekanntlich der zweite Weltrekord-Weltumrundungserfolg. Der Ballonflug mit Breitling Orbiter und die Nachfolgefl\u00fcge von Steve Fossett und Fedor Konjuchow weisen darauf hin, dass es klug sein k\u00f6nnte, f\u00fcr den Flugverkehr zuk\u00fcnftig Auftrieb und Vortrieb funktionell zu trennen. Der Konjuchow-Rekord f\u00fcr die Weltumrundung dauerte elf Tage (ohne Zwischenlandung) \u2013 mit 16 Zwischenlandungen brauchte \u00abSolar Impulse 2\u00bb etwas mehr als 23 Tage reine Flugzeit f\u00fcr die Erdumrundung. Luftschiffe erreichen zwar derzeit nicht die Spitzengeschwindigkeiten heutiger Verkehrsflugzeuge, daf\u00fcr bieten sie deutlich mehr Beinfreiheit respektive Komfort. <\/p>\n<p>M\u00f6glicherweise ist auch der Ansatz der direkten Solarstromversorgung w\u00e4hrend des Fluges nicht die einzige L\u00f6sung. Allenfalls ist wie bei den Elektrofahrzeugen die Trennung von Energieproduktion, -speicherung und -transport l\u00e4ngerfristig zielf\u00fchrend. Auch die \u00abTour de Sol\u00bb hat 1985 bis 1993 Impulse gegeben \u2013 die heutigen Elektrofahrzeuge sehen wesentlich anders aus!<\/p>\n<hr>\n<p>\u00abSolar Impulse\u00bb wurde in den letzten Wochen und Monaten h\u00e4ufig von meinem <a href=\"http:\/\/www.umweltnetz.ch\/content\/bot-als-news-assistent-ist-das-die-zeitung-von-heute-und-morgen\" target=\"_blank\">News-Bot<\/a> gefunden \u2013 es ist daher naheliegend, dass ich diese Kombination im Titel dieses Blog-Beitrages aufnehme.<\/p>\n<p>\n","protected":false},"excerpt":{"rendered":"<p>Mit Solarenergie um die Erde fliegen \u2013 wenn wir dies wollen, dann k\u00f6nnen wir dies. Das hat das Team um Bertrand Piccard und Andr\u00e9 Borschberg mit 17 teils mehrt\u00e4gigen Etappen mit dem Solarflieger \u00abSolar Impulse 2\u00bb gezeigt. \u00abSolar Impulse 2\u00bb illustriert zentrale Erfolgsfaktoren, auf die auch eine zukunftsgerichtete Energie- und Klimaschutz-Politik angewiesen ist.<\/p>\n","protected":false},"author":2,"featured_media":0,"comment_status":"open","ping_status":"closed","sticky":false,"template":"","format":"standard","meta":{"ngg_post_thumbnail":0,"_jetpack_newsletter_access":"","_jetpack_dont_email_post_to_subs":false,"_jetpack_newsletter_tier_id":0,"_jetpack_memberships_contains_paywalled_content":false,"_jetpack_feature_clip_id":0,"_jetpack_memberships_contains_paid_content":false,"footnotes":"","jetpack_post_was_ever_published":false},"categories":[4],"tags":[1853,1852,37,1696,1854,909,1720],"class_list":["post-6523","post","type-post","status-publish","format-standard","hentry","category-energie-und-klimaschutz","tag-andre-borschberg","tag-bertrand-piccard","tag-energiepolitik","tag-erfolgsfaktoren","tag-impulse","tag-klimaschutzpolitik","tag-solar-impulse"],"aioseo_notices":[],"aioseo_head":"\n\t\t<!-- All in One SEO 5.0.1.1 - aioseo.com -->\n\t<meta name=\"robots\" content=\"max-image-preview:large\" \/>\n\t<meta name=\"author\" content=\"Toni W. P\u00fcntener\"\/>\n\t<link rel=\"canonical\" href=\"https:\/\/www.umweltnetz.ch\/content\/solar-impulse-erfolgsfaktoren-fuer-energie-und-klimaschutz-politik\" \/>\n\t<meta name=\"generator\" content=\"All in One SEO (AIOSEO) 5.0.1.1\" \/>\n\t\t<meta property=\"og:locale\" content=\"de_DE\" \/>\n\t\t<meta property=\"og:site_name\" content=\"umweltnetz.ch | Umwelt und Politik - ein Internet-Angebot von Toni W. P\u00fcntener\" \/>\n\t\t<meta property=\"og:type\" content=\"article\" \/>\n\t\t<meta property=\"og:title\" content=\"Solar Impulse \u2013 Erfolgsfaktoren f\u00fcr Energie- und Klimaschutz-Politik | umweltnetz.ch\" \/>\n\t\t<meta property=\"og:url\" content=\"https:\/\/www.umweltnetz.ch\/content\/solar-impulse-erfolgsfaktoren-fuer-energie-und-klimaschutz-politik\" \/>\n\t\t<meta property=\"article:published_time\" content=\"2016-07-26T08:44:45+00:00\" \/>\n\t\t<meta property=\"article:modified_time\" content=\"2016-07-26T08:44:45+00:00\" \/>\n\t\t<meta name=\"twitter:card\" content=\"summary\" \/>\n\t\t<meta name=\"twitter:title\" content=\"Solar Impulse \u2013 Erfolgsfaktoren f\u00fcr Energie- und Klimaschutz-Politik | umweltnetz.ch\" \/>\n\t\t<script type=\"application\/ld+json\" class=\"aioseo-schema\">\n\t\t\t{\"@context\":\"https:\\\/\\\/schema.org\",\"@graph\":[{\"@type\":\"Article\",\"@id\":\"https:\\\/\\\/www.umweltnetz.ch\\\/content\\\/solar-impulse-erfolgsfaktoren-fuer-energie-und-klimaschutz-politik#article\",\"name\":\"Solar Impulse \\u2013 Erfolgsfaktoren f\\u00fcr Energie- und Klimaschutz-Politik | umweltnetz.ch\",\"headline\":\"Solar Impulse \\u2013 Erfolgsfaktoren f\\u00fcr Energie- und Klimaschutz-Politik\",\"author\":{\"@id\":\"https:\\\/\\\/www.umweltnetz.ch\\\/content\\\/author\\\/twp#author\"},\"publisher\":{\"@id\":\"https:\\\/\\\/www.umweltnetz.ch\\\/content\\\/#organization\"},\"datePublished\":\"2016-07-26T10:44:45+02:00\",\"dateModified\":\"2016-07-26T10:44:45+02:00\",\"inLanguage\":\"de-DE\",\"mainEntityOfPage\":{\"@id\":\"https:\\\/\\\/www.umweltnetz.ch\\\/content\\\/solar-impulse-erfolgsfaktoren-fuer-energie-und-klimaschutz-politik#webpage\"},\"isPartOf\":{\"@id\":\"https:\\\/\\\/www.umweltnetz.ch\\\/content\\\/solar-impulse-erfolgsfaktoren-fuer-energie-und-klimaschutz-politik#webpage\"},\"articleSection\":\"Energie und Klimaschutz, Andr\\u00e9 Borschberg, Bertrand Piccard, Energiepolitik, Erfolgsfaktoren, Impulse, Klimaschutzpolitik, Solar Impulse\"},{\"@type\":\"BreadcrumbList\",\"@id\":\"https:\\\/\\\/www.umweltnetz.ch\\\/content\\\/solar-impulse-erfolgsfaktoren-fuer-energie-und-klimaschutz-politik#breadcrumblist\",\"itemListElement\":[{\"@type\":\"ListItem\",\"@id\":\"https:\\\/\\\/www.umweltnetz.ch\\\/content#listItem\",\"position\":1,\"name\":\"Home\",\"item\":\"https:\\\/\\\/www.umweltnetz.ch\\\/content\",\"nextItem\":{\"@type\":\"ListItem\",\"@id\":\"https:\\\/\\\/www.umweltnetz.ch\\\/content\\\/category\\\/energie-und-klimaschutz#listItem\",\"name\":\"Energie und Klimaschutz\"}},{\"@type\":\"ListItem\",\"@id\":\"https:\\\/\\\/www.umweltnetz.ch\\\/content\\\/category\\\/energie-und-klimaschutz#listItem\",\"position\":2,\"name\":\"Energie und Klimaschutz\",\"item\":\"https:\\\/\\\/www.umweltnetz.ch\\\/content\\\/category\\\/energie-und-klimaschutz\",\"nextItem\":{\"@type\":\"ListItem\",\"@id\":\"https:\\\/\\\/www.umweltnetz.ch\\\/content\\\/solar-impulse-erfolgsfaktoren-fuer-energie-und-klimaschutz-politik#listItem\",\"name\":\"Solar Impulse \\u2013 Erfolgsfaktoren f\\u00fcr Energie- und Klimaschutz-Politik\"},\"previousItem\":{\"@type\":\"ListItem\",\"@id\":\"https:\\\/\\\/www.umweltnetz.ch\\\/content#listItem\",\"name\":\"Home\"}},{\"@type\":\"ListItem\",\"@id\":\"https:\\\/\\\/www.umweltnetz.ch\\\/content\\\/solar-impulse-erfolgsfaktoren-fuer-energie-und-klimaschutz-politik#listItem\",\"position\":3,\"name\":\"Solar Impulse \\u2013 Erfolgsfaktoren f\\u00fcr Energie- und Klimaschutz-Politik\",\"previousItem\":{\"@type\":\"ListItem\",\"@id\":\"https:\\\/\\\/www.umweltnetz.ch\\\/content\\\/category\\\/energie-und-klimaschutz#listItem\",\"name\":\"Energie und Klimaschutz\"}}]},{\"@type\":\"Organization\",\"@id\":\"https:\\\/\\\/www.umweltnetz.ch\\\/content\\\/#organization\",\"name\":\"umweltnetz.ch\",\"description\":\"Umwelt und Politik - ein Internet-Angebot von Toni W. P\\u00fcntener\",\"url\":\"https:\\\/\\\/www.umweltnetz.ch\\\/content\\\/\"},{\"@type\":\"Person\",\"@id\":\"https:\\\/\\\/www.umweltnetz.ch\\\/content\\\/author\\\/twp#author\",\"url\":\"https:\\\/\\\/www.umweltnetz.ch\\\/content\\\/author\\\/twp\",\"name\":\"Toni W. P\\u00fcntener\",\"image\":{\"@type\":\"ImageObject\",\"@id\":\"https:\\\/\\\/www.umweltnetz.ch\\\/content\\\/solar-impulse-erfolgsfaktoren-fuer-energie-und-klimaschutz-politik#authorImage\",\"url\":\"https:\\\/\\\/secure.gravatar.com\\\/avatar\\\/b4b38790bfc673702bc7f3864264936e7baf1594c44260587ec4964490a262b9?s=96&d=mm&r=g\",\"width\":96,\"height\":96,\"caption\":\"Toni W. P\\u00fcntener\"}},{\"@type\":\"WebPage\",\"@id\":\"https:\\\/\\\/www.umweltnetz.ch\\\/content\\\/solar-impulse-erfolgsfaktoren-fuer-energie-und-klimaschutz-politik#webpage\",\"url\":\"https:\\\/\\\/www.umweltnetz.ch\\\/content\\\/solar-impulse-erfolgsfaktoren-fuer-energie-und-klimaschutz-politik\",\"name\":\"Solar Impulse \\u2013 Erfolgsfaktoren f\\u00fcr Energie- und Klimaschutz-Politik | umweltnetz.ch\",\"inLanguage\":\"de-DE\",\"isPartOf\":{\"@id\":\"https:\\\/\\\/www.umweltnetz.ch\\\/content\\\/#website\"},\"breadcrumb\":{\"@id\":\"https:\\\/\\\/www.umweltnetz.ch\\\/content\\\/solar-impulse-erfolgsfaktoren-fuer-energie-und-klimaschutz-politik#breadcrumblist\"},\"author\":{\"@id\":\"https:\\\/\\\/www.umweltnetz.ch\\\/content\\\/author\\\/twp#author\"},\"creator\":{\"@id\":\"https:\\\/\\\/www.umweltnetz.ch\\\/content\\\/author\\\/twp#author\"},\"datePublished\":\"2016-07-26T10:44:45+02:00\",\"dateModified\":\"2016-07-26T10:44:45+02:00\"},{\"@type\":\"WebSite\",\"@id\":\"https:\\\/\\\/www.umweltnetz.ch\\\/content\\\/#website\",\"url\":\"https:\\\/\\\/www.umweltnetz.ch\\\/content\\\/\",\"name\":\"umweltnetz.ch\",\"description\":\"Umwelt und Politik - ein Internet-Angebot von Toni W. P\\u00fcntener\",\"inLanguage\":\"de-DE\",\"publisher\":{\"@id\":\"https:\\\/\\\/www.umweltnetz.ch\\\/content\\\/#organization\"}}]}\n\t\t<\/script>\n\t\t<!-- All in One SEO -->\n\n","aioseo_head_json":{"title":"Solar Impulse \u2013 Erfolgsfaktoren f\u00fcr Energie- und Klimaschutz-Politik | umweltnetz.ch","description":"","canonical_url":"https:\/\/www.umweltnetz.ch\/content\/solar-impulse-erfolgsfaktoren-fuer-energie-und-klimaschutz-politik","robots":"max-image-preview:large","keywords":"","webmasterTools":{"miscellaneous":""},"schema":{"@context":"https:\/\/schema.org","@graph":[{"@type":"Article","@id":"https:\/\/www.umweltnetz.ch\/content\/solar-impulse-erfolgsfaktoren-fuer-energie-und-klimaschutz-politik#article","name":"Solar Impulse \u2013 Erfolgsfaktoren f\u00fcr Energie- und Klimaschutz-Politik | umweltnetz.ch","headline":"Solar Impulse \u2013 Erfolgsfaktoren f\u00fcr Energie- und Klimaschutz-Politik","author":{"@id":"https:\/\/www.umweltnetz.ch\/content\/author\/twp#author"},"publisher":{"@id":"https:\/\/www.umweltnetz.ch\/content\/#organization"},"datePublished":"2016-07-26T10:44:45+02:00","dateModified":"2016-07-26T10:44:45+02:00","inLanguage":"de-DE","mainEntityOfPage":{"@id":"https:\/\/www.umweltnetz.ch\/content\/solar-impulse-erfolgsfaktoren-fuer-energie-und-klimaschutz-politik#webpage"},"isPartOf":{"@id":"https:\/\/www.umweltnetz.ch\/content\/solar-impulse-erfolgsfaktoren-fuer-energie-und-klimaschutz-politik#webpage"},"articleSection":"Energie und Klimaschutz, Andr\u00e9 Borschberg, Bertrand Piccard, Energiepolitik, Erfolgsfaktoren, Impulse, Klimaschutzpolitik, Solar Impulse"},{"@type":"BreadcrumbList","@id":"https:\/\/www.umweltnetz.ch\/content\/solar-impulse-erfolgsfaktoren-fuer-energie-und-klimaschutz-politik#breadcrumblist","itemListElement":[{"@type":"ListItem","@id":"https:\/\/www.umweltnetz.ch\/content#listItem","position":1,"name":"Home","item":"https:\/\/www.umweltnetz.ch\/content","nextItem":{"@type":"ListItem","@id":"https:\/\/www.umweltnetz.ch\/content\/category\/energie-und-klimaschutz#listItem","name":"Energie und Klimaschutz"}},{"@type":"ListItem","@id":"https:\/\/www.umweltnetz.ch\/content\/category\/energie-und-klimaschutz#listItem","position":2,"name":"Energie und Klimaschutz","item":"https:\/\/www.umweltnetz.ch\/content\/category\/energie-und-klimaschutz","nextItem":{"@type":"ListItem","@id":"https:\/\/www.umweltnetz.ch\/content\/solar-impulse-erfolgsfaktoren-fuer-energie-und-klimaschutz-politik#listItem","name":"Solar Impulse \u2013 Erfolgsfaktoren f\u00fcr Energie- und Klimaschutz-Politik"},"previousItem":{"@type":"ListItem","@id":"https:\/\/www.umweltnetz.ch\/content#listItem","name":"Home"}},{"@type":"ListItem","@id":"https:\/\/www.umweltnetz.ch\/content\/solar-impulse-erfolgsfaktoren-fuer-energie-und-klimaschutz-politik#listItem","position":3,"name":"Solar Impulse \u2013 Erfolgsfaktoren f\u00fcr Energie- und Klimaschutz-Politik","previousItem":{"@type":"ListItem","@id":"https:\/\/www.umweltnetz.ch\/content\/category\/energie-und-klimaschutz#listItem","name":"Energie und Klimaschutz"}}]},{"@type":"Organization","@id":"https:\/\/www.umweltnetz.ch\/content\/#organization","name":"umweltnetz.ch","description":"Umwelt und Politik - ein Internet-Angebot von Toni W. P\u00fcntener","url":"https:\/\/www.umweltnetz.ch\/content\/"},{"@type":"Person","@id":"https:\/\/www.umweltnetz.ch\/content\/author\/twp#author","url":"https:\/\/www.umweltnetz.ch\/content\/author\/twp","name":"Toni W. P\u00fcntener","image":{"@type":"ImageObject","@id":"https:\/\/www.umweltnetz.ch\/content\/solar-impulse-erfolgsfaktoren-fuer-energie-und-klimaschutz-politik#authorImage","url":"https:\/\/secure.gravatar.com\/avatar\/b4b38790bfc673702bc7f3864264936e7baf1594c44260587ec4964490a262b9?s=96&d=mm&r=g","width":96,"height":96,"caption":"Toni W. P\u00fcntener"}},{"@type":"WebPage","@id":"https:\/\/www.umweltnetz.ch\/content\/solar-impulse-erfolgsfaktoren-fuer-energie-und-klimaschutz-politik#webpage","url":"https:\/\/www.umweltnetz.ch\/content\/solar-impulse-erfolgsfaktoren-fuer-energie-und-klimaschutz-politik","name":"Solar Impulse \u2013 Erfolgsfaktoren f\u00fcr Energie- und Klimaschutz-Politik | umweltnetz.ch","inLanguage":"de-DE","isPartOf":{"@id":"https:\/\/www.umweltnetz.ch\/content\/#website"},"breadcrumb":{"@id":"https:\/\/www.umweltnetz.ch\/content\/solar-impulse-erfolgsfaktoren-fuer-energie-und-klimaschutz-politik#breadcrumblist"},"author":{"@id":"https:\/\/www.umweltnetz.ch\/content\/author\/twp#author"},"creator":{"@id":"https:\/\/www.umweltnetz.ch\/content\/author\/twp#author"},"datePublished":"2016-07-26T10:44:45+02:00","dateModified":"2016-07-26T10:44:45+02:00"},{"@type":"WebSite","@id":"https:\/\/www.umweltnetz.ch\/content\/#website","url":"https:\/\/www.umweltnetz.ch\/content\/","name":"umweltnetz.ch","description":"Umwelt und Politik - ein Internet-Angebot von Toni W. P\u00fcntener","inLanguage":"de-DE","publisher":{"@id":"https:\/\/www.umweltnetz.ch\/content\/#organization"}}]},"og:locale":"de_DE","og:site_name":"umweltnetz.ch | Umwelt und Politik - ein Internet-Angebot von Toni W. P\u00fcntener","og:type":"article","og:title":"Solar Impulse \u2013 Erfolgsfaktoren f\u00fcr Energie- und Klimaschutz-Politik | umweltnetz.ch","og:url":"https:\/\/www.umweltnetz.ch\/content\/solar-impulse-erfolgsfaktoren-fuer-energie-und-klimaschutz-politik","article:published_time":"2016-07-26T08:44:45+00:00","article:modified_time":"2016-07-26T08:44:45+00:00","twitter:card":"summary","twitter:title":"Solar Impulse \u2013 Erfolgsfaktoren f\u00fcr Energie- und Klimaschutz-Politik | umweltnetz.ch"},"aioseo_meta_data":{"post_id":"6523","title":null,"description":null,"keywords":null,"keyphrases":null,"primary_term":null,"canonical_url":null,"og_title":null,"og_description":null,"og_object_type":"default","og_image_type":"default","og_image_url":null,"og_image_width":null,"og_image_height":null,"og_image_custom_url":null,"og_image_custom_fields":null,"og_video":null,"og_custom_url":null,"og_article_section":null,"og_article_tags":null,"twitter_use_og":false,"twitter_card":"default","twitter_image_type":"default","twitter_image_url":null,"twitter_image_custom_url":null,"twitter_image_custom_fields":null,"twitter_title":null,"twitter_description":null,"schema":{"blockGraphs":[],"customGraphs":[],"default":{"data":{"Article":[],"Course":[],"Dataset":[],"FAQPage":[],"Movie":[],"Person":[],"Product":[],"ProductReview":[],"Car":[],"Recipe":[],"Service":[],"SoftwareApplication":[],"WebPage":[]},"graphName":"","isEnabled":true},"graphs":[]},"schema_type":null,"schema_type_options":null,"pillar_content":false,"robots_default":true,"robots_noindex":false,"robots_noarchive":false,"robots_nosnippet":false,"robots_nofollow":false,"robots_noimageindex":false,"robots_noodp":false,"robots_notranslate":false,"robots_max_snippet":null,"robots_max_videopreview":null,"robots_max_imagepreview":"large","priority":null,"frequency":null,"location":null,"local_seo":null,"breadcrumb_settings":null,"limit_modified_date":false,"ai":null,"created":"2020-12-21 15:13:24","updated":"2025-06-03 21:42:01","seo_analyzer_scan_date":null,"focus_keyword":null,"additional_keywords":null,"truseo_locale":null},"aioseo_breadcrumb":"<div class=\"aioseo-breadcrumbs\"><span class=\"aioseo-breadcrumb\">\n\t\t\t<a href=\"https:\/\/www.umweltnetz.ch\/content\" title=\"Home\">Home<\/a>\n\t\t<\/span><span class=\"aioseo-breadcrumb-separator\">&raquo;<\/span><span class=\"aioseo-breadcrumb\">\n\t\t\t<a href=\"https:\/\/www.umweltnetz.ch\/content\/category\/energie-und-klimaschutz\" title=\"Energie und Klimaschutz\">Energie und Klimaschutz<\/a>\n\t\t<\/span><span class=\"aioseo-breadcrumb-separator\">&raquo;<\/span><span class=\"aioseo-breadcrumb\">\n\t\t\tSolar Impulse \u2013 Erfolgsfaktoren f\u00fcr Energie- und Klimaschutz-Politik\n\t\t<\/span><\/div>","aioseo_breadcrumb_json":[{"label":"Home","link":"https:\/\/www.umweltnetz.ch\/content"},{"label":"Energie und Klimaschutz","link":"https:\/\/www.umweltnetz.ch\/content\/category\/energie-und-klimaschutz"},{"label":"Solar Impulse \u2013 Erfolgsfaktoren f\u00fcr Energie- und Klimaschutz-Politik","link":"https:\/\/www.umweltnetz.ch\/content\/solar-impulse-erfolgsfaktoren-fuer-energie-und-klimaschutz-politik"}],"jetpack_sharing_enabled":true,"jetpack_featured_media_url":"","_links":{"self":[{"href":"https:\/\/www.umweltnetz.ch\/content\/wp-json\/wp\/v2\/posts\/6523","targetHints":{"allow":["GET"]}}],"collection":[{"href":"https:\/\/www.umweltnetz.ch\/content\/wp-json\/wp\/v2\/posts"}],"about":[{"href":"https:\/\/www.umweltnetz.ch\/content\/wp-json\/wp\/v2\/types\/post"}],"author":[{"embeddable":true,"href":"https:\/\/www.umweltnetz.ch\/content\/wp-json\/wp\/v2\/users\/2"}],"replies":[{"embeddable":true,"href":"https:\/\/www.umweltnetz.ch\/content\/wp-json\/wp\/v2\/comments?post=6523"}],"version-history":[{"count":1,"href":"https:\/\/www.umweltnetz.ch\/content\/wp-json\/wp\/v2\/posts\/6523\/revisions"}],"predecessor-version":[{"id":6524,"href":"https:\/\/www.umweltnetz.ch\/content\/wp-json\/wp\/v2\/posts\/6523\/revisions\/6524"}],"wp:attachment":[{"href":"https:\/\/www.umweltnetz.ch\/content\/wp-json\/wp\/v2\/media?parent=6523"}],"wp:term":[{"taxonomy":"category","embeddable":true,"href":"https:\/\/www.umweltnetz.ch\/content\/wp-json\/wp\/v2\/categories?post=6523"},{"taxonomy":"post_tag","embeddable":true,"href":"https:\/\/www.umweltnetz.ch\/content\/wp-json\/wp\/v2\/tags?post=6523"}],"curies":[{"name":"wp","href":"https:\/\/api.w.org\/{rel}","templated":true}]}}