{"id":6517,"date":"2016-07-25T14:18:46","date_gmt":"2016-07-25T12:18:46","guid":{"rendered":"http:\/\/www.umweltnetz.ch\/content\/?p=6517"},"modified":"2016-07-25T14:18:46","modified_gmt":"2016-07-25T12:18:46","slug":"zukunft-demokratie-und-gewaltfreiheit","status":"publish","type":"post","link":"https:\/\/www.umweltnetz.ch\/content\/zukunft-demokratie-und-gewaltfreiheit","title":{"rendered":"Zukunft: Demokratie und Gewaltfreiheit"},"content":{"rendered":"<p>Brexit, Putsch-\u00abTheater\u00bb in der T\u00fcrkei, Anschl\u00e4ge auf Menschengruppen, \u2026 \u2013 die letzten Monate haben einen nachdenklich machenden Einblick in die Gesellschaften insbesondere in Europa gew\u00e4hrt. Dabei spielt es keine Rolle, ob es sich um die ersten Auswirkungen des Mensch gemachten Klimawandels oder um die Reaktion auf Ver\u00e4nderungsprozesse handelt. Hybridregimes\/Diktaturen und Gewalt jeglicher Form scheinen derzeit an Einfluss zu gewinnen. Demokratie und Gewaltfreiheit sind die Zukunftshoffnung f\u00fcr alle Menschen auf dieser Erde.<\/p>\n<p><!--more--><\/p>\n<p>Dass die EU ein <a href=\"http:\/\/www.umweltnetz.ch\/content\/europaeische-union-eu-zunehmendes-demokratiedefizit\" target=\"_blank\">Demokratie-Defizit<\/a> aufweist, ist l\u00e4ngst bekannt. Dies f\u00fchrt unter anderem dazu, dass sich die EU im Wesentlichen mit sich selbst besch\u00e4ftigt \u2013 der Verhandlungunwille mit dem Nicht-EU-Mitglied Schweiz ist ein illustrativer Hinweis auf diese \u00abinnenpolitische\u00bb Fixierung der EU. Schon fast l\u00e4cherlich ist die Reaktion sowohl der Direktbetroffenen als auch des \u00abUmfeldes\u00bb auf die Abstimmung in Grossbritannien \u00fcber die EU-Mitgliedschaft (Brexit). Wenn die Stimmberechtigten in einem f\u00fcr die EU als bedeutsam eingestuften Land knapp, sehr knapp den Auftrag zur Pr\u00fcfung des EU-Ausstieg erteilen, bricht operative Hektik aus. Es wird allerdings nicht wirklich nach den Hintergr\u00fcnden des Abstimmungsausgangs gesucht, es wird nicht ermittelt, welche EU-Reformschritte es brauchen w\u00fcrde, um die Mehrheit der Stimmberechtigten in Grossbritannien von einem Verbleib bei der EU zu \u00fcberzeugen. Zur Erinnerung: Die Schweiz zeigt vor, dass es hin und wieder mehrere Anl\u00e4ufe braucht, um selbst selbstverst\u00e4ndliche Ver\u00e4nderungen (zum Beispiel Frauenstimmrecht) herbeizuf\u00fchren, dass es immer auch Vorst\u00f6sse besonders im Migrationsbereich gibt, die nicht l\u00f6sungsorientiert ausgestaltet sind, sondern herbeimanipulierte Protestvoten darstellen. Mehr Gewicht f\u00fcr die jungen Stimmberechtigten, auch f\u00fcr die noch nicht Stimmberechtigten, braucht es nicht wegen Brexit, sondern wegen der Zukunftsorientierung der Gesellschaftspolitik. Direkte Demokratie ist ein Lernprozess \u2013 direkte Demokratie ist dringend erforderlich, um die Demokratie-Defizite nicht nur der EU abzubauen.<\/p>\n<p>Nach dem <a href=\"https:\/\/de.wikipedia.org\/wiki\/Demokratieindex\" target=\"_blank\">Demokratie-Index von The Economist<\/a> herrscht in der T\u00fcrkei ein Hybridregime, mit autorit\u00e4rem Charakter bei den B\u00fcrgerrechten. Die Entwicklungen vor und nach dem (vorgeblichen?) Putsch Mitte Juli 2016 lassen erkennen, dass es in erster Linie um die Ausweitung der Machtf\u00fclle des willk\u00fcrlich agierenden Staatspr\u00e4sidenten Recep Tayyip Erdo\u011fan geht \u2013 Medien und Opposition haben in einem solchen System einen schweren Stand. Wenn davon ausgegangen wird, dass funktionierende Demokratien ein Erfolgsprodukt emanzipierter Gesellschaften sind, ist alles daran zu setzen, dass sich auch L\u00e4nder wie die T\u00fcrkei zu Demokratien weiterentwickeln. Insbesondere L\u00e4nder wie die Schweiz mit starken Demokratien, auch einer starken direkten Demokratie, m\u00fcssten derartige Entwicklungen einfordern. Die Schweiz verh\u00e4lt sich gegen\u00fcber Nahezu-Diktaturen sehr zur\u00fcckhaltend. Offenbar steht die exportwirtschaftliche Bedeutung von L\u00e4ndern wie der T\u00fcrkei im Vordergrund. Verh\u00e4lt sich die Schweiz somit als Hehlerin der Diktaturen?<\/p>\n<p>In meiner einige Jahrzehnte zur\u00fcckgehenden Wahrnehmung hat sich die Einsch\u00e4tzung von milit\u00e4rischer Gewalt deutlich ver\u00e4ndert. Nach den Vietnam-Protesten wurde milit\u00e4rische Gewalt geradezu ge\u00e4chtet, sp\u00e4testens mit den Balkankriegen Ende des 20. Jahrhunderts ver\u00e4nderte sich die \u00f6ffentliche Wahrnehmung, inklusive der neu entstehenden Rolle der USA als eine Art von Weltpolizei. Die milit\u00e4rische \u00abBeseitigung\u00bb von problematischen Machthabern wie Saddam Hussein und Muammar al-Gaddafi hat zu erkennen gegeben, dass offenbar Gewalt als Handlungsinstrument als legitim eingesch\u00e4tzt wird, auch wenn Gewalt in jeder Form offensichtlich eine Sackgasse oder ein \u00abTeufelskreis\u00bb ist. Das gilt f\u00fcr die Zeit nach den Diktatoren genau so wie f\u00fcr gewaltt\u00e4tige Anschl\u00e4ge (Paris, Nizza, Dallas, W\u00fcrzburg, M\u00fcnchen, Ansbach, \u2026), egal ob mit terroristischem, kriminellem oder psychischem Hintergrund.<\/p>\n<p>Diktaturen und Gewaltt\u00e4tigkeiten negieren in erster Linie die ethischen und moralischen Rechte und Pflichten jedes einzelnen Menschen. Dies gilt selbst dann, wenn sich Betroffene nicht an diesen Rechten und Pflichten orientieren. Allerdings ist hier anzumerken, dass es nach wie vor kein universelles Verst\u00e4ndnis dieser individuellen Rechte und Pflichten gibt, dass es keine generell akzeptierten universellen Menschenrechte gibt. Zudem ist davon auszugehen, dass fundamentale Differenzen \u00fcber die Inhalte von Menschenrechten geradezu zur Gewalteskalation beitragen (siehe z.B. <a href=\"https:\/\/de.wikipedia.org\/wiki\/Kairoer_Erkl%C3%A4rung_der_Menschenrechte_im_Islam#Bewertung\" target=\"_blank\">Wiki-Artikel mit Ausf\u00fchrungen zu Selbstjustiz<\/a>).<\/p>\n<hr>\n<p>Die Einsch\u00e4tzung von Demokratien, insbesondere der individuellen Menschenrechte und der Gewaltfreiheit hat einen gewissen Bezug etwa zu den Migrationsbewegungen zum Beispiel aus Vorderasien und Afrika Richtung Europa. Zu beachten sind dabei unser Umgang mit nat\u00fcrlichen Ressourcen \u2013 von fossilen Brenn- und Treibstoffen bis zu den seltenen Erden \u2013 und die ersten Folgen des Mensch gemachten Klimawandels. Es stellt sich durchaus die Frage, ob sowohl die Ressourcenthematik als auch der Mensch gemachte Klimawandel unter dem Gewaltaspekt einzusch\u00e4tzen w\u00e4ren. Eine <a href=\"http:\/\/www.umweltnetz.ch\/content\/nach-nuklear-und-nach-fossil-heute-beginnen\" target=\"_blank\">fossil- und nuklearfreie Energieversorgung<\/a>, welche sich auf nachhaltig genutzte lokal verf\u00fcgbare Energiequellen abst\u00fctzt, dient somit sowohl der Demokratie als auch der Gewaltfreiheit. <\/p>\n<p>\n","protected":false},"excerpt":{"rendered":"<p>Brexit, Putsch-\u00abTheater\u00bb in der T\u00fcrkei, Anschl\u00e4ge auf Menschengruppen, \u2026 \u2013 die letzten Monate haben einen nachdenklich machenden Einblick in die Gesellschaften insbesondere in Europa gew\u00e4hrt. Dabei spielt es keine Rolle, ob es sich um die ersten Auswirkungen des Mensch gemachten Klimawandels oder um die Reaktion auf Ver\u00e4nderungsprozesse handelt. Hybridregimes\/Diktaturen und Gewalt jeglicher Form scheinen derzeit &hellip; <a href=\"https:\/\/www.umweltnetz.ch\/content\/zukunft-demokratie-und-gewaltfreiheit\" class=\"more-link\"><span class=\"screen-reader-text\">\u201eZukunft: Demokratie und Gewaltfreiheit\u201c <\/span>weiterlesen<\/a><\/p>\n","protected":false},"author":2,"featured_media":0,"comment_status":"open","ping_status":"closed","sticky":false,"template":"","format":"standard","meta":{"ngg_post_thumbnail":0,"_jetpack_newsletter_access":"","_jetpack_dont_email_post_to_subs":false,"_jetpack_newsletter_tier_id":0,"_jetpack_memberships_contains_paywalled_content":false,"_jetpack_feature_clip_id":0,"_jetpack_memberships_contains_paid_content":false,"footnotes":"","jetpack_post_was_ever_published":false},"categories":[1,5],"tags":[99,1371,255],"class_list":["post-6517","post","type-post","status-publish","format-standard","hentry","category-allgemein","category-politik","tag-demokratie","tag-gewaltfrei","tag-gewaltfreiheit"],"aioseo_notices":[],"aioseo_head":"\n\t\t<!-- All in One SEO 5.0.1.1 - aioseo.com -->\n\t<meta name=\"robots\" content=\"max-image-preview:large\" \/>\n\t<meta name=\"author\" content=\"Toni W. P\u00fcntener\"\/>\n\t<link rel=\"canonical\" href=\"https:\/\/www.umweltnetz.ch\/content\/zukunft-demokratie-und-gewaltfreiheit\" \/>\n\t<meta name=\"generator\" content=\"All in One SEO (AIOSEO) 5.0.1.1\" \/>\n\t\t<meta property=\"og:locale\" content=\"de_DE\" \/>\n\t\t<meta property=\"og:site_name\" content=\"umweltnetz.ch | Umwelt und Politik - ein Internet-Angebot von Toni W. P\u00fcntener\" \/>\n\t\t<meta property=\"og:type\" content=\"article\" \/>\n\t\t<meta property=\"og:title\" content=\"Zukunft: Demokratie und Gewaltfreiheit | umweltnetz.ch\" \/>\n\t\t<meta property=\"og:url\" content=\"https:\/\/www.umweltnetz.ch\/content\/zukunft-demokratie-und-gewaltfreiheit\" \/>\n\t\t<meta property=\"article:published_time\" content=\"2016-07-25T12:18:46+00:00\" \/>\n\t\t<meta property=\"article:modified_time\" content=\"2016-07-25T12:18:46+00:00\" \/>\n\t\t<meta name=\"twitter:card\" content=\"summary\" \/>\n\t\t<meta name=\"twitter:title\" content=\"Zukunft: Demokratie und Gewaltfreiheit | umweltnetz.ch\" \/>\n\t\t<script type=\"application\/ld+json\" class=\"aioseo-schema\">\n\t\t\t{\"@context\":\"https:\\\/\\\/schema.org\",\"@graph\":[{\"@type\":\"Article\",\"@id\":\"https:\\\/\\\/www.umweltnetz.ch\\\/content\\\/zukunft-demokratie-und-gewaltfreiheit#article\",\"name\":\"Zukunft: Demokratie und Gewaltfreiheit | umweltnetz.ch\",\"headline\":\"Zukunft: Demokratie und Gewaltfreiheit\",\"author\":{\"@id\":\"https:\\\/\\\/www.umweltnetz.ch\\\/content\\\/author\\\/twp#author\"},\"publisher\":{\"@id\":\"https:\\\/\\\/www.umweltnetz.ch\\\/content\\\/#organization\"},\"datePublished\":\"2016-07-25T14:18:46+02:00\",\"dateModified\":\"2016-07-25T14:18:46+02:00\",\"inLanguage\":\"de-DE\",\"mainEntityOfPage\":{\"@id\":\"https:\\\/\\\/www.umweltnetz.ch\\\/content\\\/zukunft-demokratie-und-gewaltfreiheit#webpage\"},\"isPartOf\":{\"@id\":\"https:\\\/\\\/www.umweltnetz.ch\\\/content\\\/zukunft-demokratie-und-gewaltfreiheit#webpage\"},\"articleSection\":\"Allgemein, Politik, Demokratie, gewaltfrei, Gewaltfreiheit\"},{\"@type\":\"BreadcrumbList\",\"@id\":\"https:\\\/\\\/www.umweltnetz.ch\\\/content\\\/zukunft-demokratie-und-gewaltfreiheit#breadcrumblist\",\"itemListElement\":[{\"@type\":\"ListItem\",\"@id\":\"https:\\\/\\\/www.umweltnetz.ch\\\/content#listItem\",\"position\":1,\"name\":\"Home\",\"item\":\"https:\\\/\\\/www.umweltnetz.ch\\\/content\",\"nextItem\":{\"@type\":\"ListItem\",\"@id\":\"https:\\\/\\\/www.umweltnetz.ch\\\/content\\\/category\\\/allgemein#listItem\",\"name\":\"Allgemein\"}},{\"@type\":\"ListItem\",\"@id\":\"https:\\\/\\\/www.umweltnetz.ch\\\/content\\\/category\\\/allgemein#listItem\",\"position\":2,\"name\":\"Allgemein\",\"item\":\"https:\\\/\\\/www.umweltnetz.ch\\\/content\\\/category\\\/allgemein\",\"nextItem\":{\"@type\":\"ListItem\",\"@id\":\"https:\\\/\\\/www.umweltnetz.ch\\\/content\\\/zukunft-demokratie-und-gewaltfreiheit#listItem\",\"name\":\"Zukunft: Demokratie und Gewaltfreiheit\"},\"previousItem\":{\"@type\":\"ListItem\",\"@id\":\"https:\\\/\\\/www.umweltnetz.ch\\\/content#listItem\",\"name\":\"Home\"}},{\"@type\":\"ListItem\",\"@id\":\"https:\\\/\\\/www.umweltnetz.ch\\\/content\\\/zukunft-demokratie-und-gewaltfreiheit#listItem\",\"position\":3,\"name\":\"Zukunft: Demokratie und Gewaltfreiheit\",\"previousItem\":{\"@type\":\"ListItem\",\"@id\":\"https:\\\/\\\/www.umweltnetz.ch\\\/content\\\/category\\\/allgemein#listItem\",\"name\":\"Allgemein\"}}]},{\"@type\":\"Organization\",\"@id\":\"https:\\\/\\\/www.umweltnetz.ch\\\/content\\\/#organization\",\"name\":\"umweltnetz.ch\",\"description\":\"Umwelt und Politik - ein Internet-Angebot von Toni W. P\\u00fcntener\",\"url\":\"https:\\\/\\\/www.umweltnetz.ch\\\/content\\\/\"},{\"@type\":\"Person\",\"@id\":\"https:\\\/\\\/www.umweltnetz.ch\\\/content\\\/author\\\/twp#author\",\"url\":\"https:\\\/\\\/www.umweltnetz.ch\\\/content\\\/author\\\/twp\",\"name\":\"Toni W. P\\u00fcntener\",\"image\":{\"@type\":\"ImageObject\",\"@id\":\"https:\\\/\\\/www.umweltnetz.ch\\\/content\\\/zukunft-demokratie-und-gewaltfreiheit#authorImage\",\"url\":\"https:\\\/\\\/secure.gravatar.com\\\/avatar\\\/b4b38790bfc673702bc7f3864264936e7baf1594c44260587ec4964490a262b9?s=96&d=mm&r=g\",\"width\":96,\"height\":96,\"caption\":\"Toni W. P\\u00fcntener\"}},{\"@type\":\"WebPage\",\"@id\":\"https:\\\/\\\/www.umweltnetz.ch\\\/content\\\/zukunft-demokratie-und-gewaltfreiheit#webpage\",\"url\":\"https:\\\/\\\/www.umweltnetz.ch\\\/content\\\/zukunft-demokratie-und-gewaltfreiheit\",\"name\":\"Zukunft: Demokratie und Gewaltfreiheit | umweltnetz.ch\",\"inLanguage\":\"de-DE\",\"isPartOf\":{\"@id\":\"https:\\\/\\\/www.umweltnetz.ch\\\/content\\\/#website\"},\"breadcrumb\":{\"@id\":\"https:\\\/\\\/www.umweltnetz.ch\\\/content\\\/zukunft-demokratie-und-gewaltfreiheit#breadcrumblist\"},\"author\":{\"@id\":\"https:\\\/\\\/www.umweltnetz.ch\\\/content\\\/author\\\/twp#author\"},\"creator\":{\"@id\":\"https:\\\/\\\/www.umweltnetz.ch\\\/content\\\/author\\\/twp#author\"},\"datePublished\":\"2016-07-25T14:18:46+02:00\",\"dateModified\":\"2016-07-25T14:18:46+02:00\"},{\"@type\":\"WebSite\",\"@id\":\"https:\\\/\\\/www.umweltnetz.ch\\\/content\\\/#website\",\"url\":\"https:\\\/\\\/www.umweltnetz.ch\\\/content\\\/\",\"name\":\"umweltnetz.ch\",\"description\":\"Umwelt und Politik - ein Internet-Angebot von Toni W. P\\u00fcntener\",\"inLanguage\":\"de-DE\",\"publisher\":{\"@id\":\"https:\\\/\\\/www.umweltnetz.ch\\\/content\\\/#organization\"}}]}\n\t\t<\/script>\n\t\t<!-- All in One SEO -->\n\n","aioseo_head_json":{"title":"Zukunft: Demokratie und Gewaltfreiheit | umweltnetz.ch","description":"","canonical_url":"https:\/\/www.umweltnetz.ch\/content\/zukunft-demokratie-und-gewaltfreiheit","robots":"max-image-preview:large","keywords":"","webmasterTools":{"miscellaneous":""},"schema":{"@context":"https:\/\/schema.org","@graph":[{"@type":"Article","@id":"https:\/\/www.umweltnetz.ch\/content\/zukunft-demokratie-und-gewaltfreiheit#article","name":"Zukunft: Demokratie und Gewaltfreiheit | umweltnetz.ch","headline":"Zukunft: Demokratie und Gewaltfreiheit","author":{"@id":"https:\/\/www.umweltnetz.ch\/content\/author\/twp#author"},"publisher":{"@id":"https:\/\/www.umweltnetz.ch\/content\/#organization"},"datePublished":"2016-07-25T14:18:46+02:00","dateModified":"2016-07-25T14:18:46+02:00","inLanguage":"de-DE","mainEntityOfPage":{"@id":"https:\/\/www.umweltnetz.ch\/content\/zukunft-demokratie-und-gewaltfreiheit#webpage"},"isPartOf":{"@id":"https:\/\/www.umweltnetz.ch\/content\/zukunft-demokratie-und-gewaltfreiheit#webpage"},"articleSection":"Allgemein, Politik, Demokratie, gewaltfrei, Gewaltfreiheit"},{"@type":"BreadcrumbList","@id":"https:\/\/www.umweltnetz.ch\/content\/zukunft-demokratie-und-gewaltfreiheit#breadcrumblist","itemListElement":[{"@type":"ListItem","@id":"https:\/\/www.umweltnetz.ch\/content#listItem","position":1,"name":"Home","item":"https:\/\/www.umweltnetz.ch\/content","nextItem":{"@type":"ListItem","@id":"https:\/\/www.umweltnetz.ch\/content\/category\/allgemein#listItem","name":"Allgemein"}},{"@type":"ListItem","@id":"https:\/\/www.umweltnetz.ch\/content\/category\/allgemein#listItem","position":2,"name":"Allgemein","item":"https:\/\/www.umweltnetz.ch\/content\/category\/allgemein","nextItem":{"@type":"ListItem","@id":"https:\/\/www.umweltnetz.ch\/content\/zukunft-demokratie-und-gewaltfreiheit#listItem","name":"Zukunft: Demokratie und Gewaltfreiheit"},"previousItem":{"@type":"ListItem","@id":"https:\/\/www.umweltnetz.ch\/content#listItem","name":"Home"}},{"@type":"ListItem","@id":"https:\/\/www.umweltnetz.ch\/content\/zukunft-demokratie-und-gewaltfreiheit#listItem","position":3,"name":"Zukunft: Demokratie und Gewaltfreiheit","previousItem":{"@type":"ListItem","@id":"https:\/\/www.umweltnetz.ch\/content\/category\/allgemein#listItem","name":"Allgemein"}}]},{"@type":"Organization","@id":"https:\/\/www.umweltnetz.ch\/content\/#organization","name":"umweltnetz.ch","description":"Umwelt und Politik - ein Internet-Angebot von Toni W. P\u00fcntener","url":"https:\/\/www.umweltnetz.ch\/content\/"},{"@type":"Person","@id":"https:\/\/www.umweltnetz.ch\/content\/author\/twp#author","url":"https:\/\/www.umweltnetz.ch\/content\/author\/twp","name":"Toni W. P\u00fcntener","image":{"@type":"ImageObject","@id":"https:\/\/www.umweltnetz.ch\/content\/zukunft-demokratie-und-gewaltfreiheit#authorImage","url":"https:\/\/secure.gravatar.com\/avatar\/b4b38790bfc673702bc7f3864264936e7baf1594c44260587ec4964490a262b9?s=96&d=mm&r=g","width":96,"height":96,"caption":"Toni W. P\u00fcntener"}},{"@type":"WebPage","@id":"https:\/\/www.umweltnetz.ch\/content\/zukunft-demokratie-und-gewaltfreiheit#webpage","url":"https:\/\/www.umweltnetz.ch\/content\/zukunft-demokratie-und-gewaltfreiheit","name":"Zukunft: Demokratie und Gewaltfreiheit | umweltnetz.ch","inLanguage":"de-DE","isPartOf":{"@id":"https:\/\/www.umweltnetz.ch\/content\/#website"},"breadcrumb":{"@id":"https:\/\/www.umweltnetz.ch\/content\/zukunft-demokratie-und-gewaltfreiheit#breadcrumblist"},"author":{"@id":"https:\/\/www.umweltnetz.ch\/content\/author\/twp#author"},"creator":{"@id":"https:\/\/www.umweltnetz.ch\/content\/author\/twp#author"},"datePublished":"2016-07-25T14:18:46+02:00","dateModified":"2016-07-25T14:18:46+02:00"},{"@type":"WebSite","@id":"https:\/\/www.umweltnetz.ch\/content\/#website","url":"https:\/\/www.umweltnetz.ch\/content\/","name":"umweltnetz.ch","description":"Umwelt und Politik - ein Internet-Angebot von Toni W. P\u00fcntener","inLanguage":"de-DE","publisher":{"@id":"https:\/\/www.umweltnetz.ch\/content\/#organization"}}]},"og:locale":"de_DE","og:site_name":"umweltnetz.ch | Umwelt und Politik - ein Internet-Angebot von Toni W. P\u00fcntener","og:type":"article","og:title":"Zukunft: Demokratie und Gewaltfreiheit | umweltnetz.ch","og:url":"https:\/\/www.umweltnetz.ch\/content\/zukunft-demokratie-und-gewaltfreiheit","article:published_time":"2016-07-25T12:18:46+00:00","article:modified_time":"2016-07-25T12:18:46+00:00","twitter:card":"summary","twitter:title":"Zukunft: Demokratie und Gewaltfreiheit | umweltnetz.ch"},"aioseo_meta_data":{"post_id":"6517","title":null,"description":null,"keywords":null,"keyphrases":null,"primary_term":null,"canonical_url":null,"og_title":null,"og_description":null,"og_object_type":"default","og_image_type":"default","og_image_url":null,"og_image_width":null,"og_image_height":null,"og_image_custom_url":null,"og_image_custom_fields":null,"og_video":null,"og_custom_url":null,"og_article_section":null,"og_article_tags":null,"twitter_use_og":false,"twitter_card":"default","twitter_image_type":"default","twitter_image_url":null,"twitter_image_custom_url":null,"twitter_image_custom_fields":null,"twitter_title":null,"twitter_description":null,"schema":{"blockGraphs":[],"customGraphs":[],"default":{"data":{"Article":[],"Course":[],"Dataset":[],"FAQPage":[],"Movie":[],"Person":[],"Product":[],"ProductReview":[],"Car":[],"Recipe":[],"Service":[],"SoftwareApplication":[],"WebPage":[]},"graphName":"","isEnabled":true},"graphs":[]},"schema_type":null,"schema_type_options":null,"pillar_content":false,"robots_default":true,"robots_noindex":false,"robots_noarchive":false,"robots_nosnippet":false,"robots_nofollow":false,"robots_noimageindex":false,"robots_noodp":false,"robots_notranslate":false,"robots_max_snippet":null,"robots_max_videopreview":null,"robots_max_imagepreview":"large","priority":null,"frequency":null,"location":null,"local_seo":null,"breadcrumb_settings":null,"limit_modified_date":false,"ai":null,"created":"2020-12-21 15:13:24","updated":"2025-06-03 21:42:01","seo_analyzer_scan_date":null,"focus_keyword":null,"additional_keywords":null,"truseo_locale":null},"aioseo_breadcrumb":"<div class=\"aioseo-breadcrumbs\"><span class=\"aioseo-breadcrumb\">\n\t\t\t<a href=\"https:\/\/www.umweltnetz.ch\/content\" title=\"Home\">Home<\/a>\n\t\t<\/span><span class=\"aioseo-breadcrumb-separator\">&raquo;<\/span><span class=\"aioseo-breadcrumb\">\n\t\t\t<a href=\"https:\/\/www.umweltnetz.ch\/content\/category\/allgemein\" title=\"Allgemein\">Allgemein<\/a>\n\t\t<\/span><span class=\"aioseo-breadcrumb-separator\">&raquo;<\/span><span class=\"aioseo-breadcrumb\">\n\t\t\tZukunft: Demokratie und Gewaltfreiheit\n\t\t<\/span><\/div>","aioseo_breadcrumb_json":[{"label":"Home","link":"https:\/\/www.umweltnetz.ch\/content"},{"label":"Allgemein","link":"https:\/\/www.umweltnetz.ch\/content\/category\/allgemein"},{"label":"Zukunft: Demokratie und Gewaltfreiheit","link":"https:\/\/www.umweltnetz.ch\/content\/zukunft-demokratie-und-gewaltfreiheit"}],"jetpack_sharing_enabled":true,"jetpack_featured_media_url":"","_links":{"self":[{"href":"https:\/\/www.umweltnetz.ch\/content\/wp-json\/wp\/v2\/posts\/6517","targetHints":{"allow":["GET"]}}],"collection":[{"href":"https:\/\/www.umweltnetz.ch\/content\/wp-json\/wp\/v2\/posts"}],"about":[{"href":"https:\/\/www.umweltnetz.ch\/content\/wp-json\/wp\/v2\/types\/post"}],"author":[{"embeddable":true,"href":"https:\/\/www.umweltnetz.ch\/content\/wp-json\/wp\/v2\/users\/2"}],"replies":[{"embeddable":true,"href":"https:\/\/www.umweltnetz.ch\/content\/wp-json\/wp\/v2\/comments?post=6517"}],"version-history":[{"count":1,"href":"https:\/\/www.umweltnetz.ch\/content\/wp-json\/wp\/v2\/posts\/6517\/revisions"}],"predecessor-version":[{"id":6520,"href":"https:\/\/www.umweltnetz.ch\/content\/wp-json\/wp\/v2\/posts\/6517\/revisions\/6520"}],"wp:attachment":[{"href":"https:\/\/www.umweltnetz.ch\/content\/wp-json\/wp\/v2\/media?parent=6517"}],"wp:term":[{"taxonomy":"category","embeddable":true,"href":"https:\/\/www.umweltnetz.ch\/content\/wp-json\/wp\/v2\/categories?post=6517"},{"taxonomy":"post_tag","embeddable":true,"href":"https:\/\/www.umweltnetz.ch\/content\/wp-json\/wp\/v2\/tags?post=6517"}],"curies":[{"name":"wp","href":"https:\/\/api.w.org\/{rel}","templated":true}]}}