{"id":6490,"date":"2016-05-29T15:26:02","date_gmt":"2016-05-29T13:26:02","guid":{"rendered":"http:\/\/www.umweltnetz.ch\/content\/?p=6490"},"modified":"2016-05-29T15:26:02","modified_gmt":"2016-05-29T13:26:02","slug":"medien-ohne-werbung","status":"publish","type":"post","link":"https:\/\/www.umweltnetz.ch\/content\/medien-ohne-werbung","title":{"rendered":"Medien ohne Werbung?"},"content":{"rendered":"<p>Das Herausgeben einer Zeitung sei die Freiheit, heute auf der R\u00fcckseite von Inseraten mit den News von gestern das Altpapier von Morgen zu produzieren. In dieser oder \u00e4hnlicher Form habe ich diesen Spruch, der mir allerdings nicht selber eingefallen ist, schon <a href=\"http:\/\/www.umweltnetz.ch\/content\/leichter-leben\" target=\"_blank\">mehr<\/a><a href=\"http:\/\/www.umweltnetz.ch\/content\/auch-fuer-medienschaffende-nur-fakten\" target=\"_blank\">fach<\/a> verwendet. Medien und Werbung geh\u00f6ren offenbar zusammen.<\/p>\n<p><!--more--><\/p>\n<p>Die Abh\u00e4ngigkeit von Werbung gilt auch f\u00fcr digitale Medien. Wer im Browser einen Adblocker installiert hat, um nicht von Werbung aller Art bel\u00e4stigt zu werden, erf\u00e4hrt dies sehr direkt. So werden Adblock-Internet-SurferInnen von <a href=\"http:\/\/www.watson.ch\/\" target=\"_blank\">Watson<\/a> mit der moralischen Keule ziemlich deftig genudgt: \u00ab<em>MACH DOCH BITTE DEN ADBLOCKER WEG. Vollnervige Pop-Up-Werbung haben wir n\u00e4mlich sowieso nicht. Und von der Werbung leben hier 50 Journalisten.<\/em>\u00bb zentralplus ist etwas n\u00fcchterner, aber ebenso bestimmt: \u00ab<em>Mit aktiviertem Adblocker k\u00f6nnen Sie zentralplus nicht mehr besuchen. Werbefrei surfen auf zentralplus schon ab CHF 12,50 pro Monat.<\/em>\u00bb Bei der digitalen NZZ liest sich dies so: \u00ab<em>Sie nutzen einen Adblocker. Bitte deaktivieren Sie diesen. Wer Qualit\u00e4t und Vielfalt unserer Online-Berichterstattung sch\u00e4tzt, der kann so einen Beitrag leisten, damit sich der Journalismus der NZZ auch in Zukunft finanzieren l\u00e4sst.<\/em>\u00bb Das Gesch\u00e4ftsmodell \u00abMedien dank Werbung\u00bb wird offenbar von den Medien als zukunftsf\u00e4hig erachtet. Ist es dies wirklich?<\/p>\n<p>In gedruckten Medien beansprucht Werbung etwa zwanzig bis dreissig Prozent des Umfangs. Im Internet scheint Werbung ein gr\u00f6sseres Gewicht zu haben. Ich habe einen Adblocker installiert, weil viele Medienseiten nachweislich wegen der Werbungs-Scripts abgest\u00fcrzt sind oder durch extrem lange Ladezeiten aufgefallen sind. Dass digitale Werbung den Charakter von digitalen Viren hat, wurde im April 2016 durch die Trojaner-Schleuder <em>20 Minuten<\/em> mehr als best\u00e4tigt. Die heutige Form von Internet-Werbung ist eindeutig als Spam zu bezeichnen \u2013 so ist Werbung in digitalen Medien nicht zukunftsf\u00e4hig.<\/p>\n<p>Der Ansatz von <em>zentralplus<\/em> funktioniert allerdings ebenfalls nicht. Werbefreiheit kostet f\u00fcr NutzerInnen von zentralplus 150 Franken pro Jahr. Allerdings f\u00fchren die digitalen Tools und Bots dazu, dass eine grosse Zahl von Medien erschlossen werden, sei dies nun durch Google Alerts, RSS-Aggregatoren oder Twitter. Die Chronik des von mir meist benutzten Browser listet gegen hundert Mediensites auf, die ich mindestens einmal pro Jahr besuche. Mit dem Gesch\u00e4ftsmodell von zentralplus w\u00fcrde dies zu Kosten von rund 15&#8217;000 Franken pro Jahr f\u00fchren \u2013 es ist ziemlich offensichtlich, dass ein solcher Ansatz f\u00fcr mich als Privatperson nicht funktionieren kann. Ebenso untauglich sind Einzelk\u00e4ufe von Artikeln \u2013 da braucht bereits die digitale Finanztransaktion l\u00e4nger als die nachfolgende Artikellekt\u00fcre.<\/p>\n<p>Am 27. Mai 2016 hat die Stiftung Werbestatistik Schweiz <a href=\"http:\/\/www.werbestatistik.ch\/index.php?pid=80\" target=\"_blank\">mitgeteilt<\/a>, dass im Jahr 2015 die Werbeums\u00e4tze gegen\u00fcber dem Vorjahr gesunken seien. Das Archiv dieser Stiftung illustriert den Trend: F\u00fcr die Printmedien, Fernsehen und Radios sind die Werbeums\u00e4tze in neuerer Zeit um fast 100 Mio Franken pro Jahr kleiner geworden. Setzt sich diese Entwicklung linear fort, w\u00fcrde es 2040 keine Medienwerbung mehr geben. Zur Gr\u00f6ssenordnung: 2015 flossen netto 5.21 Mia Franken in die Werbung \u2013 etwa 750 Franken pro \u00abkonsumf\u00e4hige\u00bb Bewohnerin, pro \u00abkonsumf\u00e4higen\u00bb Bewohner dieses Landes. <\/p>\n<p>Die Werbestatistik zeigt einen Zusammenhang mit dem BIP auf \u2013 auch wenn dieser volkswirtschaftliche Indikator l\u00e4ngst als irrelevant f\u00fcr nachhaltige Entwicklung bezeichnet wird, gehen die Medienverantwortlichen offenbar davon aus, dass mehr Konsum im direkten Zusammenhang mit dem Werbevolumen steht. Da Suffizienz \u2013 \u00abWeniger ist mehr\u00bb &#8211; ein entscheidendes Element f\u00fcr eine nachhaltigere Entwicklung der Gesellschaft darstellt, taugen Ans\u00e4tze, die auf mehr Konsum setzen, aus prinzipiellen Gr\u00fcnden nicht f\u00fcr die Zukunft. Medien brauchen also baldm\u00f6glichst andere Gesch\u00e4ftsmodelle, wenn sie nicht von der Willk\u00fcr rechts- und nationalkonservativer Autokraten abh\u00e4ngig sein wollen!<\/p>\n<p>Journalistische Texte sind zu einem erheblichen Teil geistiges Eigentum. Gerade im digitalen Zeitalter geh\u00f6rt auch die Kuratierung \u2013 die Auswahl und allenfalls Bearbeitung von geistigem Eigentum Dritter \u2013 mit dazu. Im digitalen Zeitalter ist der Umgang mit geistigem Eigentum \u2013 seien dies E-B\u00fccher, Kunstwerke, Internet-Inhalte, Videos, Musik \u2013 neu zu regeln. Die Zurverf\u00fcgungsstellung von geistigem Eigentum muss eine Erwerbsm\u00f6glichkeit darstellen. Das <a href=\"http:\/\/www.umweltnetz.ch\/content\/bedingungsloses-grundeinkommen-ja-nicht-nur-in-der-volksabstimmung-am-5-juni-2016\" target=\"_blank\">bedingungslose Grundeinkommen<\/a> ist ein m\u00f6glicher Zugang. Zu diskutieren sind weitere Ans\u00e4tze; etwa neben dem Zugangsabo zum Internet auch ein Inhalte-Abonnement, mit einer Institution, die die Einnahmen auf die registrierten geistigen Eigent\u00fcmerInnen verteilt. Speziell zu beachten ist, wie mit geistigem Eigentum mit ausgesprochen lokalem Bezug umzugehen ist im Vergleich mit Themen von regionaler, nationaler oder gar globaler Relevanz.<\/p>\n<p>Medien haben dann eine Zukunft, wenn es gelingt, die Medien-Inhalte und -Gef\u00e4sse von der Werbung zu entflechten. Dann n\u00e4mlich kann das geistige Eigentum zur Existenzsicherung beitragen. <\/p>\n<p>\n","protected":false},"excerpt":{"rendered":"<p>Das Herausgeben einer Zeitung sei die Freiheit, heute auf der R\u00fcckseite von Inseraten mit den News von gestern das Altpapier von Morgen zu produzieren. In dieser oder \u00e4hnlicher Form habe ich diesen Spruch, der mir allerdings nicht selber eingefallen ist, schon mehrfach verwendet. Medien und Werbung geh\u00f6ren offenbar zusammen.<\/p>\n","protected":false},"author":2,"featured_media":0,"comment_status":"open","ping_status":"closed","sticky":false,"template":"","format":"standard","meta":{"ngg_post_thumbnail":0,"_jetpack_newsletter_access":"","_jetpack_dont_email_post_to_subs":false,"_jetpack_newsletter_tier_id":0,"_jetpack_memberships_contains_paywalled_content":false,"_jetpack_feature_clip_id":0,"_jetpack_memberships_contains_paid_content":false,"footnotes":"","jetpack_post_was_ever_published":false},"categories":[1,7,5],"tags":[1840,1841,81,1842,1843,280],"class_list":["post-6490","post","type-post","status-publish","format-standard","hentry","category-allgemein","category-internet","category-politik","tag-digitalisierung","tag-geistiges-eigentum","tag-medien","tag-medien-und-werbung","tag-nachhaltige-geschaedtsmodelle","tag-werbung"],"aioseo_notices":[],"aioseo_head":"\n\t\t<!-- All in One SEO 5.0.1.1 - aioseo.com -->\n\t<meta name=\"robots\" content=\"max-image-preview:large\" \/>\n\t<meta name=\"author\" content=\"Toni W. P\u00fcntener\"\/>\n\t<link rel=\"canonical\" href=\"https:\/\/www.umweltnetz.ch\/content\/medien-ohne-werbung\" \/>\n\t<meta name=\"generator\" content=\"All in One SEO (AIOSEO) 5.0.1.1\" \/>\n\t\t<meta property=\"og:locale\" content=\"de_DE\" \/>\n\t\t<meta property=\"og:site_name\" content=\"umweltnetz.ch | Umwelt und Politik - ein Internet-Angebot von Toni W. P\u00fcntener\" \/>\n\t\t<meta property=\"og:type\" content=\"article\" \/>\n\t\t<meta property=\"og:title\" content=\"Medien ohne Werbung? | umweltnetz.ch\" \/>\n\t\t<meta property=\"og:url\" content=\"https:\/\/www.umweltnetz.ch\/content\/medien-ohne-werbung\" \/>\n\t\t<meta property=\"article:published_time\" content=\"2016-05-29T13:26:02+00:00\" \/>\n\t\t<meta property=\"article:modified_time\" content=\"2016-05-29T13:26:02+00:00\" \/>\n\t\t<meta name=\"twitter:card\" content=\"summary\" \/>\n\t\t<meta name=\"twitter:title\" content=\"Medien ohne Werbung? | umweltnetz.ch\" \/>\n\t\t<script type=\"application\/ld+json\" class=\"aioseo-schema\">\n\t\t\t{\"@context\":\"https:\\\/\\\/schema.org\",\"@graph\":[{\"@type\":\"Article\",\"@id\":\"https:\\\/\\\/www.umweltnetz.ch\\\/content\\\/medien-ohne-werbung#article\",\"name\":\"Medien ohne Werbung? | umweltnetz.ch\",\"headline\":\"Medien ohne Werbung?\",\"author\":{\"@id\":\"https:\\\/\\\/www.umweltnetz.ch\\\/content\\\/author\\\/twp#author\"},\"publisher\":{\"@id\":\"https:\\\/\\\/www.umweltnetz.ch\\\/content\\\/#organization\"},\"datePublished\":\"2016-05-29T15:26:02+02:00\",\"dateModified\":\"2016-05-29T15:26:02+02:00\",\"inLanguage\":\"de-DE\",\"mainEntityOfPage\":{\"@id\":\"https:\\\/\\\/www.umweltnetz.ch\\\/content\\\/medien-ohne-werbung#webpage\"},\"isPartOf\":{\"@id\":\"https:\\\/\\\/www.umweltnetz.ch\\\/content\\\/medien-ohne-werbung#webpage\"},\"articleSection\":\"Allgemein, Internet, Politik, Digitalisierung, geistiges Eigentum, Medien, Medien und Werbung, nachhaltige Gesch\\u00e4dtsmodelle, Werbung\"},{\"@type\":\"BreadcrumbList\",\"@id\":\"https:\\\/\\\/www.umweltnetz.ch\\\/content\\\/medien-ohne-werbung#breadcrumblist\",\"itemListElement\":[{\"@type\":\"ListItem\",\"@id\":\"https:\\\/\\\/www.umweltnetz.ch\\\/content#listItem\",\"position\":1,\"name\":\"Home\",\"item\":\"https:\\\/\\\/www.umweltnetz.ch\\\/content\",\"nextItem\":{\"@type\":\"ListItem\",\"@id\":\"https:\\\/\\\/www.umweltnetz.ch\\\/content\\\/category\\\/allgemein#listItem\",\"name\":\"Allgemein\"}},{\"@type\":\"ListItem\",\"@id\":\"https:\\\/\\\/www.umweltnetz.ch\\\/content\\\/category\\\/allgemein#listItem\",\"position\":2,\"name\":\"Allgemein\",\"item\":\"https:\\\/\\\/www.umweltnetz.ch\\\/content\\\/category\\\/allgemein\",\"nextItem\":{\"@type\":\"ListItem\",\"@id\":\"https:\\\/\\\/www.umweltnetz.ch\\\/content\\\/medien-ohne-werbung#listItem\",\"name\":\"Medien ohne Werbung?\"},\"previousItem\":{\"@type\":\"ListItem\",\"@id\":\"https:\\\/\\\/www.umweltnetz.ch\\\/content#listItem\",\"name\":\"Home\"}},{\"@type\":\"ListItem\",\"@id\":\"https:\\\/\\\/www.umweltnetz.ch\\\/content\\\/medien-ohne-werbung#listItem\",\"position\":3,\"name\":\"Medien ohne Werbung?\",\"previousItem\":{\"@type\":\"ListItem\",\"@id\":\"https:\\\/\\\/www.umweltnetz.ch\\\/content\\\/category\\\/allgemein#listItem\",\"name\":\"Allgemein\"}}]},{\"@type\":\"Organization\",\"@id\":\"https:\\\/\\\/www.umweltnetz.ch\\\/content\\\/#organization\",\"name\":\"umweltnetz.ch\",\"description\":\"Umwelt und Politik - ein Internet-Angebot von Toni W. P\\u00fcntener\",\"url\":\"https:\\\/\\\/www.umweltnetz.ch\\\/content\\\/\"},{\"@type\":\"Person\",\"@id\":\"https:\\\/\\\/www.umweltnetz.ch\\\/content\\\/author\\\/twp#author\",\"url\":\"https:\\\/\\\/www.umweltnetz.ch\\\/content\\\/author\\\/twp\",\"name\":\"Toni W. P\\u00fcntener\",\"image\":{\"@type\":\"ImageObject\",\"@id\":\"https:\\\/\\\/www.umweltnetz.ch\\\/content\\\/medien-ohne-werbung#authorImage\",\"url\":\"https:\\\/\\\/secure.gravatar.com\\\/avatar\\\/b4b38790bfc673702bc7f3864264936e7baf1594c44260587ec4964490a262b9?s=96&d=mm&r=g\",\"width\":96,\"height\":96,\"caption\":\"Toni W. P\\u00fcntener\"}},{\"@type\":\"WebPage\",\"@id\":\"https:\\\/\\\/www.umweltnetz.ch\\\/content\\\/medien-ohne-werbung#webpage\",\"url\":\"https:\\\/\\\/www.umweltnetz.ch\\\/content\\\/medien-ohne-werbung\",\"name\":\"Medien ohne Werbung? | umweltnetz.ch\",\"inLanguage\":\"de-DE\",\"isPartOf\":{\"@id\":\"https:\\\/\\\/www.umweltnetz.ch\\\/content\\\/#website\"},\"breadcrumb\":{\"@id\":\"https:\\\/\\\/www.umweltnetz.ch\\\/content\\\/medien-ohne-werbung#breadcrumblist\"},\"author\":{\"@id\":\"https:\\\/\\\/www.umweltnetz.ch\\\/content\\\/author\\\/twp#author\"},\"creator\":{\"@id\":\"https:\\\/\\\/www.umweltnetz.ch\\\/content\\\/author\\\/twp#author\"},\"datePublished\":\"2016-05-29T15:26:02+02:00\",\"dateModified\":\"2016-05-29T15:26:02+02:00\"},{\"@type\":\"WebSite\",\"@id\":\"https:\\\/\\\/www.umweltnetz.ch\\\/content\\\/#website\",\"url\":\"https:\\\/\\\/www.umweltnetz.ch\\\/content\\\/\",\"name\":\"umweltnetz.ch\",\"description\":\"Umwelt und Politik - ein Internet-Angebot von Toni W. P\\u00fcntener\",\"inLanguage\":\"de-DE\",\"publisher\":{\"@id\":\"https:\\\/\\\/www.umweltnetz.ch\\\/content\\\/#organization\"}}]}\n\t\t<\/script>\n\t\t<!-- All in One SEO -->\n\n","aioseo_head_json":{"title":"Medien ohne Werbung? | umweltnetz.ch","description":"","canonical_url":"https:\/\/www.umweltnetz.ch\/content\/medien-ohne-werbung","robots":"max-image-preview:large","keywords":"","webmasterTools":{"miscellaneous":""},"schema":{"@context":"https:\/\/schema.org","@graph":[{"@type":"Article","@id":"https:\/\/www.umweltnetz.ch\/content\/medien-ohne-werbung#article","name":"Medien ohne Werbung? | umweltnetz.ch","headline":"Medien ohne Werbung?","author":{"@id":"https:\/\/www.umweltnetz.ch\/content\/author\/twp#author"},"publisher":{"@id":"https:\/\/www.umweltnetz.ch\/content\/#organization"},"datePublished":"2016-05-29T15:26:02+02:00","dateModified":"2016-05-29T15:26:02+02:00","inLanguage":"de-DE","mainEntityOfPage":{"@id":"https:\/\/www.umweltnetz.ch\/content\/medien-ohne-werbung#webpage"},"isPartOf":{"@id":"https:\/\/www.umweltnetz.ch\/content\/medien-ohne-werbung#webpage"},"articleSection":"Allgemein, Internet, Politik, Digitalisierung, geistiges Eigentum, Medien, Medien und Werbung, nachhaltige Gesch\u00e4dtsmodelle, Werbung"},{"@type":"BreadcrumbList","@id":"https:\/\/www.umweltnetz.ch\/content\/medien-ohne-werbung#breadcrumblist","itemListElement":[{"@type":"ListItem","@id":"https:\/\/www.umweltnetz.ch\/content#listItem","position":1,"name":"Home","item":"https:\/\/www.umweltnetz.ch\/content","nextItem":{"@type":"ListItem","@id":"https:\/\/www.umweltnetz.ch\/content\/category\/allgemein#listItem","name":"Allgemein"}},{"@type":"ListItem","@id":"https:\/\/www.umweltnetz.ch\/content\/category\/allgemein#listItem","position":2,"name":"Allgemein","item":"https:\/\/www.umweltnetz.ch\/content\/category\/allgemein","nextItem":{"@type":"ListItem","@id":"https:\/\/www.umweltnetz.ch\/content\/medien-ohne-werbung#listItem","name":"Medien ohne Werbung?"},"previousItem":{"@type":"ListItem","@id":"https:\/\/www.umweltnetz.ch\/content#listItem","name":"Home"}},{"@type":"ListItem","@id":"https:\/\/www.umweltnetz.ch\/content\/medien-ohne-werbung#listItem","position":3,"name":"Medien ohne Werbung?","previousItem":{"@type":"ListItem","@id":"https:\/\/www.umweltnetz.ch\/content\/category\/allgemein#listItem","name":"Allgemein"}}]},{"@type":"Organization","@id":"https:\/\/www.umweltnetz.ch\/content\/#organization","name":"umweltnetz.ch","description":"Umwelt und Politik - ein Internet-Angebot von Toni W. P\u00fcntener","url":"https:\/\/www.umweltnetz.ch\/content\/"},{"@type":"Person","@id":"https:\/\/www.umweltnetz.ch\/content\/author\/twp#author","url":"https:\/\/www.umweltnetz.ch\/content\/author\/twp","name":"Toni W. P\u00fcntener","image":{"@type":"ImageObject","@id":"https:\/\/www.umweltnetz.ch\/content\/medien-ohne-werbung#authorImage","url":"https:\/\/secure.gravatar.com\/avatar\/b4b38790bfc673702bc7f3864264936e7baf1594c44260587ec4964490a262b9?s=96&d=mm&r=g","width":96,"height":96,"caption":"Toni W. P\u00fcntener"}},{"@type":"WebPage","@id":"https:\/\/www.umweltnetz.ch\/content\/medien-ohne-werbung#webpage","url":"https:\/\/www.umweltnetz.ch\/content\/medien-ohne-werbung","name":"Medien ohne Werbung? | umweltnetz.ch","inLanguage":"de-DE","isPartOf":{"@id":"https:\/\/www.umweltnetz.ch\/content\/#website"},"breadcrumb":{"@id":"https:\/\/www.umweltnetz.ch\/content\/medien-ohne-werbung#breadcrumblist"},"author":{"@id":"https:\/\/www.umweltnetz.ch\/content\/author\/twp#author"},"creator":{"@id":"https:\/\/www.umweltnetz.ch\/content\/author\/twp#author"},"datePublished":"2016-05-29T15:26:02+02:00","dateModified":"2016-05-29T15:26:02+02:00"},{"@type":"WebSite","@id":"https:\/\/www.umweltnetz.ch\/content\/#website","url":"https:\/\/www.umweltnetz.ch\/content\/","name":"umweltnetz.ch","description":"Umwelt und Politik - ein Internet-Angebot von Toni W. P\u00fcntener","inLanguage":"de-DE","publisher":{"@id":"https:\/\/www.umweltnetz.ch\/content\/#organization"}}]},"og:locale":"de_DE","og:site_name":"umweltnetz.ch | Umwelt und Politik - ein Internet-Angebot von Toni W. P\u00fcntener","og:type":"article","og:title":"Medien ohne Werbung? | umweltnetz.ch","og:url":"https:\/\/www.umweltnetz.ch\/content\/medien-ohne-werbung","article:published_time":"2016-05-29T13:26:02+00:00","article:modified_time":"2016-05-29T13:26:02+00:00","twitter:card":"summary","twitter:title":"Medien ohne Werbung? | umweltnetz.ch"},"aioseo_meta_data":{"post_id":"6490","title":null,"description":null,"keywords":null,"keyphrases":null,"primary_term":null,"canonical_url":null,"og_title":null,"og_description":null,"og_object_type":"default","og_image_type":"default","og_image_url":null,"og_image_width":null,"og_image_height":null,"og_image_custom_url":null,"og_image_custom_fields":null,"og_video":null,"og_custom_url":null,"og_article_section":null,"og_article_tags":null,"twitter_use_og":false,"twitter_card":"default","twitter_image_type":"default","twitter_image_url":null,"twitter_image_custom_url":null,"twitter_image_custom_fields":null,"twitter_title":null,"twitter_description":null,"schema":{"blockGraphs":[],"customGraphs":[],"default":{"data":{"Article":[],"Course":[],"Dataset":[],"FAQPage":[],"Movie":[],"Person":[],"Product":[],"ProductReview":[],"Car":[],"Recipe":[],"Service":[],"SoftwareApplication":[],"WebPage":[]},"graphName":"","isEnabled":true},"graphs":[]},"schema_type":null,"schema_type_options":null,"pillar_content":false,"robots_default":true,"robots_noindex":false,"robots_noarchive":false,"robots_nosnippet":false,"robots_nofollow":false,"robots_noimageindex":false,"robots_noodp":false,"robots_notranslate":false,"robots_max_snippet":null,"robots_max_videopreview":null,"robots_max_imagepreview":"large","priority":null,"frequency":null,"location":null,"local_seo":null,"breadcrumb_settings":null,"limit_modified_date":false,"ai":null,"created":"2020-12-21 15:13:24","updated":"2025-06-03 21:42:01","seo_analyzer_scan_date":null,"focus_keyword":null,"additional_keywords":null,"truseo_locale":null},"aioseo_breadcrumb":"<div class=\"aioseo-breadcrumbs\"><span class=\"aioseo-breadcrumb\">\n\t\t\t<a href=\"https:\/\/www.umweltnetz.ch\/content\" title=\"Home\">Home<\/a>\n\t\t<\/span><span class=\"aioseo-breadcrumb-separator\">&raquo;<\/span><span class=\"aioseo-breadcrumb\">\n\t\t\t<a href=\"https:\/\/www.umweltnetz.ch\/content\/category\/allgemein\" title=\"Allgemein\">Allgemein<\/a>\n\t\t<\/span><span class=\"aioseo-breadcrumb-separator\">&raquo;<\/span><span class=\"aioseo-breadcrumb\">\n\t\t\tMedien ohne Werbung?\n\t\t<\/span><\/div>","aioseo_breadcrumb_json":[{"label":"Home","link":"https:\/\/www.umweltnetz.ch\/content"},{"label":"Allgemein","link":"https:\/\/www.umweltnetz.ch\/content\/category\/allgemein"},{"label":"Medien ohne Werbung?","link":"https:\/\/www.umweltnetz.ch\/content\/medien-ohne-werbung"}],"jetpack_sharing_enabled":true,"jetpack_featured_media_url":"","_links":{"self":[{"href":"https:\/\/www.umweltnetz.ch\/content\/wp-json\/wp\/v2\/posts\/6490","targetHints":{"allow":["GET"]}}],"collection":[{"href":"https:\/\/www.umweltnetz.ch\/content\/wp-json\/wp\/v2\/posts"}],"about":[{"href":"https:\/\/www.umweltnetz.ch\/content\/wp-json\/wp\/v2\/types\/post"}],"author":[{"embeddable":true,"href":"https:\/\/www.umweltnetz.ch\/content\/wp-json\/wp\/v2\/users\/2"}],"replies":[{"embeddable":true,"href":"https:\/\/www.umweltnetz.ch\/content\/wp-json\/wp\/v2\/comments?post=6490"}],"version-history":[{"count":2,"href":"https:\/\/www.umweltnetz.ch\/content\/wp-json\/wp\/v2\/posts\/6490\/revisions"}],"predecessor-version":[{"id":6492,"href":"https:\/\/www.umweltnetz.ch\/content\/wp-json\/wp\/v2\/posts\/6490\/revisions\/6492"}],"wp:attachment":[{"href":"https:\/\/www.umweltnetz.ch\/content\/wp-json\/wp\/v2\/media?parent=6490"}],"wp:term":[{"taxonomy":"category","embeddable":true,"href":"https:\/\/www.umweltnetz.ch\/content\/wp-json\/wp\/v2\/categories?post=6490"},{"taxonomy":"post_tag","embeddable":true,"href":"https:\/\/www.umweltnetz.ch\/content\/wp-json\/wp\/v2\/tags?post=6490"}],"curies":[{"name":"wp","href":"https:\/\/api.w.org\/{rel}","templated":true}]}}