{"id":6287,"date":"2015-06-12T13:52:08","date_gmt":"2015-06-12T11:52:08","guid":{"rendered":"http:\/\/www.umweltnetz.ch\/content\/?p=6287"},"modified":"2015-06-12T13:52:08","modified_gmt":"2015-06-12T11:52:08","slug":"tabu-autoverkehr-auch-in-zuerich-endlich-nachhaltige-wege-befahren-und-begehen","status":"publish","type":"post","link":"https:\/\/www.umweltnetz.ch\/content\/tabu-autoverkehr-auch-in-zuerich-endlich-nachhaltige-wege-befahren-und-begehen","title":{"rendered":"Tabu Autoverkehr \u2013 auch in Z\u00fcrich endlich nachhaltige Wege befahren und begehen"},"content":{"rendered":"<p>Typischen Situation in Z\u00fcrich, Realit\u00e4t der \u00abVerkehrt\u00bb-Politik: beidseitig oben auf der Hardbr\u00fccke, beim eine Ebene tiefer gelegenen S-Bahnhof Hardbr\u00fccke: eine gewaltige Strassenbr\u00fcckenanlage, selbst zu Stosszeiten recht fl\u00fcssig befahrbar: an den Br\u00fcckenr\u00e4ndern auf engem Raum zusammengequetscht: Bushaltestellen, Veloabstellanlagen, Fuss- und Radwege. Wenn ein Bus h\u00e4lt, wird tempor\u00e4r die Velowegfunktion aufgehoben, und dies bei einer der zentralen Radwegachsen der Stadt! Es gibt KEINE vergleichbare Situation f\u00fcr Autofahrende \u2013 eine solche w\u00e4re etwa gegeben, wenn Autofahrende anhalten und aussteigen m\u00fcssten, um ihr Auto zehn Meter zu schieben.<\/p>\n<p><!--more--><\/p>\n<p>\u00abVerkehrt\u00bb-Politik meint, dass in allen Situationen die maximale Fl\u00e4chenverf\u00fcgbarkeit f\u00fcr den Autoverkehr nicht einmal in Frage gestellt werden kann. Der immobilste Verkehrstr\u00e4ger, ein Stehzeug, welches kurze Zeit zwischen zwei Parkpl\u00e4tzen unterwegs ist, hat oberste Priorit\u00e4t im Verkehr, und dies, obwohl Autos f\u00fcr dem Stadtverkehr nachweislich das nicht-nachhaltigste Verkehrsmittel sind, ein klassischer Dinosaurier also. Verkehrspolitik, die diesen Dinosaurier in den Vordergrund stellt, ist ein Abbild des \u00abfossilen\u00bb Zeitalters, ist Verkehrssteinzeit, eben \u00abVerkehrt\u00bb-Politik\u00bb.<\/p>\n<p>Aus aller Welt ist bekannt: der Autoverkehr nimmt immer allen Platz ein, der ihm zur Verf\u00fcgung gestellt wird \u2013 hat es weniger Autoverkehrsfl\u00e4chen, wird auch weniger Auto gefahren! Und genau dies braucht es aus Nachhaltigkeitssicht, denn es wird zu viel gefahren, es werden zu viele Ressourcen inkl. Energie gebraucht, es entstehen zu viel L\u00e4rm, zu viele Treibhausgase und zu viel Luftschadstoffe. Das hat nichts mit Ideologie zu tun, das sind Tatsachen. Somit ist der Rahmen klar: dem Autoverkehr muss Raum entzogen werden, es braucht stattdessen mehr Platz f\u00fcr den Veloverkehr!  <\/p>\n<p>Solange an der Hardbr\u00fccke keine der verkehrlichen Bedeutung dieses Strassenabschnittes angemessenen separaten Velowege vorhanden sind, kann von einer nachhaltigen Verkehrspolitik nicht gesprochen werden. Die nicht wirklich miteinander vereinbaren Mehrfachnutzungen bei den Bushaltestellen beim  S-Bahnhof Hardbr\u00fccke sind somit so etwas wie ein Denkmal f\u00fcr die nicht nachhaltige \u00abVerkehrt\u00bb-Politik, die den Autoverkehr tabuisiert.<\/p>\n<p>\n","protected":false},"excerpt":{"rendered":"<p>Typischen Situation in Z\u00fcrich, Realit\u00e4t der \u00abVerkehrt\u00bb-Politik: beidseitig oben auf der Hardbr\u00fccke, beim eine Ebene tiefer gelegenen S-Bahnhof Hardbr\u00fccke: eine gewaltige Strassenbr\u00fcckenanlage, selbst zu Stosszeiten recht fl\u00fcssig befahrbar: an den Br\u00fcckenr\u00e4ndern auf engem Raum zusammengequetscht: Bushaltestellen, Veloabstellanlagen, Fuss- und Radwege. Wenn ein Bus h\u00e4lt, wird tempor\u00e4r die Velowegfunktion aufgehoben, und dies bei einer der zentralen &hellip; <a href=\"https:\/\/www.umweltnetz.ch\/content\/tabu-autoverkehr-auch-in-zuerich-endlich-nachhaltige-wege-befahren-und-begehen\" class=\"more-link\"><span class=\"screen-reader-text\">\u201eTabu Autoverkehr \u2013 auch in Z\u00fcrich endlich nachhaltige Wege befahren und begehen\u201c <\/span>weiterlesen<\/a><\/p>\n","protected":false},"author":2,"featured_media":0,"comment_status":"open","ping_status":"closed","sticky":false,"template":"","format":"standard","meta":{"ngg_post_thumbnail":0,"_jetpack_memberships_contains_paid_content":false,"footnotes":""},"categories":[1,4,5],"tags":[1166,41,1548,1622,1728],"class_list":["post-6287","post","type-post","status-publish","format-standard","hentry","category-allgemein","category-energie-und-klimaschutz","category-politik","tag-hardbrucke","tag-stadt-zuerich","tag-veloverkehr","tag-veloverkehrt-politik","tag-verkehrt-politik"],"aioseo_notices":[],"jetpack_featured_media_url":"","jetpack_sharing_enabled":true,"_links":{"self":[{"href":"https:\/\/www.umweltnetz.ch\/content\/wp-json\/wp\/v2\/posts\/6287","targetHints":{"allow":["GET"]}}],"collection":[{"href":"https:\/\/www.umweltnetz.ch\/content\/wp-json\/wp\/v2\/posts"}],"about":[{"href":"https:\/\/www.umweltnetz.ch\/content\/wp-json\/wp\/v2\/types\/post"}],"author":[{"embeddable":true,"href":"https:\/\/www.umweltnetz.ch\/content\/wp-json\/wp\/v2\/users\/2"}],"replies":[{"embeddable":true,"href":"https:\/\/www.umweltnetz.ch\/content\/wp-json\/wp\/v2\/comments?post=6287"}],"version-history":[{"count":1,"href":"https:\/\/www.umweltnetz.ch\/content\/wp-json\/wp\/v2\/posts\/6287\/revisions"}],"predecessor-version":[{"id":6288,"href":"https:\/\/www.umweltnetz.ch\/content\/wp-json\/wp\/v2\/posts\/6287\/revisions\/6288"}],"wp:attachment":[{"href":"https:\/\/www.umweltnetz.ch\/content\/wp-json\/wp\/v2\/media?parent=6287"}],"wp:term":[{"taxonomy":"category","embeddable":true,"href":"https:\/\/www.umweltnetz.ch\/content\/wp-json\/wp\/v2\/categories?post=6287"},{"taxonomy":"post_tag","embeddable":true,"href":"https:\/\/www.umweltnetz.ch\/content\/wp-json\/wp\/v2\/tags?post=6287"}],"curies":[{"name":"wp","href":"https:\/\/api.w.org\/{rel}","templated":true}]}}