{"id":5857,"date":"2014-09-14T13:32:16","date_gmt":"2014-09-14T11:32:16","guid":{"rendered":"http:\/\/www.umweltnetz.ch\/content\/?p=5857"},"modified":"2014-09-14T13:32:16","modified_gmt":"2014-09-14T11:32:16","slug":"velo-gefunden-eine-eigenartige-geschichte","status":"publish","type":"post","link":"https:\/\/www.umweltnetz.ch\/content\/velo-gefunden-eine-eigenartige-geschichte","title":{"rendered":"Velo gefunden: eine eigenartige Geschichte"},"content":{"rendered":"<p>Eines Morgens: ein Velo lehnt am M\u00e4uerchen, welches den \u00f6ffentlichen Weg durch das Quartier flankiert, vis-\u00e0-vis des T\u00f6rchens, das zum Garten des Hauses geh\u00f6rt, in dem ich wohne. Das Velo ist nicht abgeschlossen.<\/p>\n<p><!--more--><\/p>\n<p>Am n\u00e4chsten Morgen: das Velo steht immer noch da, offensichtlich ist es &#8211; aus welchen Gr\u00fcnden auch immer &#8211; verloren gegangen. Da sich das Velo in einem guten Zustand befindet mit einigen speziellen Komponenten, unter anderem mit einer Rohloff-Nabe, melde ich den Fund via Internet-Formular der Stadtpolizei. Danach stelle ich das Velo an einen gesch\u00fctzten Platz ziemlich nahe beim Fundort. Und ich sichere das Velo mit einem Schloss.<\/p>\n<p>Gegen Abend meldet sich telefonisch ein Polizist, kurze Zeit sp\u00e4ter klingeln eine Polizistin und ein Polizist an der Haust\u00fcr. Einen Moment lang werde ich verd\u00e4chtigt, das Velo irgendwo geklaut zu haben und jetzt einen Versuch zu starten, diesen Diebstahl zu legalisieren. Der Verweis auf das von mir genutzte Velo entkr\u00e4ftet offenbar diesen Verdacht glaubw\u00fcrdig. Nun untersuchen wir das Velo gemeinsam. Die Rahmennummer (siehe Bild) ist allerdings nicht eindeutig lesbar, es fehlen auch die \u00fcblichen Markenbezeichnungen auf dem Velo. Die gut erkennbare Seriennummer der Rohloff-Nabe hilft der Polizei nicht weiter. Daher kann das gefundene Velo nicht registriert werden, auch ist ein Abgleich mit Verlustanzeigen nicht m\u00f6glich!<\/p>\n<figure style=\"width: 640px\" class=\"wp-caption alignnone\"><img loading=\"lazy\" decoding=\"async\" src=\"http:\/\/www.umweltnetz.ch\/content\/wp-content\/uploads\/2014\/09\/fundvelo_rahmennummer.jpg\" alt=\"Rahmennummer Fundvelo\" width=\"640\" height=\"470\" class=\"alignnone size-full wp-image-5858\" srcset=\"https:\/\/www.umweltnetz.ch\/content\/wp-content\/uploads\/2014\/09\/fundvelo_rahmennummer.jpg 640w, https:\/\/www.umweltnetz.ch\/content\/wp-content\/uploads\/2014\/09\/fundvelo_rahmennummer-300x220.jpg 300w\" sizes=\"auto, (max-width: 709px) 85vw, (max-width: 909px) 67vw, (max-width: 984px) 61vw, (max-width: 1362px) 45vw, 600px\" \/><figcaption class=\"wp-caption-text\">Rahmennummer<\/figcaption><\/figure>\n<p>Bei Rohloff kl\u00e4re ich ab, ob die Seriennummer der Nabe bei der Suche nach der Eigent\u00fcmerin oder dem Eigent\u00fcmer des Velos weiterhilft (siehe Bild, die letzten Ziffern abgedeckt) &#8211; leider ist keine Registrierung der K\u00e4uferin oder des K\u00e4ufers der Nabe erfolgt. Immerhin weiss jetzt Rohloff, wo sich die Nabe befindet, Rohloff k\u00f6nnte der Eigent\u00fcmerin oder dem Eigent\u00fcmer bei der Suche nach dem verlorenen Velo behilflich sein.<\/p>\n<figure style=\"width: 640px\" class=\"wp-caption alignnone\"><img loading=\"lazy\" decoding=\"async\" src=\"http:\/\/www.umweltnetz.ch\/content\/wp-content\/uploads\/2014\/09\/fundvelo_rohloffnummer.jpg\" alt=\"Rohloff-Nummer\" width=\"640\" height=\"360\" class=\"size-full wp-image-5860\" srcset=\"https:\/\/www.umweltnetz.ch\/content\/wp-content\/uploads\/2014\/09\/fundvelo_rohloffnummer.jpg 640w, https:\/\/www.umweltnetz.ch\/content\/wp-content\/uploads\/2014\/09\/fundvelo_rohloffnummer-300x168.jpg 300w\" sizes=\"auto, (max-width: 709px) 85vw, (max-width: 909px) 67vw, (max-width: 984px) 61vw, (max-width: 1362px) 45vw, 600px\" \/><figcaption class=\"wp-caption-text\">Rohloff-Nummer<\/figcaption><\/figure>\n<p>Nach einigen Wochen Wartezeit erkundige ich mich bei der <a href=\"https:\/\/www.stadt-zuerich.ch\/ted\/de\/index\/entsorgung_recycling\/sauberes_zuerich\/velo.html\" target=\"_blank\">Veloordnung Stadt Z\u00fcrich<\/a>, wie weiter vorzugehen ist. Die Beschreibung dieser st\u00e4dtischen Aktivit\u00e4t im Internet: <em>Velos, die mindestens vier Wochen auf \u00f6ffentlichem Grund unbewegt bleiben, nimmt ERZ mit. Die Fahrr\u00e4der werden registriert und von der Stadtpolizei mit den Daten der eidgen\u00f6ssischen Fahrzeugfahndung abgeglichen. So finden gestohlene R\u00e4der zu ihren Besitzern zur\u00fcck, sofern der Verlust bei der Polizei gemeldet worden ist.<\/em> Eine ern\u00fcchternde Aussage: es handelt sich nicht um \u00f6ffentlich Grund &#8211; daher ist die Veloordnung nicht zust\u00e4ndig. W\u00e4re es also besser gewesen, das Velo irgendwohin zu bringen, wo es dem Regen und der nicht immer schonungsvollen Behandlung durch PassantInnen ausgesetzt gewesen w\u00e4re? Eine rhetorische Frage, ich weiss!<\/p>\n<p>F\u00fcr gefundene Velos auf Privatgrund w\u00e4re die Eigent\u00fcmerschaft des Grundst\u00fcckes zust\u00e4ndig &#8211; in diesem Fall eine Genossenschaft, an der ich ebenfalls mitbeteiligt bin, also verbleibt die Suche nach der Eigent\u00fcmerin oder dem Eigent\u00fcmer des gefundenen Velos bei mir.<\/p>\n<p>Diese eigenartige Geschichte ist somit eine Bitte um Unterst\u00fctzung bei der Suche nach der Eigent\u00fcmerin oder dem Eigent\u00fcmer des von mir gefundenen Velos!<\/p>\n<p>Ich bin gespannt, ob es f\u00fcr diese Geschichte ein Happyend gibt.<\/p>\n<p>\n","protected":false},"excerpt":{"rendered":"<p>Eines Morgens: ein Velo lehnt am M\u00e4uerchen, welches den \u00f6ffentlichen Weg durch das Quartier flankiert, vis-\u00e0-vis des T\u00f6rchens, das zum Garten des Hauses geh\u00f6rt, in dem ich wohne. Das Velo ist nicht abgeschlossen.<\/p>\n","protected":false},"author":2,"featured_media":0,"comment_status":"open","ping_status":"closed","sticky":false,"template":"","format":"standard","meta":{"ngg_post_thumbnail":0,"_jetpack_memberships_contains_paid_content":false,"footnotes":""},"categories":[1],"tags":[1540,1538,1539],"class_list":["post-5857","post","type-post","status-publish","format-standard","hentry","category-allgemein","tag-unterstuetzung","tag-velo-gefunden","tag-was-ist-zu-tun"],"aioseo_notices":[],"jetpack_featured_media_url":"","jetpack_sharing_enabled":true,"_links":{"self":[{"href":"https:\/\/www.umweltnetz.ch\/content\/wp-json\/wp\/v2\/posts\/5857","targetHints":{"allow":["GET"]}}],"collection":[{"href":"https:\/\/www.umweltnetz.ch\/content\/wp-json\/wp\/v2\/posts"}],"about":[{"href":"https:\/\/www.umweltnetz.ch\/content\/wp-json\/wp\/v2\/types\/post"}],"author":[{"embeddable":true,"href":"https:\/\/www.umweltnetz.ch\/content\/wp-json\/wp\/v2\/users\/2"}],"replies":[{"embeddable":true,"href":"https:\/\/www.umweltnetz.ch\/content\/wp-json\/wp\/v2\/comments?post=5857"}],"version-history":[{"count":5,"href":"https:\/\/www.umweltnetz.ch\/content\/wp-json\/wp\/v2\/posts\/5857\/revisions"}],"predecessor-version":[{"id":5864,"href":"https:\/\/www.umweltnetz.ch\/content\/wp-json\/wp\/v2\/posts\/5857\/revisions\/5864"}],"wp:attachment":[{"href":"https:\/\/www.umweltnetz.ch\/content\/wp-json\/wp\/v2\/media?parent=5857"}],"wp:term":[{"taxonomy":"category","embeddable":true,"href":"https:\/\/www.umweltnetz.ch\/content\/wp-json\/wp\/v2\/categories?post=5857"},{"taxonomy":"post_tag","embeddable":true,"href":"https:\/\/www.umweltnetz.ch\/content\/wp-json\/wp\/v2\/tags?post=5857"}],"curies":[{"name":"wp","href":"https:\/\/api.w.org\/{rel}","templated":true}]}}