{"id":5855,"date":"2014-09-14T09:11:00","date_gmt":"2014-09-14T07:11:00","guid":{"rendered":"http:\/\/www.umweltnetz.ch\/content\/?p=5855"},"modified":"2014-09-14T09:11:00","modified_gmt":"2014-09-14T07:11:00","slug":"meine-abstimmungsempfehlungen-zur-volksabstimmung-vom-28-september-2014","status":"publish","type":"post","link":"https:\/\/www.umweltnetz.ch\/content\/meine-abstimmungsempfehlungen-zur-volksabstimmung-vom-28-september-2014","title":{"rendered":"Meine Abstimmungsempfehlungen zur Volksabstimmung vom 28. September 2014"},"content":{"rendered":"<p>\u00dcber vier Vorlagen bei Bund, Kanton und Stadt haben die Stimmberechtigten am 28. September 2014 zu befinden. Hier meine Abstimmungsempfehlungen dazu:<\/p>\n<p> <!--more--><\/p>\n<h3>Vorlagen des Bundes<\/h3>\n<ul>\n<li>Volksinitiative vom 21. September 2011 \u00abSchluss mit der MwSt-Diskriminierung des Gastgewerbes!\u00bb: NEIN<br \/>Ein weiteres Beispiel der <a href=\"http:\/\/www.umweltnetz.ch\/content\/bratwurstokratie\" title=\"#Bratwurstokratie\" target=\"_blank\">Bratwurstokratie<\/a>: wenn die Gastronomie ihr Angebot mit jenen von Bratwurstst\u00e4nden vergleicht, blendet sie die Mehrwerte aus, die die G\u00e4ste in einem Restaurant erwarten (und bezahlen).<\/li>\n<li>Volksinitiative vom 23. Mai 2012 \u00abF\u00fcr eine \u00f6ffentliche Krankenkasse\u00bb: JA<br \/>Die massive Nein-Kampagne zeigt auf, dass hier die Stimmberechtigten manipuliert werden sollen, um Privaten weiterhin hohe Profite zu erm\u00f6glichen. Das bisherige System der Grundversicherung im &#8222;Krankheitswesen&#8220; hat sich nicht bew\u00e4hrt, es ist dringend eine Ver\u00e4nderung erforderlich.<\/li>\n<\/ul>\n<h3>Vorlage Kanton Z\u00fcrich<\/h3>\n<ul>\n<li>Planungs- und Baugesetz (\u00c4nderung vom 28. Oktober 2013; Festlegung Mindestanteil preisg\u00fcnstiger Wohnraum): JA<br \/>Preisg\u00fcnstiger Wohnraum, in der Regel von Genossenschaften erstellt, ist ein guter Umgang mit dem begrenzten Siedlungsraum. Es ging keine echten Argumente gegen diese \u00c4nderung des PBG &#8211; es handelt sich dabei in erster Linie um ideologischen Ballast, der verdeckt, dass die Wohnbauf\u00f6rderung sowohl gescheitert als auch untauglich ist, weil sie erhebliche unerw\u00fcnschte Auswirkungen wie Zersiedelung, Zwangsmobilit\u00e4t, ungeeignete Bewirtschaftung der Bausubstanz usw. hat.<\/li>\n<\/ul>\n<h3>Vorlage Stadt Z\u00fcrich<\/h3>\n<ul>\n<li>Sportzentrum Heuried, Quartier Friesenberg, Neubau Hochbauten (Eissportanlage) und Erneuerung Badeanlage, Objektkredit von 81,359 Millionen Franken: JA<br \/>Eine sinnvolle Erneuerung einer Freizeit- und Erholungsinfrastruktur, mit Bedeutung \u00fcber das Quartier Friesenberg hinaus. Und da liegt auch die Herausforderung: es ist zu hoffen, dass zuk\u00fcnftig noch mehr NutzerInnen dieses Angebots ohne Auto unterwegs sind.<\/li>\n<\/ul>\n<p>\n","protected":false},"excerpt":{"rendered":"<p>\u00dcber vier Vorlagen bei Bund, Kanton und Stadt haben die Stimmberechtigten am 28. September 2014 zu befinden. Hier meine Abstimmungsempfehlungen dazu:<\/p>\n","protected":false},"author":2,"featured_media":0,"comment_status":"open","ping_status":"closed","sticky":false,"template":"","format":"standard","meta":{"ngg_post_thumbnail":0,"_jetpack_memberships_contains_paid_content":false,"footnotes":""},"categories":[5,3],"tags":[1537,436,8,41,128,1536],"class_list":["post-5855","post","type-post","status-publish","format-standard","hentry","category-politik","category-politik-kanton-zurich","tag-abstimmungsempfehlungen","tag-bund","tag-kanton-zurich","tag-stadt-zuerich","tag-volksabstimmung","tag-volksabstimmung-28-9-2014"],"aioseo_notices":[],"jetpack_featured_media_url":"","jetpack_sharing_enabled":true,"_links":{"self":[{"href":"https:\/\/www.umweltnetz.ch\/content\/wp-json\/wp\/v2\/posts\/5855","targetHints":{"allow":["GET"]}}],"collection":[{"href":"https:\/\/www.umweltnetz.ch\/content\/wp-json\/wp\/v2\/posts"}],"about":[{"href":"https:\/\/www.umweltnetz.ch\/content\/wp-json\/wp\/v2\/types\/post"}],"author":[{"embeddable":true,"href":"https:\/\/www.umweltnetz.ch\/content\/wp-json\/wp\/v2\/users\/2"}],"replies":[{"embeddable":true,"href":"https:\/\/www.umweltnetz.ch\/content\/wp-json\/wp\/v2\/comments?post=5855"}],"version-history":[{"count":1,"href":"https:\/\/www.umweltnetz.ch\/content\/wp-json\/wp\/v2\/posts\/5855\/revisions"}],"predecessor-version":[{"id":5856,"href":"https:\/\/www.umweltnetz.ch\/content\/wp-json\/wp\/v2\/posts\/5855\/revisions\/5856"}],"wp:attachment":[{"href":"https:\/\/www.umweltnetz.ch\/content\/wp-json\/wp\/v2\/media?parent=5855"}],"wp:term":[{"taxonomy":"category","embeddable":true,"href":"https:\/\/www.umweltnetz.ch\/content\/wp-json\/wp\/v2\/categories?post=5855"},{"taxonomy":"post_tag","embeddable":true,"href":"https:\/\/www.umweltnetz.ch\/content\/wp-json\/wp\/v2\/tags?post=5855"}],"curies":[{"name":"wp","href":"https:\/\/api.w.org\/{rel}","templated":true}]}}