{"id":57,"date":"2005-12-04T22:48:33","date_gmt":"2005-12-04T21:48:33","guid":{"rendered":"http:\/\/www.umweltnetz.ch\/content\/jenseits-der-okologischen-grenzen-gibt-es-keine-nachhaltige-entwicklung\/"},"modified":"2011-02-15T08:58:26","modified_gmt":"2011-02-15T07:58:26","slug":"jenseits-der-okologischen-grenzen-gibt-es-keine-nachhaltige-entwicklung","status":"publish","type":"post","link":"https:\/\/www.umweltnetz.ch\/content\/jenseits-der-okologischen-grenzen-gibt-es-keine-nachhaltige-entwicklung","title":{"rendered":"Jenseits der \u00f6kologischen Grenzen gibt es keine nachhaltige Entwicklung!"},"content":{"rendered":"<p><strong>Zitate aus einem Gespr\u00e4ch mit Dennis Meadows, publiziert in der vor einiger Zeit eingestellten Zeitschrift NATUR UND KULTUR, Transdisziplin\u00e4re Zeitschrift f\u00fcr \u00f6kologische Nachhaltigkeit (Jahrgang 6, Heft 2, Herbst 2005)<\/strong><!--more--><\/p>\n<p>Dennis Meadows ist Mitautor der &#8222;Grenzen des Wachstums&#8220; und der Folgepublikationen. Seine Einsch\u00e4tzung der aktuellen Lage: <em>Die Aussagen von 1972 waren im Wesentlichen korrekt. Allerdings haben wir inzwischen 30 Jahre verloren. Und w\u00e4hrend wir 1972 noch einen komfortablen Abstand zur Grenze der Tragf\u00e4higkeit hatten &#8211; d.h. Bev\u00f6lkerung und Industrie hatten noch Raum zu wachsen -, haben wir diese Grenze nun bereits deutlich \u00fcberschritten.<\/em><\/p>\n<p><em>Wie macht man sich ein Bild von der Zukunft?<\/em><\/p>\n<p><em><\/p>\n<ul>\n<li>Manche Menschen tun dies, indem sie die Bibel lesen und das, was sie in der Bibel sehen, in ein Szenario umsetzen.<\/li>\n<li>Andere nehmen Trends aus der Vergangenheit und extrapolieren einfach ausgew\u00e4hlte Trends in die Zukunft.<\/li>\n<li>Wieder andere schaffen sich ihr Bild von der Zukunft aus einem Glauben; sie haben ein Ziel, einen Wunsch f\u00fcr sich oder f\u00fcr die Menschheit, und ihr Bild von der Zukunft entspringt dem Glauben, dass ihr Ziel verwirklicht wird.<\/li>\n<li>Und schliesslich gibt es noch die, die sich gar nicht um die Zukunft scheren, ausser es betrifft sie selbst, ihre kurzfristige Karriere oder andere pers\u00f6nliche Interessen.<\/li>\n<\/ul>\n<p><\/em><\/p>\n<p><em>Die Grundlagen von &#8222;Grenzen des Wachstums&#8220; st\u00fctzen sich auf Berechnungen mit dem Modell WORLD3. Es st\u00fctzt sich auf etwa 50 Prinzipien, die das Verhalten des Industriesystems und die Bev\u00f6lkerungsdynamik bestimmen. Daraus wurden die wichtigsten Verhaltenstendenzen des globalen Systems ermittelt.<\/em><\/p>\n<p><em>Wenn wir eine stabile Zukunft mit einem passablen Lebensstandard f\u00fcr alle wollen, dann m\u00fcssen wir die Geburtenrate senken, die Konsummuster ver\u00e4ndern und die technologischen Priorit\u00e4ten neu ausrichten. Heute wollen die meisten Menschen, die einen hohen materiellen Lebensstandard haben, einen noch h\u00f6heren. Hier muss es wirklich gravierende \u00c4nderungen geben, damit man mit genug zufrieden sein kann.<\/em><\/p>\n<p><em>Jeder von uns hat die Aufgabe, die Lage (f\u00fcr die Welt) besser zu machen, als sie es sonst w\u00e4re. Von niemandem wird erwartet, dass er die ganze Welt zu retten versucht.<\/em><\/p>\n<p><em>Wir sind jenseits der Grenzen. Wir haben den Bereich verlassen, der langfristig beibehalten werden kann.<\/em><\/p>\n<p><em>Die Globalisierung ist ein vor\u00fcbergehendes Ph\u00e4nomen. Sie ist abh\u00e4ngig von billiger Energie und von der Zuversicht und der Bereitschaft, Menschen, Kapital und G\u00fcter weltweit wandern zu lassen.<\/em><\/p>\n<p><em>Das jetzige System funktioniert nicht: Weder die Demokratie noch die Globalisierung stellen  sich den Fragen von Wachstum und Grenzen. Unsere politischen und kulturellen Systeme werden sich also \u00e4ndern m\u00fcssen. Die physikalischen Eigenschaften des Planeten  werden sich nicht an unsere Kulturen anpassen; unsere Kulturen m\u00fcssen sich mit den physischen Realit\u00e4ten in \u00dcbereinstimmung bringen.<\/em><\/p>\n<p><em>Eines der Grundprobleme der menschlichen Gesellschaft ist, dass sie so lange braucht, um Handlungsbedarf zu erkennen. &#8211; Bei derart grossen Problemerkennungs-Verz\u00f6gerungen kann selbst exponentiell wachsende Technologie das Problem nicht umgehen.<\/em><\/p>\n<p><em>Wenn eine Gesellschaft sich nicht um die Umwelt schert, den Graben zwischen Arm und Reich f\u00fcr belanglos h\u00e4lt und gewaltsame Konflikte als M\u00f6glichkeit zur Austragung von Meinungsverschiedenheiten erachtet, dann wird diese Gesellschaft zwar ebenfalls technologische Fortschritte machen, aber ihre neue Technologie wird die Umwelt sch\u00e4digen, den Graben zwischen Arm und reich vertiefen und die milit\u00e4rische Macht verst\u00e4rken. &#8211; Eine solche Gesellschaft entwickelt Technologien, die den Zusammenbruch beschleunigen, statt ihn zu verhindern.<\/em><\/p>\n<p><em>Erhoffte nachhaltige Entwicklung oder globaler Kollaps: Zu diskutieren ist nicht eine nachhaltige Entwicklung, sondern eine \u00fcberlebbare Entwicklung. Wenn wir uns mit \u00fcberlebbarer Entwicklung besch\u00e4ftigen, werden wir versuchen einen Weg zu finden, wie wir wieder unter die Nachhaltigkeitsgrenze kommen, ohne vorher wichtige Teile der \u00d6kosph\u00e4re zu zerst\u00f6ren. &#8211; z.B. dadurch, pro Wertsch\u00f6pfungseinheit den Ressourcenverbrauch um 80 % und die Umweltverschmutzung um 90 % zu vermindern.<\/em><\/p>\n<p><em>Im Grossen und Ganzen w\u00e4re ich optimistisch, wenn die Menschen anfingen, auf die physikalischen Realit\u00e4ten zu achten, statt auf die kurzfristigen wirtschaftlichen und politischen Signale, die uns im Wesentlichen nur verwirren und das verschleiern, was wirklich vor sich geht.<\/em><\/p>\n","protected":false},"excerpt":{"rendered":"<p>Zitate aus einem Gespr\u00e4ch mit Dennis Meadows, publiziert in der vor einiger Zeit eingestellten Zeitschrift NATUR UND KULTUR, Transdisziplin\u00e4re Zeitschrift f\u00fcr \u00f6kologische Nachhaltigkeit (Jahrgang 6, Heft 2, Herbst 2005)<\/p>\n","protected":false},"author":2,"featured_media":0,"comment_status":"open","ping_status":"open","sticky":false,"template":"","format":"standard","meta":{"ngg_post_thumbnail":0,"_jetpack_newsletter_access":"","_jetpack_dont_email_post_to_subs":false,"_jetpack_newsletter_tier_id":0,"_jetpack_memberships_contains_paywalled_content":false,"_jetpack_feature_clip_id":0,"_jetpack_memberships_contains_paid_content":false,"footnotes":"","jetpack_post_was_ever_published":false},"categories":[1],"tags":[],"class_list":["post-57","post","type-post","status-publish","format-standard","hentry","category-allgemein"],"aioseo_notices":[],"aioseo_head":"\n\t\t<!-- All in One SEO 5.0.1.1 - aioseo.com -->\n\t<meta name=\"robots\" content=\"max-image-preview:large\" \/>\n\t<meta name=\"author\" content=\"Toni W. P\u00fcntener\"\/>\n\t<link rel=\"canonical\" href=\"https:\/\/www.umweltnetz.ch\/content\/jenseits-der-okologischen-grenzen-gibt-es-keine-nachhaltige-entwicklung\" \/>\n\t<meta name=\"generator\" content=\"All in One SEO (AIOSEO) 5.0.1.1\" \/>\n\t\t<meta property=\"og:locale\" content=\"de_DE\" \/>\n\t\t<meta property=\"og:site_name\" content=\"umweltnetz.ch | Umwelt und Politik - ein Internet-Angebot von Toni W. P\u00fcntener\" \/>\n\t\t<meta property=\"og:type\" content=\"article\" \/>\n\t\t<meta property=\"og:title\" content=\"Jenseits der \u00f6kologischen Grenzen gibt es keine nachhaltige Entwicklung! | umweltnetz.ch\" \/>\n\t\t<meta property=\"og:url\" content=\"https:\/\/www.umweltnetz.ch\/content\/jenseits-der-okologischen-grenzen-gibt-es-keine-nachhaltige-entwicklung\" \/>\n\t\t<meta property=\"article:published_time\" content=\"2005-12-04T21:48:33+00:00\" \/>\n\t\t<meta property=\"article:modified_time\" content=\"2011-02-15T07:58:26+00:00\" \/>\n\t\t<meta name=\"twitter:card\" content=\"summary\" \/>\n\t\t<meta name=\"twitter:title\" content=\"Jenseits der \u00f6kologischen Grenzen gibt es keine nachhaltige Entwicklung! | umweltnetz.ch\" \/>\n\t\t<script type=\"application\/ld+json\" class=\"aioseo-schema\">\n\t\t\t{\"@context\":\"https:\\\/\\\/schema.org\",\"@graph\":[{\"@type\":\"Article\",\"@id\":\"https:\\\/\\\/www.umweltnetz.ch\\\/content\\\/jenseits-der-okologischen-grenzen-gibt-es-keine-nachhaltige-entwicklung#article\",\"name\":\"Jenseits der \\u00f6kologischen Grenzen gibt es keine nachhaltige Entwicklung! | umweltnetz.ch\",\"headline\":\"Jenseits der \\u00f6kologischen Grenzen gibt es keine nachhaltige Entwicklung!\",\"author\":{\"@id\":\"https:\\\/\\\/www.umweltnetz.ch\\\/content\\\/author\\\/twp#author\"},\"publisher\":{\"@id\":\"https:\\\/\\\/www.umweltnetz.ch\\\/content\\\/#organization\"},\"datePublished\":\"2005-12-04T22:48:33+01:00\",\"dateModified\":\"2011-02-15T08:58:26+01:00\",\"inLanguage\":\"de-DE\",\"mainEntityOfPage\":{\"@id\":\"https:\\\/\\\/www.umweltnetz.ch\\\/content\\\/jenseits-der-okologischen-grenzen-gibt-es-keine-nachhaltige-entwicklung#webpage\"},\"isPartOf\":{\"@id\":\"https:\\\/\\\/www.umweltnetz.ch\\\/content\\\/jenseits-der-okologischen-grenzen-gibt-es-keine-nachhaltige-entwicklung#webpage\"},\"articleSection\":\"Allgemein\"},{\"@type\":\"BreadcrumbList\",\"@id\":\"https:\\\/\\\/www.umweltnetz.ch\\\/content\\\/jenseits-der-okologischen-grenzen-gibt-es-keine-nachhaltige-entwicklung#breadcrumblist\",\"itemListElement\":[{\"@type\":\"ListItem\",\"@id\":\"https:\\\/\\\/www.umweltnetz.ch\\\/content#listItem\",\"position\":1,\"name\":\"Home\",\"item\":\"https:\\\/\\\/www.umweltnetz.ch\\\/content\",\"nextItem\":{\"@type\":\"ListItem\",\"@id\":\"https:\\\/\\\/www.umweltnetz.ch\\\/content\\\/category\\\/allgemein#listItem\",\"name\":\"Allgemein\"}},{\"@type\":\"ListItem\",\"@id\":\"https:\\\/\\\/www.umweltnetz.ch\\\/content\\\/category\\\/allgemein#listItem\",\"position\":2,\"name\":\"Allgemein\",\"item\":\"https:\\\/\\\/www.umweltnetz.ch\\\/content\\\/category\\\/allgemein\",\"nextItem\":{\"@type\":\"ListItem\",\"@id\":\"https:\\\/\\\/www.umweltnetz.ch\\\/content\\\/jenseits-der-okologischen-grenzen-gibt-es-keine-nachhaltige-entwicklung#listItem\",\"name\":\"Jenseits der \\u00f6kologischen Grenzen gibt es keine nachhaltige Entwicklung!\"},\"previousItem\":{\"@type\":\"ListItem\",\"@id\":\"https:\\\/\\\/www.umweltnetz.ch\\\/content#listItem\",\"name\":\"Home\"}},{\"@type\":\"ListItem\",\"@id\":\"https:\\\/\\\/www.umweltnetz.ch\\\/content\\\/jenseits-der-okologischen-grenzen-gibt-es-keine-nachhaltige-entwicklung#listItem\",\"position\":3,\"name\":\"Jenseits der \\u00f6kologischen Grenzen gibt es keine nachhaltige Entwicklung!\",\"previousItem\":{\"@type\":\"ListItem\",\"@id\":\"https:\\\/\\\/www.umweltnetz.ch\\\/content\\\/category\\\/allgemein#listItem\",\"name\":\"Allgemein\"}}]},{\"@type\":\"Organization\",\"@id\":\"https:\\\/\\\/www.umweltnetz.ch\\\/content\\\/#organization\",\"name\":\"umweltnetz.ch\",\"description\":\"Umwelt und Politik - ein Internet-Angebot von Toni W. P\\u00fcntener\",\"url\":\"https:\\\/\\\/www.umweltnetz.ch\\\/content\\\/\"},{\"@type\":\"Person\",\"@id\":\"https:\\\/\\\/www.umweltnetz.ch\\\/content\\\/author\\\/twp#author\",\"url\":\"https:\\\/\\\/www.umweltnetz.ch\\\/content\\\/author\\\/twp\",\"name\":\"Toni W. P\\u00fcntener\",\"image\":{\"@type\":\"ImageObject\",\"@id\":\"https:\\\/\\\/www.umweltnetz.ch\\\/content\\\/jenseits-der-okologischen-grenzen-gibt-es-keine-nachhaltige-entwicklung#authorImage\",\"url\":\"https:\\\/\\\/secure.gravatar.com\\\/avatar\\\/b4b38790bfc673702bc7f3864264936e7baf1594c44260587ec4964490a262b9?s=96&d=mm&r=g\",\"width\":96,\"height\":96,\"caption\":\"Toni W. P\\u00fcntener\"}},{\"@type\":\"WebPage\",\"@id\":\"https:\\\/\\\/www.umweltnetz.ch\\\/content\\\/jenseits-der-okologischen-grenzen-gibt-es-keine-nachhaltige-entwicklung#webpage\",\"url\":\"https:\\\/\\\/www.umweltnetz.ch\\\/content\\\/jenseits-der-okologischen-grenzen-gibt-es-keine-nachhaltige-entwicklung\",\"name\":\"Jenseits der \\u00f6kologischen Grenzen gibt es keine nachhaltige Entwicklung! | umweltnetz.ch\",\"inLanguage\":\"de-DE\",\"isPartOf\":{\"@id\":\"https:\\\/\\\/www.umweltnetz.ch\\\/content\\\/#website\"},\"breadcrumb\":{\"@id\":\"https:\\\/\\\/www.umweltnetz.ch\\\/content\\\/jenseits-der-okologischen-grenzen-gibt-es-keine-nachhaltige-entwicklung#breadcrumblist\"},\"author\":{\"@id\":\"https:\\\/\\\/www.umweltnetz.ch\\\/content\\\/author\\\/twp#author\"},\"creator\":{\"@id\":\"https:\\\/\\\/www.umweltnetz.ch\\\/content\\\/author\\\/twp#author\"},\"datePublished\":\"2005-12-04T22:48:33+01:00\",\"dateModified\":\"2011-02-15T08:58:26+01:00\"},{\"@type\":\"WebSite\",\"@id\":\"https:\\\/\\\/www.umweltnetz.ch\\\/content\\\/#website\",\"url\":\"https:\\\/\\\/www.umweltnetz.ch\\\/content\\\/\",\"name\":\"umweltnetz.ch\",\"description\":\"Umwelt und Politik - ein Internet-Angebot von Toni W. P\\u00fcntener\",\"inLanguage\":\"de-DE\",\"publisher\":{\"@id\":\"https:\\\/\\\/www.umweltnetz.ch\\\/content\\\/#organization\"}}]}\n\t\t<\/script>\n\t\t<!-- All in One SEO -->\n\n","aioseo_head_json":{"title":"Jenseits der \u00f6kologischen Grenzen gibt es keine nachhaltige Entwicklung! | umweltnetz.ch","description":"","canonical_url":"https:\/\/www.umweltnetz.ch\/content\/jenseits-der-okologischen-grenzen-gibt-es-keine-nachhaltige-entwicklung","robots":"max-image-preview:large","keywords":"","webmasterTools":{"miscellaneous":""},"schema":{"@context":"https:\/\/schema.org","@graph":[{"@type":"Article","@id":"https:\/\/www.umweltnetz.ch\/content\/jenseits-der-okologischen-grenzen-gibt-es-keine-nachhaltige-entwicklung#article","name":"Jenseits der \u00f6kologischen Grenzen gibt es keine nachhaltige Entwicklung! | umweltnetz.ch","headline":"Jenseits der \u00f6kologischen Grenzen gibt es keine nachhaltige Entwicklung!","author":{"@id":"https:\/\/www.umweltnetz.ch\/content\/author\/twp#author"},"publisher":{"@id":"https:\/\/www.umweltnetz.ch\/content\/#organization"},"datePublished":"2005-12-04T22:48:33+01:00","dateModified":"2011-02-15T08:58:26+01:00","inLanguage":"de-DE","mainEntityOfPage":{"@id":"https:\/\/www.umweltnetz.ch\/content\/jenseits-der-okologischen-grenzen-gibt-es-keine-nachhaltige-entwicklung#webpage"},"isPartOf":{"@id":"https:\/\/www.umweltnetz.ch\/content\/jenseits-der-okologischen-grenzen-gibt-es-keine-nachhaltige-entwicklung#webpage"},"articleSection":"Allgemein"},{"@type":"BreadcrumbList","@id":"https:\/\/www.umweltnetz.ch\/content\/jenseits-der-okologischen-grenzen-gibt-es-keine-nachhaltige-entwicklung#breadcrumblist","itemListElement":[{"@type":"ListItem","@id":"https:\/\/www.umweltnetz.ch\/content#listItem","position":1,"name":"Home","item":"https:\/\/www.umweltnetz.ch\/content","nextItem":{"@type":"ListItem","@id":"https:\/\/www.umweltnetz.ch\/content\/category\/allgemein#listItem","name":"Allgemein"}},{"@type":"ListItem","@id":"https:\/\/www.umweltnetz.ch\/content\/category\/allgemein#listItem","position":2,"name":"Allgemein","item":"https:\/\/www.umweltnetz.ch\/content\/category\/allgemein","nextItem":{"@type":"ListItem","@id":"https:\/\/www.umweltnetz.ch\/content\/jenseits-der-okologischen-grenzen-gibt-es-keine-nachhaltige-entwicklung#listItem","name":"Jenseits der \u00f6kologischen Grenzen gibt es keine nachhaltige Entwicklung!"},"previousItem":{"@type":"ListItem","@id":"https:\/\/www.umweltnetz.ch\/content#listItem","name":"Home"}},{"@type":"ListItem","@id":"https:\/\/www.umweltnetz.ch\/content\/jenseits-der-okologischen-grenzen-gibt-es-keine-nachhaltige-entwicklung#listItem","position":3,"name":"Jenseits der \u00f6kologischen Grenzen gibt es keine nachhaltige Entwicklung!","previousItem":{"@type":"ListItem","@id":"https:\/\/www.umweltnetz.ch\/content\/category\/allgemein#listItem","name":"Allgemein"}}]},{"@type":"Organization","@id":"https:\/\/www.umweltnetz.ch\/content\/#organization","name":"umweltnetz.ch","description":"Umwelt und Politik - ein Internet-Angebot von Toni W. P\u00fcntener","url":"https:\/\/www.umweltnetz.ch\/content\/"},{"@type":"Person","@id":"https:\/\/www.umweltnetz.ch\/content\/author\/twp#author","url":"https:\/\/www.umweltnetz.ch\/content\/author\/twp","name":"Toni W. P\u00fcntener","image":{"@type":"ImageObject","@id":"https:\/\/www.umweltnetz.ch\/content\/jenseits-der-okologischen-grenzen-gibt-es-keine-nachhaltige-entwicklung#authorImage","url":"https:\/\/secure.gravatar.com\/avatar\/b4b38790bfc673702bc7f3864264936e7baf1594c44260587ec4964490a262b9?s=96&d=mm&r=g","width":96,"height":96,"caption":"Toni W. P\u00fcntener"}},{"@type":"WebPage","@id":"https:\/\/www.umweltnetz.ch\/content\/jenseits-der-okologischen-grenzen-gibt-es-keine-nachhaltige-entwicklung#webpage","url":"https:\/\/www.umweltnetz.ch\/content\/jenseits-der-okologischen-grenzen-gibt-es-keine-nachhaltige-entwicklung","name":"Jenseits der \u00f6kologischen Grenzen gibt es keine nachhaltige Entwicklung! | umweltnetz.ch","inLanguage":"de-DE","isPartOf":{"@id":"https:\/\/www.umweltnetz.ch\/content\/#website"},"breadcrumb":{"@id":"https:\/\/www.umweltnetz.ch\/content\/jenseits-der-okologischen-grenzen-gibt-es-keine-nachhaltige-entwicklung#breadcrumblist"},"author":{"@id":"https:\/\/www.umweltnetz.ch\/content\/author\/twp#author"},"creator":{"@id":"https:\/\/www.umweltnetz.ch\/content\/author\/twp#author"},"datePublished":"2005-12-04T22:48:33+01:00","dateModified":"2011-02-15T08:58:26+01:00"},{"@type":"WebSite","@id":"https:\/\/www.umweltnetz.ch\/content\/#website","url":"https:\/\/www.umweltnetz.ch\/content\/","name":"umweltnetz.ch","description":"Umwelt und Politik - ein Internet-Angebot von Toni W. P\u00fcntener","inLanguage":"de-DE","publisher":{"@id":"https:\/\/www.umweltnetz.ch\/content\/#organization"}}]},"og:locale":"de_DE","og:site_name":"umweltnetz.ch | Umwelt und Politik - ein Internet-Angebot von Toni W. P\u00fcntener","og:type":"article","og:title":"Jenseits der \u00f6kologischen Grenzen gibt es keine nachhaltige Entwicklung! | umweltnetz.ch","og:url":"https:\/\/www.umweltnetz.ch\/content\/jenseits-der-okologischen-grenzen-gibt-es-keine-nachhaltige-entwicklung","article:published_time":"2005-12-04T21:48:33+00:00","article:modified_time":"2011-02-15T07:58:26+00:00","twitter:card":"summary","twitter:title":"Jenseits der \u00f6kologischen Grenzen gibt es keine nachhaltige Entwicklung! | umweltnetz.ch"},"aioseo_meta_data":{"post_id":"57","title":null,"description":null,"keywords":null,"keyphrases":null,"primary_term":null,"canonical_url":null,"og_title":null,"og_description":null,"og_object_type":"default","og_image_type":"default","og_image_url":null,"og_image_width":null,"og_image_height":null,"og_image_custom_url":null,"og_image_custom_fields":null,"og_video":null,"og_custom_url":null,"og_article_section":null,"og_article_tags":null,"twitter_use_og":false,"twitter_card":"default","twitter_image_type":"default","twitter_image_url":null,"twitter_image_custom_url":null,"twitter_image_custom_fields":null,"twitter_title":null,"twitter_description":null,"schema":{"blockGraphs":[],"customGraphs":[],"default":{"data":{"Article":[],"Course":[],"Dataset":[],"FAQPage":[],"Movie":[],"Person":[],"Product":[],"ProductReview":[],"Car":[],"Recipe":[],"Service":[],"SoftwareApplication":[],"WebPage":[]},"graphName":"","isEnabled":true},"graphs":[]},"schema_type":null,"schema_type_options":null,"pillar_content":false,"robots_default":true,"robots_noindex":false,"robots_noarchive":false,"robots_nosnippet":false,"robots_nofollow":false,"robots_noimageindex":false,"robots_noodp":false,"robots_notranslate":false,"robots_max_snippet":null,"robots_max_videopreview":null,"robots_max_imagepreview":"large","priority":null,"frequency":null,"location":null,"local_seo":null,"breadcrumb_settings":null,"limit_modified_date":false,"ai":null,"created":"2020-12-21 15:13:19","updated":"2025-06-03 19:35:09","seo_analyzer_scan_date":null,"focus_keyword":null,"additional_keywords":null,"truseo_locale":null},"aioseo_breadcrumb":"<div class=\"aioseo-breadcrumbs\"><span class=\"aioseo-breadcrumb\">\n\t\t\t<a href=\"https:\/\/www.umweltnetz.ch\/content\" title=\"Home\">Home<\/a>\n\t\t<\/span><span class=\"aioseo-breadcrumb-separator\">&raquo;<\/span><span class=\"aioseo-breadcrumb\">\n\t\t\t<a href=\"https:\/\/www.umweltnetz.ch\/content\/category\/allgemein\" title=\"Allgemein\">Allgemein<\/a>\n\t\t<\/span><span class=\"aioseo-breadcrumb-separator\">&raquo;<\/span><span class=\"aioseo-breadcrumb\">\n\t\t\tJenseits der \u00f6kologischen Grenzen gibt es keine nachhaltige Entwicklung!\n\t\t<\/span><\/div>","aioseo_breadcrumb_json":[{"label":"Home","link":"https:\/\/www.umweltnetz.ch\/content"},{"label":"Allgemein","link":"https:\/\/www.umweltnetz.ch\/content\/category\/allgemein"},{"label":"Jenseits der \u00f6kologischen Grenzen gibt es keine nachhaltige Entwicklung!","link":"https:\/\/www.umweltnetz.ch\/content\/jenseits-der-okologischen-grenzen-gibt-es-keine-nachhaltige-entwicklung"}],"jetpack_sharing_enabled":true,"jetpack_featured_media_url":"","_links":{"self":[{"href":"https:\/\/www.umweltnetz.ch\/content\/wp-json\/wp\/v2\/posts\/57","targetHints":{"allow":["GET"]}}],"collection":[{"href":"https:\/\/www.umweltnetz.ch\/content\/wp-json\/wp\/v2\/posts"}],"about":[{"href":"https:\/\/www.umweltnetz.ch\/content\/wp-json\/wp\/v2\/types\/post"}],"author":[{"embeddable":true,"href":"https:\/\/www.umweltnetz.ch\/content\/wp-json\/wp\/v2\/users\/2"}],"replies":[{"embeddable":true,"href":"https:\/\/www.umweltnetz.ch\/content\/wp-json\/wp\/v2\/comments?post=57"}],"version-history":[{"count":1,"href":"https:\/\/www.umweltnetz.ch\/content\/wp-json\/wp\/v2\/posts\/57\/revisions"}],"predecessor-version":[{"id":2554,"href":"https:\/\/www.umweltnetz.ch\/content\/wp-json\/wp\/v2\/posts\/57\/revisions\/2554"}],"wp:attachment":[{"href":"https:\/\/www.umweltnetz.ch\/content\/wp-json\/wp\/v2\/media?parent=57"}],"wp:term":[{"taxonomy":"category","embeddable":true,"href":"https:\/\/www.umweltnetz.ch\/content\/wp-json\/wp\/v2\/categories?post=57"},{"taxonomy":"post_tag","embeddable":true,"href":"https:\/\/www.umweltnetz.ch\/content\/wp-json\/wp\/v2\/tags?post=57"}],"curies":[{"name":"wp","href":"https:\/\/api.w.org\/{rel}","templated":true}]}}