{"id":5514,"date":"2013-10-25T19:15:54","date_gmt":"2013-10-25T17:15:54","guid":{"rendered":"http:\/\/www.umweltnetz.ch\/content\/?p=5514"},"modified":"2013-11-12T12:41:52","modified_gmt":"2013-11-12T11:41:52","slug":"die-kev-zementiert-atomkraftwerke-und-stoppt-den-weg-in-die-richtung-einer-nachhaltigen-energieversorgung-oder-die-wahren-gruende-hinter-dem-scheitern-des-kev-referendums","status":"publish","type":"post","link":"https:\/\/www.umweltnetz.ch\/content\/die-kev-zementiert-atomkraftwerke-und-stoppt-den-weg-in-die-richtung-einer-nachhaltigen-energieversorgung-oder-die-wahren-gruende-hinter-dem-scheitern-des-kev-referendums","title":{"rendered":"Die KEV zementiert Atomkraftwerke und stoppt den Weg in die Richtung einer nachhaltigen Energieversorgung &#8211; oder die wahren Gr\u00fcnde hinter dem Scheitern des KEV-Referendums"},"content":{"rendered":"<p>Die h\u00e4mischen und schadenfreudigen Kommentare der Solarlobby zum Scheitern der KEV-Referendums verbergen, dass die KEV einer nachhaltigen Energieversorgung im Weg steht. Denn nachweislich zementiert die KEV die Atomkraftwerke in der Schweiz. Ohne Atomausstieg (und mit dem damit verbundenen Ausstieg aus den fossilen Energien) ist eine nachhaltige Energieversorgung nicht zu haben.<\/p>\n<p><!--more--><\/p>\n<p>Was braucht es, um ein Referendum zu Stande zu bringen? Ganz einfach: rund 300&#8217;000 Franken &#8211; eine Unterschrift kostet ob mit oder ohne freiwillige UnterschriftensammlerInnen etwa einen F\u00fcnfliber. Einverstanden, es braucht noch einen klugen Kopf hinter einer solchen Sammelaktion und keine RealsatirikerInnen &#8211; aber selbst solche schaffen das Sammeln der Referendumsunterschriften f\u00fcr eine halbe Million Franken!<\/p>\n<p>Die zentrale Frage ist also, warum diese halbe Millionen Franken in der Schweiz nicht zusammengekommen ist gegen die KEV. Auch dies ist ganz einfach: weil die Atomlobby die KEV als Legitimation sehr gut brauchen kann. <\/p>\n<p>Atomkraftwerke werden seit Jahrzehnten auch in der Schweiz direkt und indirekt mit enormen Milliardenbetr\u00e4gen subventioniert &#8211; w\u00fcrde die Subventionitis bei den erneuerbaren Energien z.B. durch ein KEV-Referendum in Frage gestellt, w\u00fcrde sich die Politik endlich mit dewm Atomwirtschafts-Subventionitis besch\u00e4ftigen. Die Atomwirtschaft hat also alles Interesse daran, die KEV stillschweigend zu akzeptieren und durch diverse mit ihr verbandelte Stromversorgungsunternehmen auch zu beanspruchen. Da Atom- und Stromwirtschaft direkte Kan\u00e4le in alle Parteien haben, blieben allenfalls vorhandene Politkassen geschlossen, als es um das Sammeln der Unterschriften ging.<\/p>\n<p>Die KEV-Subventionitis f\u00fchrt sehr direkt zu einer Betriebsgarantie f\u00fcr Atomkraftwerke in der Schweiz, obwohl <a href=\"http:\/\/www.umweltnetz.ch\/content\/muehleberg-sofort-abschalten\" title=\"#M\u00fchleberg: #AKW sofort abschalten!\" target=\"_blank\">s\u00e4mtliche Atomkraftwerke so rasch als m\u00f6glich stillzulegen<\/a> w\u00e4ren.<\/p>\n<p>Subventionen f\u00fchren nicht dazu, dass die gew\u00fcnschten Produkte billiger werden. Mit Subventionen werden nicht sehr fitte Branchen unterst\u00fctzt &#8211; 10 bis 14 Prozent Rendite erwarten Heuschrecken-Investoren auch bei Projekten f\u00fcr erneuerbare Energien, siehe z.B. <a href=\"http:\/\/www.nzz.ch\/aktuell\/wirtschaft\/wirtschaftsnachrichten\/lokale-gedanken-fuer-globale-probleme-1.17710592\" target=\"_blank\">NZZ vom 23. Oktober 2012<\/a>. <a href=\"http:\/\/www.umweltnetz.ch\/content\/minus-achtzehn\" title=\"Minus achtzehn\" target=\"_blank\">Subventionitis-Produkte sind gerade etwa um die Subventionen teurer<\/a> als ohne diese finanziellen Z\u00fcckerli.  <\/p>\n<p>Weg mit den Subventionen, aber auch weg mit den l\u00fcgenden Energiepreisen, das ist die korrekte Finanzvorgabe f\u00fcr die Energiepolitik. Es braucht weiter eine Quote 100 Prozent nachhaltig genutzte erneuerbare Energien &#8211; Fossil- und Atomenergien m\u00fcssen so rasch als m\u00f6glich vom Markt verschwinden. Erst dann k\u00f6nnen sich klug genutzte erneuerbare Energien auf dem Markt durchsetzen. Statt Subventionen also den raschestm\u00f6glichen Ausstieg aus der Atomenergie und aus den fossilen Energietr\u00e4gern! Eine durch die KEV zementierte Atomwirtschaft braucht es dazu nicht!<\/p>\n<hr>\n<h3>Zur illustration: t\u00e4gliche Anlagenkosten f\u00fcr bilanzm\u00e4ssige Solarstromvollversorgung (\u00fcblicher Haushaltstrom, Betrieb W\u00e4rmepumpe) f\u00fcr 4-Personen-Haushalt in Mehrfamilienhaus<\/h3>\n<table border=\"1\">\n<tr>\n<td>Spezifische Kosten Solaranlage gem\u00e4ss Swissolar<\/td>\n<td align=right>4500<\/td>\n<td>CHF pro Kilowatt-Peak<\/td>\n<\/tr>\n<tr>\n<td>Spezifischer Ertrag Solaranlage gem\u00e4ss Swissolar<\/td>\n<td align=right>1050<\/td>\n<td>Kilowattstunden pro Jahr pro Kilowatt-Peak<\/td>\n<\/tr>\n<tr>\n<td>Fl\u00e4chenbedarf Solaranlage gem\u00e4ss Swissolar<\/td>\n<td align=right>6 bis 12<\/td>\n<td>Quadratmeter pro Kilowatt-Peak<\/td>\n<\/tr>\n<tr>\n<td colspan=3><\/td>\n<\/tr>\n<tr>\n<td colspan=3><strong>Absch\u00e4tzung Stromverbrauch<\/strong><\/td>\n<\/tr>\n<tr>\n<td>Typischer Stromverbrauch 4-Personen-Haushalt in Mehrfamilienhaus<\/td>\n<td align=right>2800<\/td>\n<td>Kilowattstunden pro Jahr<\/td>\n<\/tr>\n<tr>\n<td>Stromverbrauch W\u00e4rmepumpe Heizung\/Warmwasser f\u00fcr Wohnung (85 Quadratmeter Wohnfl\u00e4che) in saniertem Mehrfamilienhaus mit guter energetischer Qualit\u00e4t<\/td>\n<td align=right>1900<\/td>\n<td>Kilowattstunden pro Jahr<\/td>\n<\/tr>\n<tr>\n<td><strong>Gesamtstromverbrauch Haushalt und W\u00e4rmepumpe<\/strong><\/td>\n<td align=right><strong>4700<\/strong><\/td>\n<td><strong>Kilowattstunden pro Jahr<\/strong><\/td>\n<\/tr>\n<tr>\n<td colspan=3><\/td>\n<\/tr>\n<tr>\n<td>Erforderliche Solarzellenleistung<\/td>\n<td align=right>4.5<\/td>\n<td>Kilowatt-Peak<\/td>\n<\/tr>\n<tr>\n<td>Erforderliche Solarzellenfl\u00e4che<\/td>\n<td align=right>27 bis 54<\/td>\n<td>Quadratmeter<\/td>\n<\/tr>\n<tr>\n<td>Kosten Solaranlage<\/td>\n<td align=right>20&#8217;150<\/td>\n<td>CHF (gerundet)<\/td>\n<\/tr>\n<tr>\n<td colspan=3><\/td>\n<\/tr>\n<tr>\n<td>Nutzungsdauer<\/td>\n<td align=right>25<\/td>\n<td>Jahre<\/td>\n<\/tr>\n<tr>\n<td>Kosten pro Monat<\/td>\n<td align=right>67.17<\/td>\n<td>CHF pro Monat<\/td>\n<\/tr>\n<tr>\n<td><strong>Kosten pro Tag<\/strong><\/td>\n<td align=right><strong>2.21<\/strong><\/td>\n<td><strong>CHF pro Tag<\/strong><\/td>\n<\/tr>\n<\/table>\n<p>Anmerkung zur Tabelle: Zus\u00e4tzliche Netzkosten f\u00fcr Abgabe von zeitweise \u00fcbersch\u00fcssigem Bezug, die Zwischenlagerung im Stromnetzsystem und den Bezug bei Bedarf sind nicht ber\u00fccksichtigt.<\/p>\n<p>Anmerkung: die erforderliche Solarzellenfl\u00e4che bedingt eine Nutzung aller m\u00f6glichen einigermassen geeigneten Dach- und Fassadenfl\u00e4chen. Dies betont einmal mehr die Notwendigkeit eines tiefen Energieverbrauchs von Geb\u00e4ude und Haushalten und von guten Solarzellenwirkungsgraden.   <\/p>\n<p>\n","protected":false},"excerpt":{"rendered":"<p>Die h\u00e4mischen und schadenfreudigen Kommentare der Solarlobby zum Scheitern der KEV-Referendums verbergen, dass die KEV einer nachhaltigen Energieversorgung im Weg steht. Denn nachweislich zementiert die KEV die Atomkraftwerke in der Schweiz. Ohne Atomausstieg (und mit dem damit verbundenen Ausstieg aus den fossilen Energien) ist eine nachhaltige Energieversorgung nicht zu haben.<\/p>\n","protected":false},"author":2,"featured_media":0,"comment_status":"open","ping_status":"closed","sticky":false,"template":"","format":"standard","meta":{"ngg_post_thumbnail":0,"_jetpack_newsletter_access":"","_jetpack_dont_email_post_to_subs":false,"_jetpack_newsletter_tier_id":0,"_jetpack_memberships_contains_paywalled_content":false,"_jetpack_feature_clip_id":0,"_jetpack_memberships_contains_paid_content":false,"footnotes":"","jetpack_post_was_ever_published":false},"categories":[4,5],"tags":[40,772,1188,876,1389,1388,824,823,796,1057],"class_list":["post-5514","post","type-post","status-publish","format-standard","hentry","category-energie-und-klimaschutz","category-politik","tag-atomenergie","tag-ausstieg-aus-der-atomkraft","tag-fossilfreie-energieversorgung","tag-keine-subventionitis","tag-nicht-fossil","tag-nicht-nuklear","tag-nichtfossil","tag-nichtnuklear","tag-raschmoglichster-ausstieg","tag-weg-mit-der-kev"],"aioseo_notices":[],"aioseo_head":"\n\t\t<!-- All in One SEO 5.0.1.1 - aioseo.com -->\n\t<meta name=\"robots\" content=\"max-image-preview:large\" \/>\n\t<meta name=\"author\" content=\"Toni W. P\u00fcntener\"\/>\n\t<link rel=\"canonical\" href=\"https:\/\/www.umweltnetz.ch\/content\/die-kev-zementiert-atomkraftwerke-und-stoppt-den-weg-in-die-richtung-einer-nachhaltigen-energieversorgung-oder-die-wahren-gruende-hinter-dem-scheitern-des-kev-referendums\" \/>\n\t<meta name=\"generator\" content=\"All in One SEO (AIOSEO) 5.0.1.1\" \/>\n\t\t<meta property=\"og:locale\" content=\"de_DE\" \/>\n\t\t<meta property=\"og:site_name\" content=\"umweltnetz.ch | Umwelt und Politik - ein Internet-Angebot von Toni W. P\u00fcntener\" \/>\n\t\t<meta property=\"og:type\" content=\"article\" \/>\n\t\t<meta property=\"og:title\" content=\"Die KEV zementiert Atomkraftwerke und stoppt den Weg in die Richtung einer nachhaltigen Energieversorgung \u2013 oder die wahren Gr\u00fcnde hinter dem Scheitern des KEV-Referendums | umweltnetz.ch\" \/>\n\t\t<meta property=\"og:url\" content=\"https:\/\/www.umweltnetz.ch\/content\/die-kev-zementiert-atomkraftwerke-und-stoppt-den-weg-in-die-richtung-einer-nachhaltigen-energieversorgung-oder-die-wahren-gruende-hinter-dem-scheitern-des-kev-referendums\" \/>\n\t\t<meta property=\"article:published_time\" content=\"2013-10-25T17:15:54+00:00\" \/>\n\t\t<meta property=\"article:modified_time\" content=\"2013-11-12T11:41:52+00:00\" \/>\n\t\t<meta name=\"twitter:card\" content=\"summary\" \/>\n\t\t<meta name=\"twitter:title\" content=\"Die KEV zementiert Atomkraftwerke und stoppt den Weg in die Richtung einer nachhaltigen Energieversorgung \u2013 oder die wahren Gr\u00fcnde hinter dem Scheitern des KEV-Referendums | umweltnetz.ch\" \/>\n\t\t<script type=\"application\/ld+json\" class=\"aioseo-schema\">\n\t\t\t{\"@context\":\"https:\\\/\\\/schema.org\",\"@graph\":[{\"@type\":\"Article\",\"@id\":\"https:\\\/\\\/www.umweltnetz.ch\\\/content\\\/die-kev-zementiert-atomkraftwerke-und-stoppt-den-weg-in-die-richtung-einer-nachhaltigen-energieversorgung-oder-die-wahren-gruende-hinter-dem-scheitern-des-kev-referendums#article\",\"name\":\"Die KEV zementiert Atomkraftwerke und stoppt den Weg in die Richtung einer nachhaltigen Energieversorgung \\u2013 oder die wahren Gr\\u00fcnde hinter dem Scheitern des KEV-Referendums | umweltnetz.ch\",\"headline\":\"Die KEV zementiert Atomkraftwerke und stoppt den Weg in die Richtung einer nachhaltigen Energieversorgung &#8211; oder die wahren Gr\\u00fcnde hinter dem Scheitern des KEV-Referendums\",\"author\":{\"@id\":\"https:\\\/\\\/www.umweltnetz.ch\\\/content\\\/author\\\/twp#author\"},\"publisher\":{\"@id\":\"https:\\\/\\\/www.umweltnetz.ch\\\/content\\\/#organization\"},\"datePublished\":\"2013-10-25T19:15:54+02:00\",\"dateModified\":\"2013-11-12T12:41:52+01:00\",\"inLanguage\":\"de-DE\",\"commentCount\":1,\"mainEntityOfPage\":{\"@id\":\"https:\\\/\\\/www.umweltnetz.ch\\\/content\\\/die-kev-zementiert-atomkraftwerke-und-stoppt-den-weg-in-die-richtung-einer-nachhaltigen-energieversorgung-oder-die-wahren-gruende-hinter-dem-scheitern-des-kev-referendums#webpage\"},\"isPartOf\":{\"@id\":\"https:\\\/\\\/www.umweltnetz.ch\\\/content\\\/die-kev-zementiert-atomkraftwerke-und-stoppt-den-weg-in-die-richtung-einer-nachhaltigen-energieversorgung-oder-die-wahren-gruende-hinter-dem-scheitern-des-kev-referendums#webpage\"},\"articleSection\":\"Energie und Klimaschutz, Politik, Atomenergie, Ausstieg aus der Atomkraft, fossilfreie Energieversorgung, keine Subventionitis, nicht-fossil, nicht-nuklear, nichtfossil, nichtnuklear, raschm\\u00f6glichster Ausstieg, Weg mit der KEV\"},{\"@type\":\"BreadcrumbList\",\"@id\":\"https:\\\/\\\/www.umweltnetz.ch\\\/content\\\/die-kev-zementiert-atomkraftwerke-und-stoppt-den-weg-in-die-richtung-einer-nachhaltigen-energieversorgung-oder-die-wahren-gruende-hinter-dem-scheitern-des-kev-referendums#breadcrumblist\",\"itemListElement\":[{\"@type\":\"ListItem\",\"@id\":\"https:\\\/\\\/www.umweltnetz.ch\\\/content#listItem\",\"position\":1,\"name\":\"Home\",\"item\":\"https:\\\/\\\/www.umweltnetz.ch\\\/content\",\"nextItem\":{\"@type\":\"ListItem\",\"@id\":\"https:\\\/\\\/www.umweltnetz.ch\\\/content\\\/category\\\/energie-und-klimaschutz#listItem\",\"name\":\"Energie und Klimaschutz\"}},{\"@type\":\"ListItem\",\"@id\":\"https:\\\/\\\/www.umweltnetz.ch\\\/content\\\/category\\\/energie-und-klimaschutz#listItem\",\"position\":2,\"name\":\"Energie und Klimaschutz\",\"item\":\"https:\\\/\\\/www.umweltnetz.ch\\\/content\\\/category\\\/energie-und-klimaschutz\",\"nextItem\":{\"@type\":\"ListItem\",\"@id\":\"https:\\\/\\\/www.umweltnetz.ch\\\/content\\\/die-kev-zementiert-atomkraftwerke-und-stoppt-den-weg-in-die-richtung-einer-nachhaltigen-energieversorgung-oder-die-wahren-gruende-hinter-dem-scheitern-des-kev-referendums#listItem\",\"name\":\"Die KEV zementiert Atomkraftwerke und stoppt den Weg in die Richtung einer nachhaltigen Energieversorgung &#8211; oder die wahren Gr\\u00fcnde hinter dem Scheitern des KEV-Referendums\"},\"previousItem\":{\"@type\":\"ListItem\",\"@id\":\"https:\\\/\\\/www.umweltnetz.ch\\\/content#listItem\",\"name\":\"Home\"}},{\"@type\":\"ListItem\",\"@id\":\"https:\\\/\\\/www.umweltnetz.ch\\\/content\\\/die-kev-zementiert-atomkraftwerke-und-stoppt-den-weg-in-die-richtung-einer-nachhaltigen-energieversorgung-oder-die-wahren-gruende-hinter-dem-scheitern-des-kev-referendums#listItem\",\"position\":3,\"name\":\"Die KEV zementiert Atomkraftwerke und stoppt den Weg in die Richtung einer nachhaltigen Energieversorgung &#8211; oder die wahren Gr\\u00fcnde hinter dem Scheitern des KEV-Referendums\",\"previousItem\":{\"@type\":\"ListItem\",\"@id\":\"https:\\\/\\\/www.umweltnetz.ch\\\/content\\\/category\\\/energie-und-klimaschutz#listItem\",\"name\":\"Energie und Klimaschutz\"}}]},{\"@type\":\"Organization\",\"@id\":\"https:\\\/\\\/www.umweltnetz.ch\\\/content\\\/#organization\",\"name\":\"umweltnetz.ch\",\"description\":\"Umwelt und Politik - ein Internet-Angebot von Toni W. P\\u00fcntener\",\"url\":\"https:\\\/\\\/www.umweltnetz.ch\\\/content\\\/\"},{\"@type\":\"Person\",\"@id\":\"https:\\\/\\\/www.umweltnetz.ch\\\/content\\\/author\\\/twp#author\",\"url\":\"https:\\\/\\\/www.umweltnetz.ch\\\/content\\\/author\\\/twp\",\"name\":\"Toni W. P\\u00fcntener\",\"image\":{\"@type\":\"ImageObject\",\"@id\":\"https:\\\/\\\/www.umweltnetz.ch\\\/content\\\/die-kev-zementiert-atomkraftwerke-und-stoppt-den-weg-in-die-richtung-einer-nachhaltigen-energieversorgung-oder-die-wahren-gruende-hinter-dem-scheitern-des-kev-referendums#authorImage\",\"url\":\"https:\\\/\\\/secure.gravatar.com\\\/avatar\\\/b4b38790bfc673702bc7f3864264936e7baf1594c44260587ec4964490a262b9?s=96&d=mm&r=g\",\"width\":96,\"height\":96,\"caption\":\"Toni W. P\\u00fcntener\"}},{\"@type\":\"WebPage\",\"@id\":\"https:\\\/\\\/www.umweltnetz.ch\\\/content\\\/die-kev-zementiert-atomkraftwerke-und-stoppt-den-weg-in-die-richtung-einer-nachhaltigen-energieversorgung-oder-die-wahren-gruende-hinter-dem-scheitern-des-kev-referendums#webpage\",\"url\":\"https:\\\/\\\/www.umweltnetz.ch\\\/content\\\/die-kev-zementiert-atomkraftwerke-und-stoppt-den-weg-in-die-richtung-einer-nachhaltigen-energieversorgung-oder-die-wahren-gruende-hinter-dem-scheitern-des-kev-referendums\",\"name\":\"Die KEV zementiert Atomkraftwerke und stoppt den Weg in die Richtung einer nachhaltigen Energieversorgung \\u2013 oder die wahren Gr\\u00fcnde hinter dem Scheitern des KEV-Referendums | umweltnetz.ch\",\"inLanguage\":\"de-DE\",\"isPartOf\":{\"@id\":\"https:\\\/\\\/www.umweltnetz.ch\\\/content\\\/#website\"},\"breadcrumb\":{\"@id\":\"https:\\\/\\\/www.umweltnetz.ch\\\/content\\\/die-kev-zementiert-atomkraftwerke-und-stoppt-den-weg-in-die-richtung-einer-nachhaltigen-energieversorgung-oder-die-wahren-gruende-hinter-dem-scheitern-des-kev-referendums#breadcrumblist\"},\"author\":{\"@id\":\"https:\\\/\\\/www.umweltnetz.ch\\\/content\\\/author\\\/twp#author\"},\"creator\":{\"@id\":\"https:\\\/\\\/www.umweltnetz.ch\\\/content\\\/author\\\/twp#author\"},\"datePublished\":\"2013-10-25T19:15:54+02:00\",\"dateModified\":\"2013-11-12T12:41:52+01:00\"},{\"@type\":\"WebSite\",\"@id\":\"https:\\\/\\\/www.umweltnetz.ch\\\/content\\\/#website\",\"url\":\"https:\\\/\\\/www.umweltnetz.ch\\\/content\\\/\",\"name\":\"umweltnetz.ch\",\"description\":\"Umwelt und Politik - ein Internet-Angebot von Toni W. P\\u00fcntener\",\"inLanguage\":\"de-DE\",\"publisher\":{\"@id\":\"https:\\\/\\\/www.umweltnetz.ch\\\/content\\\/#organization\"}}]}\n\t\t<\/script>\n\t\t<!-- All in One SEO -->\n\n","aioseo_head_json":{"title":"Die KEV zementiert Atomkraftwerke und stoppt den Weg in die Richtung einer nachhaltigen Energieversorgung \u2013 oder die wahren Gr\u00fcnde hinter dem Scheitern des KEV-Referendums | umweltnetz.ch","description":"","canonical_url":"https:\/\/www.umweltnetz.ch\/content\/die-kev-zementiert-atomkraftwerke-und-stoppt-den-weg-in-die-richtung-einer-nachhaltigen-energieversorgung-oder-die-wahren-gruende-hinter-dem-scheitern-des-kev-referendums","robots":"max-image-preview:large","keywords":"","webmasterTools":{"miscellaneous":""},"schema":{"@context":"https:\/\/schema.org","@graph":[{"@type":"Article","@id":"https:\/\/www.umweltnetz.ch\/content\/die-kev-zementiert-atomkraftwerke-und-stoppt-den-weg-in-die-richtung-einer-nachhaltigen-energieversorgung-oder-die-wahren-gruende-hinter-dem-scheitern-des-kev-referendums#article","name":"Die KEV zementiert Atomkraftwerke und stoppt den Weg in die Richtung einer nachhaltigen Energieversorgung \u2013 oder die wahren Gr\u00fcnde hinter dem Scheitern des KEV-Referendums | umweltnetz.ch","headline":"Die KEV zementiert Atomkraftwerke und stoppt den Weg in die Richtung einer nachhaltigen Energieversorgung &#8211; oder die wahren Gr\u00fcnde hinter dem Scheitern des KEV-Referendums","author":{"@id":"https:\/\/www.umweltnetz.ch\/content\/author\/twp#author"},"publisher":{"@id":"https:\/\/www.umweltnetz.ch\/content\/#organization"},"datePublished":"2013-10-25T19:15:54+02:00","dateModified":"2013-11-12T12:41:52+01:00","inLanguage":"de-DE","commentCount":1,"mainEntityOfPage":{"@id":"https:\/\/www.umweltnetz.ch\/content\/die-kev-zementiert-atomkraftwerke-und-stoppt-den-weg-in-die-richtung-einer-nachhaltigen-energieversorgung-oder-die-wahren-gruende-hinter-dem-scheitern-des-kev-referendums#webpage"},"isPartOf":{"@id":"https:\/\/www.umweltnetz.ch\/content\/die-kev-zementiert-atomkraftwerke-und-stoppt-den-weg-in-die-richtung-einer-nachhaltigen-energieversorgung-oder-die-wahren-gruende-hinter-dem-scheitern-des-kev-referendums#webpage"},"articleSection":"Energie und Klimaschutz, Politik, Atomenergie, Ausstieg aus der Atomkraft, fossilfreie Energieversorgung, keine Subventionitis, nicht-fossil, nicht-nuklear, nichtfossil, nichtnuklear, raschm\u00f6glichster Ausstieg, Weg mit der KEV"},{"@type":"BreadcrumbList","@id":"https:\/\/www.umweltnetz.ch\/content\/die-kev-zementiert-atomkraftwerke-und-stoppt-den-weg-in-die-richtung-einer-nachhaltigen-energieversorgung-oder-die-wahren-gruende-hinter-dem-scheitern-des-kev-referendums#breadcrumblist","itemListElement":[{"@type":"ListItem","@id":"https:\/\/www.umweltnetz.ch\/content#listItem","position":1,"name":"Home","item":"https:\/\/www.umweltnetz.ch\/content","nextItem":{"@type":"ListItem","@id":"https:\/\/www.umweltnetz.ch\/content\/category\/energie-und-klimaschutz#listItem","name":"Energie und Klimaschutz"}},{"@type":"ListItem","@id":"https:\/\/www.umweltnetz.ch\/content\/category\/energie-und-klimaschutz#listItem","position":2,"name":"Energie und Klimaschutz","item":"https:\/\/www.umweltnetz.ch\/content\/category\/energie-und-klimaschutz","nextItem":{"@type":"ListItem","@id":"https:\/\/www.umweltnetz.ch\/content\/die-kev-zementiert-atomkraftwerke-und-stoppt-den-weg-in-die-richtung-einer-nachhaltigen-energieversorgung-oder-die-wahren-gruende-hinter-dem-scheitern-des-kev-referendums#listItem","name":"Die KEV zementiert Atomkraftwerke und stoppt den Weg in die Richtung einer nachhaltigen Energieversorgung &#8211; oder die wahren Gr\u00fcnde hinter dem Scheitern des KEV-Referendums"},"previousItem":{"@type":"ListItem","@id":"https:\/\/www.umweltnetz.ch\/content#listItem","name":"Home"}},{"@type":"ListItem","@id":"https:\/\/www.umweltnetz.ch\/content\/die-kev-zementiert-atomkraftwerke-und-stoppt-den-weg-in-die-richtung-einer-nachhaltigen-energieversorgung-oder-die-wahren-gruende-hinter-dem-scheitern-des-kev-referendums#listItem","position":3,"name":"Die KEV zementiert Atomkraftwerke und stoppt den Weg in die Richtung einer nachhaltigen Energieversorgung &#8211; oder die wahren Gr\u00fcnde hinter dem Scheitern des KEV-Referendums","previousItem":{"@type":"ListItem","@id":"https:\/\/www.umweltnetz.ch\/content\/category\/energie-und-klimaschutz#listItem","name":"Energie und Klimaschutz"}}]},{"@type":"Organization","@id":"https:\/\/www.umweltnetz.ch\/content\/#organization","name":"umweltnetz.ch","description":"Umwelt und Politik - ein Internet-Angebot von Toni W. P\u00fcntener","url":"https:\/\/www.umweltnetz.ch\/content\/"},{"@type":"Person","@id":"https:\/\/www.umweltnetz.ch\/content\/author\/twp#author","url":"https:\/\/www.umweltnetz.ch\/content\/author\/twp","name":"Toni W. P\u00fcntener","image":{"@type":"ImageObject","@id":"https:\/\/www.umweltnetz.ch\/content\/die-kev-zementiert-atomkraftwerke-und-stoppt-den-weg-in-die-richtung-einer-nachhaltigen-energieversorgung-oder-die-wahren-gruende-hinter-dem-scheitern-des-kev-referendums#authorImage","url":"https:\/\/secure.gravatar.com\/avatar\/b4b38790bfc673702bc7f3864264936e7baf1594c44260587ec4964490a262b9?s=96&d=mm&r=g","width":96,"height":96,"caption":"Toni W. P\u00fcntener"}},{"@type":"WebPage","@id":"https:\/\/www.umweltnetz.ch\/content\/die-kev-zementiert-atomkraftwerke-und-stoppt-den-weg-in-die-richtung-einer-nachhaltigen-energieversorgung-oder-die-wahren-gruende-hinter-dem-scheitern-des-kev-referendums#webpage","url":"https:\/\/www.umweltnetz.ch\/content\/die-kev-zementiert-atomkraftwerke-und-stoppt-den-weg-in-die-richtung-einer-nachhaltigen-energieversorgung-oder-die-wahren-gruende-hinter-dem-scheitern-des-kev-referendums","name":"Die KEV zementiert Atomkraftwerke und stoppt den Weg in die Richtung einer nachhaltigen Energieversorgung \u2013 oder die wahren Gr\u00fcnde hinter dem Scheitern des KEV-Referendums | umweltnetz.ch","inLanguage":"de-DE","isPartOf":{"@id":"https:\/\/www.umweltnetz.ch\/content\/#website"},"breadcrumb":{"@id":"https:\/\/www.umweltnetz.ch\/content\/die-kev-zementiert-atomkraftwerke-und-stoppt-den-weg-in-die-richtung-einer-nachhaltigen-energieversorgung-oder-die-wahren-gruende-hinter-dem-scheitern-des-kev-referendums#breadcrumblist"},"author":{"@id":"https:\/\/www.umweltnetz.ch\/content\/author\/twp#author"},"creator":{"@id":"https:\/\/www.umweltnetz.ch\/content\/author\/twp#author"},"datePublished":"2013-10-25T19:15:54+02:00","dateModified":"2013-11-12T12:41:52+01:00"},{"@type":"WebSite","@id":"https:\/\/www.umweltnetz.ch\/content\/#website","url":"https:\/\/www.umweltnetz.ch\/content\/","name":"umweltnetz.ch","description":"Umwelt und Politik - ein Internet-Angebot von Toni W. P\u00fcntener","inLanguage":"de-DE","publisher":{"@id":"https:\/\/www.umweltnetz.ch\/content\/#organization"}}]},"og:locale":"de_DE","og:site_name":"umweltnetz.ch | Umwelt und Politik - ein Internet-Angebot von Toni W. P\u00fcntener","og:type":"article","og:title":"Die KEV zementiert Atomkraftwerke und stoppt den Weg in die Richtung einer nachhaltigen Energieversorgung \u2013 oder die wahren Gr\u00fcnde hinter dem Scheitern des KEV-Referendums | umweltnetz.ch","og:url":"https:\/\/www.umweltnetz.ch\/content\/die-kev-zementiert-atomkraftwerke-und-stoppt-den-weg-in-die-richtung-einer-nachhaltigen-energieversorgung-oder-die-wahren-gruende-hinter-dem-scheitern-des-kev-referendums","article:published_time":"2013-10-25T17:15:54+00:00","article:modified_time":"2013-11-12T11:41:52+00:00","twitter:card":"summary","twitter:title":"Die KEV zementiert Atomkraftwerke und stoppt den Weg in die Richtung einer nachhaltigen Energieversorgung \u2013 oder die wahren Gr\u00fcnde hinter dem Scheitern des KEV-Referendums | umweltnetz.ch"},"aioseo_meta_data":{"post_id":"5514","title":null,"description":null,"keywords":null,"keyphrases":null,"primary_term":null,"canonical_url":null,"og_title":null,"og_description":null,"og_object_type":"default","og_image_type":"default","og_image_url":null,"og_image_width":null,"og_image_height":null,"og_image_custom_url":null,"og_image_custom_fields":null,"og_video":null,"og_custom_url":null,"og_article_section":null,"og_article_tags":null,"twitter_use_og":false,"twitter_card":"default","twitter_image_type":"default","twitter_image_url":null,"twitter_image_custom_url":null,"twitter_image_custom_fields":null,"twitter_title":null,"twitter_description":null,"schema":{"blockGraphs":[],"customGraphs":[],"default":{"data":{"Article":[],"Course":[],"Dataset":[],"FAQPage":[],"Movie":[],"Person":[],"Product":[],"ProductReview":[],"Car":[],"Recipe":[],"Service":[],"SoftwareApplication":[],"WebPage":[]},"graphName":"","isEnabled":true},"graphs":[]},"schema_type":null,"schema_type_options":null,"pillar_content":false,"robots_default":true,"robots_noindex":false,"robots_noarchive":false,"robots_nosnippet":false,"robots_nofollow":false,"robots_noimageindex":false,"robots_noodp":false,"robots_notranslate":false,"robots_max_snippet":null,"robots_max_videopreview":null,"robots_max_imagepreview":"large","priority":null,"frequency":null,"location":null,"local_seo":null,"breadcrumb_settings":null,"limit_modified_date":false,"ai":null,"created":"2020-12-21 15:15:31","updated":"2025-06-03 21:18:25","seo_analyzer_scan_date":null,"focus_keyword":null,"additional_keywords":null,"truseo_locale":null},"aioseo_breadcrumb":"<div class=\"aioseo-breadcrumbs\"><span class=\"aioseo-breadcrumb\">\n\t\t\t<a href=\"https:\/\/www.umweltnetz.ch\/content\" title=\"Home\">Home<\/a>\n\t\t<\/span><span class=\"aioseo-breadcrumb-separator\">&raquo;<\/span><span class=\"aioseo-breadcrumb\">\n\t\t\t<a href=\"https:\/\/www.umweltnetz.ch\/content\/category\/energie-und-klimaschutz\" title=\"Energie und Klimaschutz\">Energie und Klimaschutz<\/a>\n\t\t<\/span><span class=\"aioseo-breadcrumb-separator\">&raquo;<\/span><span class=\"aioseo-breadcrumb\">\n\t\t\tDie KEV zementiert Atomkraftwerke und stoppt den Weg in die Richtung einer nachhaltigen Energieversorgung \u2013 oder die wahren Gr\u00fcnde hinter dem Scheitern des KEV-Referendums\n\t\t<\/span><\/div>","aioseo_breadcrumb_json":[{"label":"Home","link":"https:\/\/www.umweltnetz.ch\/content"},{"label":"Energie und Klimaschutz","link":"https:\/\/www.umweltnetz.ch\/content\/category\/energie-und-klimaschutz"},{"label":"Die KEV zementiert Atomkraftwerke und stoppt den Weg in die Richtung einer nachhaltigen Energieversorgung &#8211; oder die wahren Gr\u00fcnde hinter dem Scheitern des KEV-Referendums","link":"https:\/\/www.umweltnetz.ch\/content\/die-kev-zementiert-atomkraftwerke-und-stoppt-den-weg-in-die-richtung-einer-nachhaltigen-energieversorgung-oder-die-wahren-gruende-hinter-dem-scheitern-des-kev-referendums"}],"jetpack_sharing_enabled":true,"jetpack_featured_media_url":"","_links":{"self":[{"href":"https:\/\/www.umweltnetz.ch\/content\/wp-json\/wp\/v2\/posts\/5514","targetHints":{"allow":["GET"]}}],"collection":[{"href":"https:\/\/www.umweltnetz.ch\/content\/wp-json\/wp\/v2\/posts"}],"about":[{"href":"https:\/\/www.umweltnetz.ch\/content\/wp-json\/wp\/v2\/types\/post"}],"author":[{"embeddable":true,"href":"https:\/\/www.umweltnetz.ch\/content\/wp-json\/wp\/v2\/users\/2"}],"replies":[{"embeddable":true,"href":"https:\/\/www.umweltnetz.ch\/content\/wp-json\/wp\/v2\/comments?post=5514"}],"version-history":[{"count":7,"href":"https:\/\/www.umweltnetz.ch\/content\/wp-json\/wp\/v2\/posts\/5514\/revisions"}],"predecessor-version":[{"id":5581,"href":"https:\/\/www.umweltnetz.ch\/content\/wp-json\/wp\/v2\/posts\/5514\/revisions\/5581"}],"wp:attachment":[{"href":"https:\/\/www.umweltnetz.ch\/content\/wp-json\/wp\/v2\/media?parent=5514"}],"wp:term":[{"taxonomy":"category","embeddable":true,"href":"https:\/\/www.umweltnetz.ch\/content\/wp-json\/wp\/v2\/categories?post=5514"},{"taxonomy":"post_tag","embeddable":true,"href":"https:\/\/www.umweltnetz.ch\/content\/wp-json\/wp\/v2\/tags?post=5514"}],"curies":[{"name":"wp","href":"https:\/\/api.w.org\/{rel}","templated":true}]}}