{"id":5114,"date":"2013-03-23T23:04:54","date_gmt":"2013-03-23T22:04:54","guid":{"rendered":"http:\/\/www.umweltnetz.ch\/content\/?p=5114"},"modified":"2013-03-24T16:52:35","modified_gmt":"2013-03-24T15:52:35","slug":"earth-hour-2013-auch-in-zurich","status":"publish","type":"post","link":"https:\/\/www.umweltnetz.ch\/content\/earth-hour-2013-auch-in-zurich","title":{"rendered":"Earth Hour 2013 auch in Z\u00fcrich"},"content":{"rendered":"<table>\n<tr>\n<td><img loading=\"lazy\" decoding=\"async\" src=\"http:\/\/www.umweltnetz.ch\/images\/earthhour13_detail.gif\" width=\"150\" height=\"150\" alt=\"Earth Hour 2013 Z\u00fcrich On-Off\"><\/td>\n<td>&nbsp;<\/td>\n<td>Earth Hour 2013 &#8211; wie jedes Jahr am Samstag 8:30 pm nach Tag- und Nachtgleiche &#8211; als Zeichen f\u00fcr einen reduzierten Energie- und Ressourcenverbrauch &#8211; <a href=\"http:\/\/www.stadt-zuerich.ch\/content\/ewz\/de\/index\/ewz\/medien\/2013\/allgemein\/die-stadt-zuerich-macht-bei-earth-hour-mit-.html\" target=\"_blank\">auch in Z\u00fcrich<\/a>! Das Elektrizit\u00e4tswerk der Stadt Z\u00fcrich ewz schaltet dazu die so genannte Festbeleuchtung ab!<\/td>\n<\/tr>\n<\/table>\n<p><!--more--><\/p>\n<p>Zwei Bilder von der <a href=\"http:\/\/zuerichtourismus.roundshot.ch\/stadthaus\" target=\"_blank\">Webcam auf dem Stadthaus<\/a>.<\/p>\n<figure style=\"width: 700px\" class=\"wp-caption aligncenter\"><img loading=\"lazy\" decoding=\"async\" src=\"http:\/\/www.umweltnetz.ch\/images\/earthhour13_stadthaus_2100kl.jpg\" width=\"700\" height=\"187\" alt=\"Earth Hour 2013 Z\u00fcrich - 23.3.2013 21:02\" class \/><figcaption class=\"wp-caption-text\">W\u00e4hrend der Earth Hour 2013 &#8211; Webcam-Bild vom Stadthaus in Z\u00fcrich, Samstag, 23. M\u00e4rz 2013, 21:02<\/figcaption><\/figure>\n<figure style=\"width: 700px\" class=\"wp-caption aligncenter\"><img decoding=\"async\" src=\"http:\/\/www.umweltnetz.ch\/images\/earthhour13_stadthaus_2130kl.jpg\" width=700\" height=\"187\" alt=\"Earth Hour 2013 Z\u00fcrich - 23.3.2013 21:33\" class \/><figcaption class=\"wp-caption-text\">Nach der Earth Hour 2013 &#8211; Webcam-Bild vom Stadthaus in Z\u00fcrich, Samstag, 23. M\u00e4rz 2013, 21:33<\/figcaption><\/figure>\n<hr>\n<p>Ein Ausschnitt davon, etwas aufgehellt, als On-Off-Darstellung:<\/p>\n<figure style=\"width: 700px\" class=\"wp-caption aligncenter\"><img loading=\"lazy\" decoding=\"async\" src=\"http:\/\/www.umweltnetz.ch\/images\/earthhour13_stadthaus_onoff.gif\" width=\"700\" height=\"334\" alt=\"On-Off Earth Hour 2013 in Z\u00fcrich\" class \/><figcaption class=\"wp-caption-text\">On-Off Earth Hour 2013 In Z\u00fcrich, Webcam vom Stadthaus<\/figcaption><\/figure>\n<hr>\n<p><a href=\"http:\/\/www.umweltnetz.ch\/content\/earth-hour-2010-in-zurich\" title=\"Earth Hour 2010 in Z\u00fcrich\" target=\"_blank\">Earth Hour 2010 in Z\u00fcrich<\/a><\/p>\n<p><a href=\"http:\/\/bildergalerien.umweltnetz.ch\/lichtaus_zh071208\/\" title=\"Earth Hour 2007 in Z\u00fcrich\" target=\"_blank\">Earth Hour 2007 in Z\u00fcrich<\/a><\/p>\n<p>\n","protected":false},"excerpt":{"rendered":"<p>&nbsp; Earth Hour 2013 &#8211; wie jedes Jahr am Samstag 8:30 pm nach Tag- und Nachtgleiche &#8211; als Zeichen f\u00fcr einen reduzierten Energie- und Ressourcenverbrauch &#8211; auch in Z\u00fcrich! Das Elektrizit\u00e4tswerk der Stadt Z\u00fcrich ewz schaltet dazu die so genannte Festbeleuchtung ab!<\/p>\n","protected":false},"author":2,"featured_media":0,"comment_status":"open","ping_status":"closed","sticky":false,"template":"","format":"standard","meta":{"ngg_post_thumbnail":0,"_jetpack_memberships_contains_paid_content":false,"footnotes":""},"categories":[4],"tags":[1294,1295,80],"class_list":["post-5114","post","type-post","status-publish","format-standard","hentry","category-energie-und-klimaschutz","tag-earthhour","tag-earth-hour-2013","tag-zuerich"],"aioseo_notices":[],"jetpack_featured_media_url":"","jetpack_sharing_enabled":true,"_links":{"self":[{"href":"https:\/\/www.umweltnetz.ch\/content\/wp-json\/wp\/v2\/posts\/5114","targetHints":{"allow":["GET"]}}],"collection":[{"href":"https:\/\/www.umweltnetz.ch\/content\/wp-json\/wp\/v2\/posts"}],"about":[{"href":"https:\/\/www.umweltnetz.ch\/content\/wp-json\/wp\/v2\/types\/post"}],"author":[{"embeddable":true,"href":"https:\/\/www.umweltnetz.ch\/content\/wp-json\/wp\/v2\/users\/2"}],"replies":[{"embeddable":true,"href":"https:\/\/www.umweltnetz.ch\/content\/wp-json\/wp\/v2\/comments?post=5114"}],"version-history":[{"count":14,"href":"https:\/\/www.umweltnetz.ch\/content\/wp-json\/wp\/v2\/posts\/5114\/revisions"}],"predecessor-version":[{"id":5133,"href":"https:\/\/www.umweltnetz.ch\/content\/wp-json\/wp\/v2\/posts\/5114\/revisions\/5133"}],"wp:attachment":[{"href":"https:\/\/www.umweltnetz.ch\/content\/wp-json\/wp\/v2\/media?parent=5114"}],"wp:term":[{"taxonomy":"category","embeddable":true,"href":"https:\/\/www.umweltnetz.ch\/content\/wp-json\/wp\/v2\/categories?post=5114"},{"taxonomy":"post_tag","embeddable":true,"href":"https:\/\/www.umweltnetz.ch\/content\/wp-json\/wp\/v2\/tags?post=5114"}],"curies":[{"name":"wp","href":"https:\/\/api.w.org\/{rel}","templated":true}]}}