{"id":452,"date":"2009-04-14T19:36:08","date_gmt":"2009-04-14T18:36:08","guid":{"rendered":"http:\/\/www.umweltnetz.ch\/content\/?p=452"},"modified":"2014-02-03T22:57:48","modified_gmt":"2014-02-03T21:57:48","slug":"400-zeichen-besser-darauf-verzichten","status":"publish","type":"post","link":"https:\/\/www.umweltnetz.ch\/content\/400-zeichen-besser-darauf-verzichten","title":{"rendered":"400 Zeichen &#8211; besser darauf verzichten!"},"content":{"rendered":"<p>Seit der <a href=\"http:\/\/www.umweltnetz.ch\/content\/der-tages-anzeiger-outet-sich-definitiv-als-auto-anzeiger\/\" target=\"_blank\">Auto-Anzeiger<\/a>, fr\u00fcher Tages-Anzeiger im Newsnetz-Verbund betrieben wird, besteht die M\u00f6glichkeit von &#8222;Kommentaren&#8220; zu Artikeln. Allerdings ist die L\u00e4nge von &#8222;Kommentaren&#8220; auf 400 Zeichen &#8211; 2 1\/2 SMS, eine etwas mehr als doppelte Kurznachricht also &#8211; begrenzt.<\/p>\n<p><!--more--><\/p>\n<p>Gerade die &#8222;Kommentare&#8220; zu einigen Artikeln w\u00e4hrend den Festtagen 2008 (z.B. Papst: \u00ab<a href=\"http:\/\/www.tagesanzeiger.ch\/ausland\/europa\/Papst-Schwule-vernichten-Gottes-Werk\/story\/12892989\" target=\"_blank\">Schwule vernichten Gottes Werk<\/a>\u00bb, bis 28.12.08 23:12 294 &#8222;Kommentare&#8220;, <a href=\"http:\/\/www.tagesanzeiger.ch\/ausland\/naher-osten-und-afrika\/HamasChef-ruft-zu-Intifada-auf\/story\/15850177\" target=\"_blank\">Hamas-Chef ruft zu Intifada auf<\/a>, bis 28.12.08 23:20 394 &#8222;Kommentare&#8220;) zeigen eines klar: 400 Zeichen f\u00fcr &#8222;Kommentare&#8220; w\u00fcrgt die Diskussion auf Stammtischniveau herab, da werden nur noch (in der Regel falsche) Allgemeinpl\u00e4tze dargelegt, da \u00e4ussert sich nur noch, wer so undifferenziert auf der Ebene von un\u00fcberlegten Schlagworten zu argumentieren vermag. Regelm\u00e4ssig w\u00e4re es zudem sinnvoll, die abgegebenen &#8222;Kommentare&#8220; nicht zu publizieren, d\u00fcrften diese doch sehr h\u00e4ufig diversen gesetzlichen Vorgaben nicht gen\u00fcgen.<\/p>\n<p>Brauchbare Kommentare der Auto-Anzeiger-, fr\u00fcher Tages-Anzeiger-Redaktion sind deutlich l\u00e4nger. Der kluge Kommentar &#8222;<a href=\"http:\/\/www.tagesanzeiger.ch\/meinungen\/dossier\/kolumnen--kommentare\/Israels-toedliche-Verzweiflung\/story\/15533990\" target=\"_blank\">Israels t\u00f6dliche Verzweiflung<\/a>&#8220; von Luciano Ferrari beispielsweise hat rund 2&#8217;100 Zeichen &#8211; tja, und viele der darauffolgenden &#8222;Kommentare&#8220; sind bestenfalls einf\u00e4ltig, wenn nicht gar dumm, unter anderem, weil es schlicht nicht m\u00f6glich ist, mit 400 Zeichen, einer Doppel-SMS, eine kluge Argumentation zu erarbeiten.<\/p>\n<p>Es gibt nur zwei sinnvolle M\u00f6glichkeiten: entweder wird die Begrenzung auf 400 Zeichen aufgehoben, oder der Auto-Anzeiger, fr\u00fcher Tages-Anzeiger verzichtet auf diese Dampfablass- und Streicheleinheiten-Verteilungs-Angelegenheit. <\/p>\n<hr \/>\n<p>Nachtrag 14.4.09<\/p>\n<p>Ein weiteres illustratives Beispiel zum Unsinn dieses 400-Zeichen-Stammtisch, da bringt die Auto-Zeitung, fr\u00fcher <a href=\"http:\/\/www.tagesanzeiger.ch\/panorama\/vermischtes\/Falsche-Osterprognosen--fuer-Wetterfroesche-nicht-dramatisch\/story\/24392566\" target=\"_blank\">Tages-Anzeiger am 14.4.09<\/a> einen Bericht \u00fcber die Differenz zwischen dem ersten Osterwetterbericht vom Dienstag, 7. April und dem tats\u00e4chlichen Osterwetter (auf der Alpennordseite &#8211; die Prognose t\u00f6nte eher nach ziemlich feucht, die Realit\u00e4t war schlicht und einfach grandioses Osterwetter!). Die 400-Zeichen-Stammtischler m\u00f6gen sich aufregen \u00fcber diese Differenz, es ist reinste Realsatire. Da wird etwa verlangt, dass man bei SF Meteo Stellen reduziere &#8211; nur stammt der TA-Wetterbericht von <a href=\"http:\/\/www.meteonews.ch\/index.php?section=company&#038;page=wetter_met&#038;lang=de\" target=\"_blank\">meteonews, einer Privatfirma<\/a>. Oder ein anderer Stammtischler empfiehlt den <a href=\"http:\/\/www.meteoschweiz.admin.ch\/\" target=\"_blank\">MeteoSchweiz<\/a>-N\u00f6rglern (auch dieser Staatsbetrieb ist NICHT verantwortlich f\u00fcr die TA-Wetterseiten) den &#8222;<em>Wetterbericht von Wick<\/em>&#8222;, obwohl Peter Wick CEO und CFO der f\u00fcr die &#8222;falschen&#8220; TA-Wetterberichte verantwortlichen MeteoNews ist. Das ist ja noch einigermassen lustig oder bestenfalls Beleg f\u00fcr die PISA-F\u00e4higkeiten der TA-Stammtischler.<\/p>\n<p>Dramatisch wirds, wenn ein weiterer Stammtischler aufgrund &#8222;falscher&#8220; Wetterprognosen Zweifel an den Aussagen zum (Mensch gemachten) Klimawandel anbringt. Einfach zur Aufkl\u00e4rung: Wetter ist das, was gerade jetzt draussen stattfindet, die Wetterprognose ist also eine Aussage \u00fcber zuk\u00fcnftiges Wetter, wie immer ohne Gew\u00e4hr respektive mit Unsicherheiten belastet. Klima ist hingegen so quasi das summierte Wetter, beschreibt also die langfristige Wetterentwicklung &#8211; und entwickelt daraus Szenarien f\u00fcr die Entwicklung des Klimas (und nicht des Wetters!). Wenn die IPCC Aussagen zum Mensch gemachten Klimawandel macht, ist auch dies mit Unsicherheiten verbunden &#8211; aber immerhin mit Wahrscheinlichkeiten, die nahe an 100 % liegen. Verstanden, Herr Auto-Anzeiger-Stammtischler?<\/p>\n<p>Fazit daraus: Liebe Auto-Anzeiger-Verantwortliche vom fr\u00fcheren Tages-Anzeiger, schafft doch endlich diesen 400-Zeichen-Leerlauf ab!               <\/p>\n<p>Erste Fassung: 28.12.2008<\/p>\n","protected":false},"excerpt":{"rendered":"<p>Seit der Auto-Anzeiger, fr\u00fcher Tages-Anzeiger im Newsnetz-Verbund betrieben wird, besteht die M\u00f6glichkeit von &#8222;Kommentaren&#8220; zu Artikeln. Allerdings ist die L\u00e4nge von &#8222;Kommentaren&#8220; auf 400 Zeichen &#8211; 2 1\/2 SMS, eine etwas mehr als doppelte Kurznachricht also &#8211; begrenzt.<\/p>\n","protected":false},"author":2,"featured_media":0,"comment_status":"open","ping_status":"open","sticky":false,"template":"","format":"standard","meta":{"ngg_post_thumbnail":0,"_jetpack_memberships_contains_paid_content":false,"footnotes":""},"categories":[1],"tags":[81,130],"class_list":["post-452","post","type-post","status-publish","format-standard","hentry","category-allgemein","tag-medien","tag-tages-anzeiger"],"aioseo_notices":[],"jetpack_featured_media_url":"","jetpack_sharing_enabled":true,"_links":{"self":[{"href":"https:\/\/www.umweltnetz.ch\/content\/wp-json\/wp\/v2\/posts\/452","targetHints":{"allow":["GET"]}}],"collection":[{"href":"https:\/\/www.umweltnetz.ch\/content\/wp-json\/wp\/v2\/posts"}],"about":[{"href":"https:\/\/www.umweltnetz.ch\/content\/wp-json\/wp\/v2\/types\/post"}],"author":[{"embeddable":true,"href":"https:\/\/www.umweltnetz.ch\/content\/wp-json\/wp\/v2\/users\/2"}],"replies":[{"embeddable":true,"href":"https:\/\/www.umweltnetz.ch\/content\/wp-json\/wp\/v2\/comments?post=452"}],"version-history":[{"count":6,"href":"https:\/\/www.umweltnetz.ch\/content\/wp-json\/wp\/v2\/posts\/452\/revisions"}],"predecessor-version":[{"id":5711,"href":"https:\/\/www.umweltnetz.ch\/content\/wp-json\/wp\/v2\/posts\/452\/revisions\/5711"}],"wp:attachment":[{"href":"https:\/\/www.umweltnetz.ch\/content\/wp-json\/wp\/v2\/media?parent=452"}],"wp:term":[{"taxonomy":"category","embeddable":true,"href":"https:\/\/www.umweltnetz.ch\/content\/wp-json\/wp\/v2\/categories?post=452"},{"taxonomy":"post_tag","embeddable":true,"href":"https:\/\/www.umweltnetz.ch\/content\/wp-json\/wp\/v2\/tags?post=452"}],"curies":[{"name":"wp","href":"https:\/\/api.w.org\/{rel}","templated":true}]}}