{"id":4198,"date":"2012-12-08T22:57:12","date_gmt":"2012-12-08T21:57:12","guid":{"rendered":"http:\/\/www.umweltnetz.ch\/content\/?p=4198"},"modified":"2013-01-07T10:41:19","modified_gmt":"2013-01-07T09:41:19","slug":"einmal-mehr-internationale-klimakonferenz-bestatigt-die-notwendigkeit-des-eigenverantwortlichen-handelns","status":"publish","type":"post","link":"https:\/\/www.umweltnetz.ch\/content\/einmal-mehr-internationale-klimakonferenz-bestatigt-die-notwendigkeit-des-eigenverantwortlichen-handelns","title":{"rendered":"Einmal mehr: internationale Klimakonferenz best\u00e4tigt die Notwendigkeit des eigenverantwortlichen Handelns"},"content":{"rendered":"<p>Es war abzusehen: in der Erd\u00f6l- und Erdgas-Monarchie Katar kann eine Klimaschutzkonferenz nur einen weiteren R\u00fcckschritt der internationalen Klimaschutzpolitik zur Folge haben. Da helfen selbst Aussagen wie &#8222;<em>die bestehende M\u00f6glichkeit einer Klimakatastrophe sollte die politische Entscheidungsfindung leiten<\/em>&#8220; von <a href=\"http:\/\/www.umweltnetz.ch\/content\/gestaltbare-zukunft-wer-tragt-dazu-bei\" title=\"Gestaltbare Zukunft \u2013 wer tr\u00e4gt dazu bei?\" target=\"_blank\">Vordenkern<\/a> wie Paul Krugmann, Wirtschaftnobelpreistr\u00e4ger 2008 wenig bis gar nichts, auch die hoch fundierten Aussagen von J&oslash;rgen Randers in &#8222;<a href=\"http:\/\/www.oekom.de\/nc\/buecher\/gesamtprogramm\/buch\/2052-der-neue-bericht-an-den-club-of-rome.html\" target=\"_blank\">2052 &#8211; Eine globale Prognose f\u00fcr die n\u00e4chsten 40 Jahre<\/a>&#8220; verhallen nicht nur in Doha ungeh\u00f6rt.<\/p>\n<p><!--more--><\/p>\n<p>Vor fast genau drei Jahren gab es an der Klimakonferenz Kopenhagen ein \u00e4hnliches Nicht-Ergebnis &#8211; ich verlinke ganz einfach auf den damaligen Beitrag &#8222;<a href=\"http:\/\/www.umweltnetz.ch\/content\/lohas-sind-out-den-lovos-gehoert-die-zukunft\" title=\"LOHAS sind out, den LOVOS geh\u00f6rt die Zukunft \u2013 die zivilgesellschaftliche Konsequenz aus der Weltklimakonferenz 2009\" target=\"_blank\">LOHAS sind out, den LOVOS geh\u00f6rt die Zukunft \u2013 die zivilgesellschaftliche Konsequenz aus der Weltklimakonferenz 2009<\/a>0&#8243; &#8211; mit Ausdehnung der G\u00fcltigkeit auf die Weltklimakonferenz Doha 2012!<\/p>\n<p>\u00dcbrigens: <a href=\"http:\/\/www.umweltnetz.ch\/content\/energiepolitik-for-dummies\" title=\"Energiepolitik for Dummies\" target=\"_blank\">sind Sie schon unterwegs auf dem Weg in eine fossil- und nuklearfreie Energieversorgung<\/a>?  <\/p>\n<p>\n","protected":false},"excerpt":{"rendered":"<p>Es war abzusehen: in der Erd\u00f6l- und Erdgas-Monarchie Katar kann eine Klimaschutzkonferenz nur einen weiteren R\u00fcckschritt der internationalen Klimaschutzpolitik zur Folge haben. Da helfen selbst Aussagen wie &#8222;die bestehende M\u00f6glichkeit einer Klimakatastrophe sollte die politische Entscheidungsfindung leiten&#8220; von Vordenkern wie Paul Krugmann, Wirtschaftnobelpreistr\u00e4ger 2008 wenig bis gar nichts, auch die hoch fundierten Aussagen von J&oslash;rgen &hellip; <a href=\"https:\/\/www.umweltnetz.ch\/content\/einmal-mehr-internationale-klimakonferenz-bestatigt-die-notwendigkeit-des-eigenverantwortlichen-handelns\" class=\"more-link\"><span class=\"screen-reader-text\">\u201eEinmal mehr: internationale Klimakonferenz best\u00e4tigt die Notwendigkeit des eigenverantwortlichen Handelns\u201c <\/span>weiterlesen<\/a><\/p>\n","protected":false},"author":2,"featured_media":0,"comment_status":"open","ping_status":"closed","sticky":false,"template":"","format":"standard","meta":{"ngg_post_thumbnail":0,"_jetpack_memberships_contains_paid_content":false,"footnotes":""},"categories":[1,4,5],"tags":[1204,1203,1093,1089,1188,31,824,823,1189,684],"class_list":["post-4198","post","type-post","status-publish","format-standard","hentry","category-allgemein","category-energie-und-klimaschutz","category-politik","tag-cop-18","tag-doha-2012","tag-energiepolitik-for-dummies","tag-energiepolitik-von-unten","tag-fossilfreie-energieversorgung","tag-klimaschutz","tag-nichtfossil","tag-nichtnuklear","tag-nuklearfreie-energieversorgung","tag-weltklimakonferenz"],"aioseo_notices":[],"jetpack_featured_media_url":"","jetpack_sharing_enabled":true,"_links":{"self":[{"href":"https:\/\/www.umweltnetz.ch\/content\/wp-json\/wp\/v2\/posts\/4198","targetHints":{"allow":["GET"]}}],"collection":[{"href":"https:\/\/www.umweltnetz.ch\/content\/wp-json\/wp\/v2\/posts"}],"about":[{"href":"https:\/\/www.umweltnetz.ch\/content\/wp-json\/wp\/v2\/types\/post"}],"author":[{"embeddable":true,"href":"https:\/\/www.umweltnetz.ch\/content\/wp-json\/wp\/v2\/users\/2"}],"replies":[{"embeddable":true,"href":"https:\/\/www.umweltnetz.ch\/content\/wp-json\/wp\/v2\/comments?post=4198"}],"version-history":[{"count":6,"href":"https:\/\/www.umweltnetz.ch\/content\/wp-json\/wp\/v2\/posts\/4198\/revisions"}],"predecessor-version":[{"id":4644,"href":"https:\/\/www.umweltnetz.ch\/content\/wp-json\/wp\/v2\/posts\/4198\/revisions\/4644"}],"wp:attachment":[{"href":"https:\/\/www.umweltnetz.ch\/content\/wp-json\/wp\/v2\/media?parent=4198"}],"wp:term":[{"taxonomy":"category","embeddable":true,"href":"https:\/\/www.umweltnetz.ch\/content\/wp-json\/wp\/v2\/categories?post=4198"},{"taxonomy":"post_tag","embeddable":true,"href":"https:\/\/www.umweltnetz.ch\/content\/wp-json\/wp\/v2\/tags?post=4198"}],"curies":[{"name":"wp","href":"https:\/\/api.w.org\/{rel}","templated":true}]}}