{"id":3903,"date":"2012-09-01T17:10:16","date_gmt":"2012-09-01T15:10:16","guid":{"rendered":"http:\/\/www.umweltnetz.ch\/content\/?p=3903"},"modified":"2012-09-23T10:47:58","modified_gmt":"2012-09-23T08:47:58","slug":"empfehlungen-zum-ausfullen-der-stimmzettel-volksabstimmung-vom-23-september-2012","status":"publish","type":"post","link":"https:\/\/www.umweltnetz.ch\/content\/empfehlungen-zum-ausfullen-der-stimmzettel-volksabstimmung-vom-23-september-2012","title":{"rendered":"Empfehlungen zum Ausf\u00fcllen der Stimmzettel &#8211; Volksabstimmung vom 23. September 2012"},"content":{"rendered":"<p>Bei Bund, Kanton und Stadt Z\u00fcrich stehen am Abstimmungssonntag vom 23. September 2012 sieben Vorlagen zur Entscheidung an &#8211; also direkt zu meinen Empfehlungen zum Ausf\u00fcllen der Stimmzettel.<\/p>\n<p><!--more--> <\/p>\n<hr>\n<p>Erg\u00e4nzung 23.9.2012:<\/p>\n<ul>\n<li><a href=\"http:\/\/www.statistik.zh.ch\/internet\/justiz_inneres\/statistik\/de\/wahlen_abstimmungen\/abstimmungen_2012\/abstimmungen_23092012\/resultate.html#a-content\" target=\"_blank\">Ergebnisse der Volksabstimmung im Kanton Z\u00fcrich<\/a> (eidgen\u00f6ssische und kantonale Vorlagen, ab 12:05 Hochrechnungen und Zwischenstand Ausz\u00e4hlung)<\/li>\n<li><a href=\"http:\/\/www.stadt-zuerich.ch\/content\/portal\/de\/index\/politik_u_recht\/abstimmungen_u_wahlen\/naechste_termine\/120923\/resultate.html\" target=\"_blank\">Ergebnisse Volksabstimmung Stadt Z\u00fcrich<\/a> (ab ca 14 Uhr Kreisergebnisse)<\/li>\n<\/ul>\n<hr>\n<h3>Eidgen\u00f6ssische Volksabstimmungen<\/h3>\n<ul>\n<li>Bundesbeschluss vom 15. M\u00e4rz 2012 \u00fcber die Jugendmusikf\u00f6rderung (Gegenentwurf zur Volksinitiative \u00abjugend + musik\u00bb): <strong>JA<\/strong><br \/><em>Als Hobbymusiker und Musikh\u00f6rer ist dieses Ja zwingend. Auch wenn Musik immer wieder von Machthabenden aller Art missbraucht wird, auch wenn Musik als Marketinginstrument eingesetzt wird, ist gerade ein begleiteter Zugang zu Musik die beste Missbrauchs-Pr\u00e4vention.<\/em><\/li>\n<li>Volksinitiative vom 23. Januar 2009 \u00abSicheres Wohnen im Alter\u00bb: <strong>NEIN<\/strong><br \/><em>Es ist kontraproduktiv,die Unternutzung von Wohnraum mit solchen Instrumenten zu f\u00f6rdern. Wir brauchen statt Immobilienbesitz <a href=\"http:\/\/www.umweltnetz.ch\/content\/wohnen-nutzungsrecht-statt-eigentum\" target=\"_blank\">Wohnnutzungsrechte<\/a> in Abh\u00e4ngigkeit des Lebensabschnittes, es braucht ein gr\u00f6sseres Angebot an Genossenschaftswohnungen, es braucht eine <a href=\"http:\/\/www.umweltnetz.ch\/content\/wir-brauchen-einen-nachhaltigen-wohnungsmarkt\" target=\"_blank\">stark lenkende Wohnfl\u00e4chenabgabe mit vollst\u00e4ndiger R\u00fcckerstattung<\/a>, es braucht ein <a href=\"http:\/\/www.umweltnetz.ch\/content\/tag\/bedingungsloses-grundeinkommen-fur-alle\" target=\"_blank\">bedingungsloses Grundeinkommen f\u00fcr alle<\/a><\/em><\/li>\n<li>Volksinitiative vom 18. Mai 2010 \u00abSchutz vor Passivrauchen\u00bb: <a href=\"http:\/\/www.umweltnetz.ch\/content\/das-fortgesetzte-ende-der-vernunft\" title=\"Das fortgesetzte Ende der Vernunft\" target=\"_blank\">ganz simpel und kategorisch <strong>JA<\/strong><\/a><\/li>\n<\/ul>\n<h3>Vorlagen Volksabstimmungen Kanton Z\u00fcrich<\/h3>\n<ul>\n<li>Verfassung des Kantons Z\u00fcrich (\u00c4nderung vom 23. April 2012; Abschaffung des konstruktiven Referendums): <strong>NEIN<\/strong> <a href=\"http:\/\/www.umweltnetz.ch\/content\/destruktion-um-das-konstruktive-referendum\" title=\"Destruktion um das konstruktive Referendum\" target=\"_blank\">zur Abschaffung eines Instruments der reifen Demokratie<\/a><\/li>\n<li>Beschluss des Kantonsrates \u00fcber die Bewilligung eines Objektkredites f\u00fcr den Autobahnzubringer A4 Obfelden\/Ottenbach: <strong>NEIN, und nochmals NEIN (auf dem Stimmzettel darf allerdings nur einmal NEIN stehen)<\/strong>.<br \/><em>Auch in Obfelden\/Ottenbach bringen mehr Strassen noch mehr Verkehr. Noch nie ist es dauerhaft gelungen, mit einem Strassenneubau die Sicherheit des Schulweges zu verbessern. Da hilft nur eines: viel weniger Verkehr, deutlich langsamerer Verkehr. Die agitatorischen Manipulationskr\u00e4fte, die entgegen s\u00e4mtlichen Vorgaben Schulklassen zum Z\u00fcrcher Rathaus karren, l\u00fcgen sich, den Stimmberechtigten und insbesondere den Kindern einiges vor.<\/em><\/li>\n<\/ul>\n<h3>Vorlagen Volksabstimmung Stadt Z\u00fcrich<\/h3>\n<ul>\n<li>Sechsel\u00e4uten-\/Theaterplatz: Neugestaltung und Velomassnahmen, Objektkredit von 17,203 Mio. Franken: <strong>JA<\/strong><em><br \/>Eine unsinnige, querulatorische Abstimmung (das sage ich als Demokrat). Die Stimmberechtigten der Stadt Z\u00fcrich wollen weniger Verkehr, das geht nur mit weniger Strassen (auch wenn das von der FDP bemitleidete Strassenst\u00fcck nachweislich keine verkehrlichen Auswirkungen hat). Das $VP-Nein, welches sich am festen Steinbelag st\u00f6rt und stattdessen einen Rasen<strong>teppich<\/strong> will, blendet aus, dass die Nutzungsdichte an diesem Standort keine naturnahe Wiese zul\u00e4sst, einmal mehr symptomatisch f\u00fcr die zechprellerische Haltung dieser Pseudo-Partei.<\/em><\/li>\n<li>Fl\u00e4chendeckende Erschliessung der Stadt Z\u00fcrich mit Glasfasern, Objektkredit von 400 Mio. Franken: <strong>ung\u00fcltig<\/strong><br \/><em>Diese Abstimmung ist von der verfassungswidrig agierenden ComCom und der in diesem Fall wirtschaftskriminell agierenden <a href=\"http:\/\/www.umweltnetz.ch\/content\/anti-demokratische-swisscom\" target=\"_blank\">Swisscom<\/a> erzwungen worden. Da ich dezidiert der Ansicht bin, dass ein Glasfasernetz als zentrale Infrastruktur ausschliesslich durch die demokratischen Gremien zu kontrollieren ist, m\u00fcsste ich zu dieser Vorlage Nein sagen. Auch wenn ich das Schlagwort &#8222;unheilige Allianz&#8220; nicht brauche, weil dies eine apolitische Einsch\u00e4tzung ist, mag ich dies allerdings angesichts der d\u00fcmmlichen Argumentation von $VP und Jungfreisinnigen nicht tun. Weil ich allerdings in dieser Form nicht zustimmen kann, empfehle ich einen ung\u00fcltigen Stimmzettel einzulegen.<\/em><\/li>\n<\/ul>\n<hr>\n<p>Am Sonntag, 23. September 1990, vor 22 Jahren also, wurde auf Bundesebene \u00fcber drei energiepolitische Vorlagen abgestimmt &#8211; trotz der Parole &#8222;3 x Ja&#8220; wurde damals die Initiative zum Ausstieg aus der Atomenergie abgelehnt (auch wenn beispielsweise die Stimmberechtigten der Stadt Z\u00fcrich schon damals f\u00fcr den Atomausstieg waren). H\u00e4tten die Stimmberechtigten damals anders entschieden, w\u00e4ren wir schon deutlich weiter auf dem Weg zu einer <a href=\"http:\/\/www.umweltnetz.ch\/content\/nach-nuklear-und-nach-fossil-heute-beginnen\" target=\"_blank\">atomfreien und fossilfreien Energieversorgung<\/a>.  <\/p>\n<p>\n","protected":false},"excerpt":{"rendered":"<p>Bei Bund, Kanton und Stadt Z\u00fcrich stehen am Abstimmungssonntag vom 23. September 2012 sieben Vorlagen zur Entscheidung an &#8211; also direkt zu meinen Empfehlungen zum Ausf\u00fcllen der Stimmzettel.<\/p>\n","protected":false},"author":2,"featured_media":0,"comment_status":"open","ping_status":"closed","sticky":false,"template":"","format":"standard","meta":{"ngg_post_thumbnail":0,"_jetpack_newsletter_access":"","_jetpack_dont_email_post_to_subs":false,"_jetpack_newsletter_tier_id":0,"_jetpack_memberships_contains_paywalled_content":false,"_jetpack_feature_clip_id":0,"_jetpack_memberships_contains_paid_content":false,"footnotes":"","jetpack_post_was_ever_published":false},"categories":[5],"tags":[129,436,1146,8,1147,245,128,1145],"class_list":["post-3903","post","type-post","status-publish","format-standard","hentry","category-politik","tag-abstimmungsempfehlung","tag-bund","tag-jugendmusikforderung","tag-kanton-zurich","tag-schutz-vor-passivrauchen","tag-stadt-zurich","tag-volksabstimmung","tag-volksabstimmung-23-9-2012"],"aioseo_notices":[],"aioseo_head":"\n\t\t<!-- All in One SEO 5.0.1.1 - aioseo.com -->\n\t<meta name=\"robots\" content=\"max-image-preview:large\" \/>\n\t<meta name=\"author\" content=\"Toni W. P\u00fcntener\"\/>\n\t<link rel=\"canonical\" href=\"https:\/\/www.umweltnetz.ch\/content\/empfehlungen-zum-ausfullen-der-stimmzettel-volksabstimmung-vom-23-september-2012\" \/>\n\t<meta name=\"generator\" content=\"All in One SEO (AIOSEO) 5.0.1.1\" \/>\n\t\t<meta property=\"og:locale\" content=\"de_DE\" \/>\n\t\t<meta property=\"og:site_name\" content=\"umweltnetz.ch | Umwelt und Politik - ein Internet-Angebot von Toni W. P\u00fcntener\" \/>\n\t\t<meta property=\"og:type\" content=\"article\" \/>\n\t\t<meta property=\"og:title\" content=\"Empfehlungen zum Ausf\u00fcllen der Stimmzettel \u2013 Volksabstimmung vom 23. September 2012 | umweltnetz.ch\" \/>\n\t\t<meta property=\"og:url\" content=\"https:\/\/www.umweltnetz.ch\/content\/empfehlungen-zum-ausfullen-der-stimmzettel-volksabstimmung-vom-23-september-2012\" \/>\n\t\t<meta property=\"article:published_time\" content=\"2012-09-01T15:10:16+00:00\" \/>\n\t\t<meta property=\"article:modified_time\" content=\"2012-09-23T08:47:58+00:00\" \/>\n\t\t<meta name=\"twitter:card\" content=\"summary\" \/>\n\t\t<meta name=\"twitter:title\" content=\"Empfehlungen zum Ausf\u00fcllen der Stimmzettel \u2013 Volksabstimmung vom 23. September 2012 | umweltnetz.ch\" \/>\n\t\t<script type=\"application\/ld+json\" class=\"aioseo-schema\">\n\t\t\t{\"@context\":\"https:\\\/\\\/schema.org\",\"@graph\":[{\"@type\":\"Article\",\"@id\":\"https:\\\/\\\/www.umweltnetz.ch\\\/content\\\/empfehlungen-zum-ausfullen-der-stimmzettel-volksabstimmung-vom-23-september-2012#article\",\"name\":\"Empfehlungen zum Ausf\\u00fcllen der Stimmzettel \\u2013 Volksabstimmung vom 23. September 2012 | umweltnetz.ch\",\"headline\":\"Empfehlungen zum Ausf\\u00fcllen der Stimmzettel &#8211; Volksabstimmung vom 23. September 2012\",\"author\":{\"@id\":\"https:\\\/\\\/www.umweltnetz.ch\\\/content\\\/author\\\/twp#author\"},\"publisher\":{\"@id\":\"https:\\\/\\\/www.umweltnetz.ch\\\/content\\\/#organization\"},\"datePublished\":\"2012-09-01T17:10:16+02:00\",\"dateModified\":\"2012-09-23T10:47:58+02:00\",\"inLanguage\":\"de-DE\",\"mainEntityOfPage\":{\"@id\":\"https:\\\/\\\/www.umweltnetz.ch\\\/content\\\/empfehlungen-zum-ausfullen-der-stimmzettel-volksabstimmung-vom-23-september-2012#webpage\"},\"isPartOf\":{\"@id\":\"https:\\\/\\\/www.umweltnetz.ch\\\/content\\\/empfehlungen-zum-ausfullen-der-stimmzettel-volksabstimmung-vom-23-september-2012#webpage\"},\"articleSection\":\"Politik, Abstimmungsempfehlung, Bund, Jugendmusikf\\u00f6rderung, Kanton Z\\u00fcrich, Schutz vor Passivrauchen, Stadt Z\\u00fcrich, Volksabstimmung, Volksabstimmung 23.9.2012\"},{\"@type\":\"BreadcrumbList\",\"@id\":\"https:\\\/\\\/www.umweltnetz.ch\\\/content\\\/empfehlungen-zum-ausfullen-der-stimmzettel-volksabstimmung-vom-23-september-2012#breadcrumblist\",\"itemListElement\":[{\"@type\":\"ListItem\",\"@id\":\"https:\\\/\\\/www.umweltnetz.ch\\\/content#listItem\",\"position\":1,\"name\":\"Home\",\"item\":\"https:\\\/\\\/www.umweltnetz.ch\\\/content\",\"nextItem\":{\"@type\":\"ListItem\",\"@id\":\"https:\\\/\\\/www.umweltnetz.ch\\\/content\\\/category\\\/politik#listItem\",\"name\":\"Politik\"}},{\"@type\":\"ListItem\",\"@id\":\"https:\\\/\\\/www.umweltnetz.ch\\\/content\\\/category\\\/politik#listItem\",\"position\":2,\"name\":\"Politik\",\"item\":\"https:\\\/\\\/www.umweltnetz.ch\\\/content\\\/category\\\/politik\",\"nextItem\":{\"@type\":\"ListItem\",\"@id\":\"https:\\\/\\\/www.umweltnetz.ch\\\/content\\\/empfehlungen-zum-ausfullen-der-stimmzettel-volksabstimmung-vom-23-september-2012#listItem\",\"name\":\"Empfehlungen zum Ausf\\u00fcllen der Stimmzettel &#8211; Volksabstimmung vom 23. September 2012\"},\"previousItem\":{\"@type\":\"ListItem\",\"@id\":\"https:\\\/\\\/www.umweltnetz.ch\\\/content#listItem\",\"name\":\"Home\"}},{\"@type\":\"ListItem\",\"@id\":\"https:\\\/\\\/www.umweltnetz.ch\\\/content\\\/empfehlungen-zum-ausfullen-der-stimmzettel-volksabstimmung-vom-23-september-2012#listItem\",\"position\":3,\"name\":\"Empfehlungen zum Ausf\\u00fcllen der Stimmzettel &#8211; Volksabstimmung vom 23. September 2012\",\"previousItem\":{\"@type\":\"ListItem\",\"@id\":\"https:\\\/\\\/www.umweltnetz.ch\\\/content\\\/category\\\/politik#listItem\",\"name\":\"Politik\"}}]},{\"@type\":\"Organization\",\"@id\":\"https:\\\/\\\/www.umweltnetz.ch\\\/content\\\/#organization\",\"name\":\"umweltnetz.ch\",\"description\":\"Umwelt und Politik - ein Internet-Angebot von Toni W. P\\u00fcntener\",\"url\":\"https:\\\/\\\/www.umweltnetz.ch\\\/content\\\/\"},{\"@type\":\"Person\",\"@id\":\"https:\\\/\\\/www.umweltnetz.ch\\\/content\\\/author\\\/twp#author\",\"url\":\"https:\\\/\\\/www.umweltnetz.ch\\\/content\\\/author\\\/twp\",\"name\":\"Toni W. P\\u00fcntener\",\"image\":{\"@type\":\"ImageObject\",\"@id\":\"https:\\\/\\\/www.umweltnetz.ch\\\/content\\\/empfehlungen-zum-ausfullen-der-stimmzettel-volksabstimmung-vom-23-september-2012#authorImage\",\"url\":\"https:\\\/\\\/secure.gravatar.com\\\/avatar\\\/b4b38790bfc673702bc7f3864264936e7baf1594c44260587ec4964490a262b9?s=96&d=mm&r=g\",\"width\":96,\"height\":96,\"caption\":\"Toni W. P\\u00fcntener\"}},{\"@type\":\"WebPage\",\"@id\":\"https:\\\/\\\/www.umweltnetz.ch\\\/content\\\/empfehlungen-zum-ausfullen-der-stimmzettel-volksabstimmung-vom-23-september-2012#webpage\",\"url\":\"https:\\\/\\\/www.umweltnetz.ch\\\/content\\\/empfehlungen-zum-ausfullen-der-stimmzettel-volksabstimmung-vom-23-september-2012\",\"name\":\"Empfehlungen zum Ausf\\u00fcllen der Stimmzettel \\u2013 Volksabstimmung vom 23. September 2012 | umweltnetz.ch\",\"inLanguage\":\"de-DE\",\"isPartOf\":{\"@id\":\"https:\\\/\\\/www.umweltnetz.ch\\\/content\\\/#website\"},\"breadcrumb\":{\"@id\":\"https:\\\/\\\/www.umweltnetz.ch\\\/content\\\/empfehlungen-zum-ausfullen-der-stimmzettel-volksabstimmung-vom-23-september-2012#breadcrumblist\"},\"author\":{\"@id\":\"https:\\\/\\\/www.umweltnetz.ch\\\/content\\\/author\\\/twp#author\"},\"creator\":{\"@id\":\"https:\\\/\\\/www.umweltnetz.ch\\\/content\\\/author\\\/twp#author\"},\"datePublished\":\"2012-09-01T17:10:16+02:00\",\"dateModified\":\"2012-09-23T10:47:58+02:00\"},{\"@type\":\"WebSite\",\"@id\":\"https:\\\/\\\/www.umweltnetz.ch\\\/content\\\/#website\",\"url\":\"https:\\\/\\\/www.umweltnetz.ch\\\/content\\\/\",\"name\":\"umweltnetz.ch\",\"description\":\"Umwelt und Politik - ein Internet-Angebot von Toni W. P\\u00fcntener\",\"inLanguage\":\"de-DE\",\"publisher\":{\"@id\":\"https:\\\/\\\/www.umweltnetz.ch\\\/content\\\/#organization\"}}]}\n\t\t<\/script>\n\t\t<!-- All in One SEO -->\n\n","aioseo_head_json":{"title":"Empfehlungen zum Ausf\u00fcllen der Stimmzettel \u2013 Volksabstimmung vom 23. September 2012 | umweltnetz.ch","description":"","canonical_url":"https:\/\/www.umweltnetz.ch\/content\/empfehlungen-zum-ausfullen-der-stimmzettel-volksabstimmung-vom-23-september-2012","robots":"max-image-preview:large","keywords":"","webmasterTools":{"miscellaneous":""},"schema":{"@context":"https:\/\/schema.org","@graph":[{"@type":"Article","@id":"https:\/\/www.umweltnetz.ch\/content\/empfehlungen-zum-ausfullen-der-stimmzettel-volksabstimmung-vom-23-september-2012#article","name":"Empfehlungen zum Ausf\u00fcllen der Stimmzettel \u2013 Volksabstimmung vom 23. September 2012 | umweltnetz.ch","headline":"Empfehlungen zum Ausf\u00fcllen der Stimmzettel &#8211; Volksabstimmung vom 23. September 2012","author":{"@id":"https:\/\/www.umweltnetz.ch\/content\/author\/twp#author"},"publisher":{"@id":"https:\/\/www.umweltnetz.ch\/content\/#organization"},"datePublished":"2012-09-01T17:10:16+02:00","dateModified":"2012-09-23T10:47:58+02:00","inLanguage":"de-DE","mainEntityOfPage":{"@id":"https:\/\/www.umweltnetz.ch\/content\/empfehlungen-zum-ausfullen-der-stimmzettel-volksabstimmung-vom-23-september-2012#webpage"},"isPartOf":{"@id":"https:\/\/www.umweltnetz.ch\/content\/empfehlungen-zum-ausfullen-der-stimmzettel-volksabstimmung-vom-23-september-2012#webpage"},"articleSection":"Politik, Abstimmungsempfehlung, Bund, Jugendmusikf\u00f6rderung, Kanton Z\u00fcrich, Schutz vor Passivrauchen, Stadt Z\u00fcrich, Volksabstimmung, Volksabstimmung 23.9.2012"},{"@type":"BreadcrumbList","@id":"https:\/\/www.umweltnetz.ch\/content\/empfehlungen-zum-ausfullen-der-stimmzettel-volksabstimmung-vom-23-september-2012#breadcrumblist","itemListElement":[{"@type":"ListItem","@id":"https:\/\/www.umweltnetz.ch\/content#listItem","position":1,"name":"Home","item":"https:\/\/www.umweltnetz.ch\/content","nextItem":{"@type":"ListItem","@id":"https:\/\/www.umweltnetz.ch\/content\/category\/politik#listItem","name":"Politik"}},{"@type":"ListItem","@id":"https:\/\/www.umweltnetz.ch\/content\/category\/politik#listItem","position":2,"name":"Politik","item":"https:\/\/www.umweltnetz.ch\/content\/category\/politik","nextItem":{"@type":"ListItem","@id":"https:\/\/www.umweltnetz.ch\/content\/empfehlungen-zum-ausfullen-der-stimmzettel-volksabstimmung-vom-23-september-2012#listItem","name":"Empfehlungen zum Ausf\u00fcllen der Stimmzettel &#8211; Volksabstimmung vom 23. September 2012"},"previousItem":{"@type":"ListItem","@id":"https:\/\/www.umweltnetz.ch\/content#listItem","name":"Home"}},{"@type":"ListItem","@id":"https:\/\/www.umweltnetz.ch\/content\/empfehlungen-zum-ausfullen-der-stimmzettel-volksabstimmung-vom-23-september-2012#listItem","position":3,"name":"Empfehlungen zum Ausf\u00fcllen der Stimmzettel &#8211; Volksabstimmung vom 23. September 2012","previousItem":{"@type":"ListItem","@id":"https:\/\/www.umweltnetz.ch\/content\/category\/politik#listItem","name":"Politik"}}]},{"@type":"Organization","@id":"https:\/\/www.umweltnetz.ch\/content\/#organization","name":"umweltnetz.ch","description":"Umwelt und Politik - ein Internet-Angebot von Toni W. P\u00fcntener","url":"https:\/\/www.umweltnetz.ch\/content\/"},{"@type":"Person","@id":"https:\/\/www.umweltnetz.ch\/content\/author\/twp#author","url":"https:\/\/www.umweltnetz.ch\/content\/author\/twp","name":"Toni W. P\u00fcntener","image":{"@type":"ImageObject","@id":"https:\/\/www.umweltnetz.ch\/content\/empfehlungen-zum-ausfullen-der-stimmzettel-volksabstimmung-vom-23-september-2012#authorImage","url":"https:\/\/secure.gravatar.com\/avatar\/b4b38790bfc673702bc7f3864264936e7baf1594c44260587ec4964490a262b9?s=96&d=mm&r=g","width":96,"height":96,"caption":"Toni W. P\u00fcntener"}},{"@type":"WebPage","@id":"https:\/\/www.umweltnetz.ch\/content\/empfehlungen-zum-ausfullen-der-stimmzettel-volksabstimmung-vom-23-september-2012#webpage","url":"https:\/\/www.umweltnetz.ch\/content\/empfehlungen-zum-ausfullen-der-stimmzettel-volksabstimmung-vom-23-september-2012","name":"Empfehlungen zum Ausf\u00fcllen der Stimmzettel \u2013 Volksabstimmung vom 23. September 2012 | umweltnetz.ch","inLanguage":"de-DE","isPartOf":{"@id":"https:\/\/www.umweltnetz.ch\/content\/#website"},"breadcrumb":{"@id":"https:\/\/www.umweltnetz.ch\/content\/empfehlungen-zum-ausfullen-der-stimmzettel-volksabstimmung-vom-23-september-2012#breadcrumblist"},"author":{"@id":"https:\/\/www.umweltnetz.ch\/content\/author\/twp#author"},"creator":{"@id":"https:\/\/www.umweltnetz.ch\/content\/author\/twp#author"},"datePublished":"2012-09-01T17:10:16+02:00","dateModified":"2012-09-23T10:47:58+02:00"},{"@type":"WebSite","@id":"https:\/\/www.umweltnetz.ch\/content\/#website","url":"https:\/\/www.umweltnetz.ch\/content\/","name":"umweltnetz.ch","description":"Umwelt und Politik - ein Internet-Angebot von Toni W. P\u00fcntener","inLanguage":"de-DE","publisher":{"@id":"https:\/\/www.umweltnetz.ch\/content\/#organization"}}]},"og:locale":"de_DE","og:site_name":"umweltnetz.ch | Umwelt und Politik - ein Internet-Angebot von Toni W. P\u00fcntener","og:type":"article","og:title":"Empfehlungen zum Ausf\u00fcllen der Stimmzettel \u2013 Volksabstimmung vom 23. September 2012 | umweltnetz.ch","og:url":"https:\/\/www.umweltnetz.ch\/content\/empfehlungen-zum-ausfullen-der-stimmzettel-volksabstimmung-vom-23-september-2012","article:published_time":"2012-09-01T15:10:16+00:00","article:modified_time":"2012-09-23T08:47:58+00:00","twitter:card":"summary","twitter:title":"Empfehlungen zum Ausf\u00fcllen der Stimmzettel \u2013 Volksabstimmung vom 23. September 2012 | umweltnetz.ch"},"aioseo_meta_data":{"post_id":"3903","title":null,"description":null,"keywords":null,"keyphrases":null,"primary_term":null,"canonical_url":null,"og_title":null,"og_description":null,"og_object_type":"default","og_image_type":"default","og_image_url":null,"og_image_width":null,"og_image_height":null,"og_image_custom_url":null,"og_image_custom_fields":null,"og_video":null,"og_custom_url":null,"og_article_section":null,"og_article_tags":null,"twitter_use_og":false,"twitter_card":"default","twitter_image_type":"default","twitter_image_url":null,"twitter_image_custom_url":null,"twitter_image_custom_fields":null,"twitter_title":null,"twitter_description":null,"schema":{"blockGraphs":[],"customGraphs":[],"default":{"data":{"Article":[],"Course":[],"Dataset":[],"FAQPage":[],"Movie":[],"Person":[],"Product":[],"ProductReview":[],"Car":[],"Recipe":[],"Service":[],"SoftwareApplication":[],"WebPage":[]},"graphName":"","isEnabled":true},"graphs":[]},"schema_type":null,"schema_type_options":null,"pillar_content":false,"robots_default":true,"robots_noindex":false,"robots_noarchive":false,"robots_nosnippet":false,"robots_nofollow":false,"robots_noimageindex":false,"robots_noodp":false,"robots_notranslate":false,"robots_max_snippet":null,"robots_max_videopreview":null,"robots_max_imagepreview":"large","priority":null,"frequency":null,"location":null,"local_seo":null,"breadcrumb_settings":null,"limit_modified_date":false,"ai":null,"created":"2020-12-21 15:16:25","updated":"2025-06-03 21:04:44","seo_analyzer_scan_date":null,"focus_keyword":null,"additional_keywords":null,"truseo_locale":null},"aioseo_breadcrumb":"<div class=\"aioseo-breadcrumbs\"><span class=\"aioseo-breadcrumb\">\n\t\t\t<a href=\"https:\/\/www.umweltnetz.ch\/content\" title=\"Home\">Home<\/a>\n\t\t<\/span><span class=\"aioseo-breadcrumb-separator\">&raquo;<\/span><span class=\"aioseo-breadcrumb\">\n\t\t\t<a href=\"https:\/\/www.umweltnetz.ch\/content\/category\/politik\" title=\"Politik\">Politik<\/a>\n\t\t<\/span><span class=\"aioseo-breadcrumb-separator\">&raquo;<\/span><span class=\"aioseo-breadcrumb\">\n\t\t\tEmpfehlungen zum Ausf\u00fcllen der Stimmzettel \u2013 Volksabstimmung vom 23. September 2012\n\t\t<\/span><\/div>","aioseo_breadcrumb_json":[{"label":"Home","link":"https:\/\/www.umweltnetz.ch\/content"},{"label":"Politik","link":"https:\/\/www.umweltnetz.ch\/content\/category\/politik"},{"label":"Empfehlungen zum Ausf\u00fcllen der Stimmzettel &#8211; Volksabstimmung vom 23. September 2012","link":"https:\/\/www.umweltnetz.ch\/content\/empfehlungen-zum-ausfullen-der-stimmzettel-volksabstimmung-vom-23-september-2012"}],"jetpack_sharing_enabled":true,"jetpack_featured_media_url":"","_links":{"self":[{"href":"https:\/\/www.umweltnetz.ch\/content\/wp-json\/wp\/v2\/posts\/3903","targetHints":{"allow":["GET"]}}],"collection":[{"href":"https:\/\/www.umweltnetz.ch\/content\/wp-json\/wp\/v2\/posts"}],"about":[{"href":"https:\/\/www.umweltnetz.ch\/content\/wp-json\/wp\/v2\/types\/post"}],"author":[{"embeddable":true,"href":"https:\/\/www.umweltnetz.ch\/content\/wp-json\/wp\/v2\/users\/2"}],"replies":[{"embeddable":true,"href":"https:\/\/www.umweltnetz.ch\/content\/wp-json\/wp\/v2\/comments?post=3903"}],"version-history":[{"count":9,"href":"https:\/\/www.umweltnetz.ch\/content\/wp-json\/wp\/v2\/posts\/3903\/revisions"}],"predecessor-version":[{"id":3974,"href":"https:\/\/www.umweltnetz.ch\/content\/wp-json\/wp\/v2\/posts\/3903\/revisions\/3974"}],"wp:attachment":[{"href":"https:\/\/www.umweltnetz.ch\/content\/wp-json\/wp\/v2\/media?parent=3903"}],"wp:term":[{"taxonomy":"category","embeddable":true,"href":"https:\/\/www.umweltnetz.ch\/content\/wp-json\/wp\/v2\/categories?post=3903"},{"taxonomy":"post_tag","embeddable":true,"href":"https:\/\/www.umweltnetz.ch\/content\/wp-json\/wp\/v2\/tags?post=3903"}],"curies":[{"name":"wp","href":"https:\/\/api.w.org\/{rel}","templated":true}]}}