{"id":3660,"date":"2012-04-13T21:33:09","date_gmt":"2012-04-13T19:33:09","guid":{"rendered":"http:\/\/www.umweltnetz.ch\/content\/?p=3660"},"modified":"2012-04-14T16:23:03","modified_gmt":"2012-04-14T14:23:03","slug":"schweigen-oder-dichten","status":"publish","type":"post","link":"https:\/\/www.umweltnetz.ch\/content\/schweigen-oder-dichten","title":{"rendered":"Schweigen oder Dichten?"},"content":{"rendered":"<p>G\u00fcnter Grass hat sich gegen das Schweigen und f\u00fcr das Dichten entschieden. Er kritisierte das Verhalten des Staates Israel &#8211; und damit auch das der &#8222;Verb\u00fcndeten&#8220; Israels &#8211; gegen\u00fcber dem Staat Iran. Da f\u00fcr viele der Staat Israel synonymisch f\u00fcr die j\u00fcdische Glaubensgemeinschaft steht, wurden die gew\u00e4hlten Worte des deutschen Nobelpreistr\u00e4gers in einem Teil der Weltgemeinschaft als antisemitisch kategorisiert. Schweigen oder Dichten kann nicht die letzte Aussage bleiben.<\/p>\n<p><!--more--><\/p>\n<p>Der Tagesanzeiger <a href=\"http:\/\/www.tagesanzeiger.ch\/ausland\/asien-und-ozeanien\/Diese-Anschuldigung-enthaelt-gleich-zwei-Luegen\/story\/10663432\" target=\"_blank\">interviewt in der Ausgabe vom 13. April 2012 den iranischen Botschafter in der Schweiz, Alireza Salari<\/a>. Ein solches Interview ist kaum ein spontanes Interview, jede Aussage kommt sehr geschliffen daher, wirkt ausdr\u00fccklich f\u00fcr westeurop\u00e4ische Augen und Ohren konstruiert &#8211; Alireza Salari und\/oder die iranische Propaganda-Abteilung wirken analytisch und argumentativ stark &#8211; es werden Sachverhalte dargestellt, die \u00fcber Schweigen oder Dichten hinausgehen.<\/p>\n<p>Alireza Salari nennt die israelische Regierung systematisch &#8222;Regime&#8220;, er bezeichnet die iranische Staatsform geradezu als musterg\u00fcltige, von der iranischen Mehrheit so gewollte Demokratie, entstanden als Reaktion <em>auf das vom Westen unterst\u00fctzte despotische Regime des Schahs und seiner Armee<\/em>. <\/p>\n<p>Bereits G\u00fcnter Grass hat die versteckte und geheime Atomwaffenpolitik Israels, welche von der IAEA nicht \u00fcberpr\u00fcft wurde, angesprochen. Der iranische Botschafter in der Schweiz interpretiert die dauernd zunehmenden Anforderungen der IAEA als Wirken der westlichen Hegemonialm\u00e4chte. <\/p>\n<p>Der iranische Botschafter Alireza Salari analysiert und argumentiert klug. Doch: es bleibt Propaganda &#8211; Propaganda ist es auch, was wir von Israel h\u00f6ren &#8211; und seit den L\u00fcgen der USA im Zusammenhang mit Irak muss die Welt\u00f6ffentlichkeit davon ausgehen, dass vieles, was von weiteren Staaten gesagt wird, ebenfalls aus den PR-Abteilungen stammt. Fakt ist, dass seit dem Ende des zweiten Weltkrieges auch in den Gebieten des nahen und mittleren Ostens mindestens ein kalter Krieg mit unregelm\u00e4ssigen massiven Gewaltexzessen f\u00fchrt. Die Welt\u00f6ffentlichkeit realisiert, dass die Zukunftsaussichten von Millionen von pal\u00e4stinensischen Fl\u00fcchtlingen seit Generationen ungekl\u00e4rt sind &#8211; trotz v\u00f6lkerrechtlich absurder doppelter Existenzsicherung des Staates Israel gibt es Bev\u00f6lkerungsteile, die die Existenz des Staates Israel nicht akzeptieren. Dramatisch an der Situation ist, dass in der Tendenz eher eine Eskalation der Gewaltt\u00e4tigkeiten wahrzunehmen ist. Oder anders: so kann es eigentlich nicht weiter gehen, derzeit ist die Situation alles andere als l\u00f6sungsorientiert. Festzustellen ist, dass in den Stellvertretungsschaupl\u00e4tzen dieses Konflikts &#8211; z.B. Irak oder Afghanistan &#8211; keine nachhaltigen Ans\u00e4tze von gesellschaftlicher Entwicklung erkennbar sind.<\/p>\n<p>Die Einsch\u00e4tzungen des demokratischen Status von Israel und Irans durch den iranischen Botschafter Alireza Salari sind Propaganda &#8211; der <a href=\"http:\/\/de.wikipedia.org\/wiki\/Demokratieindex\" target=\"_blank\">Demokratieindex von The Economist<\/a> beurteilt die real existierende Staatsform Iraels mit 7.53 (von 10) Punkten als &#8222;unvollst\u00e4ndige Demokratie&#8220;, w\u00e4hrend Iran mit 1,98 (von 10) Punkten als &#8222;autorit\u00e4res Regime&#8220; gilt.<\/p>\n<p>Auch wenn Iran gem\u00e4ss den Worten seines Botschafters in der Schweiz das Recht beansprucht, autonom \u00fcber die Energieversorgung zu bestimmen, gibt es keine zwingende Notwendigkeit f\u00fcr die Erstellung und den Betrieb von iranischen Atomkraftwerken &#8211; dazu mein Blogbeitrag <a href=\"http:\/\/www.umweltnetz.ch\/content\/iran-verzicht-auf-atomenergie-ist-zukunftsgerichtet\" target=\"_blank\">Iran: Verzicht auf Atomenergie ist zukunftsgerichtet!<\/a> aus dem Jahr 2006! Ein <a href=\"http:\/\/www.umweltnetz.ch\/content\/der-atomausstieg-ist-gut-moglich-finanzierbar-vereinbar-mit-dem-klimaschutz-mehrheitsfahig\" target=\"_blank\">echter Ausstieg der Schweiz aus der Atomenergie<\/a> kann durchaus Beispielwirkung haben. <\/p>\n<p>Aber: das iranische Argument, Iran m\u00fcsse die Atomenergie nutzen k\u00f6nnen, wenn dies andere Staaten auch tun k\u00f6nnten, ist v\u00f6lkerrechtlich durchaus beachtenswert, auch wenn \u00fcber die dazugeh\u00f6rigen Bedingungen (z.B. IAEA-\u00dcberwachung) zwischen Iran und den &#8222;Hegemoniem\u00e4chten&#8220; (siehe oben) keine Einigkeit besteht. P.S. Das Thema iranische Atomwaffen ist von aussen extrem schwierig zu beurteilen, einmal mehr mit den US-L\u00fcgen vor dem 2. Irak-Krieg &#8211; aber letztlich braucht es auch hier den Verzicht s\u00e4mtlicher Staaten auf Atomwaffen.<\/p>\n<p>Die internationale Staatengemeinschaft hat wahrzunehmen, dass mit der bisherigen gewaltorientierten Machtpolitik seit dem 2. Weltkrieg bis anhin im nahen und mittleren Osten keine nachhaltigen L\u00f6sungen erreicht wurden. Auch wenn es umst\u00e4ndlich und m\u00fchsam ist &#8211; und es immer wieder zu St\u00f6rungen durch absurde und absolute Forderungen kommt, sind auch f\u00fcr den nahen und mittleren Osten L\u00f6sungen anzustreben, die auf ein Neben- und Miteinander, auf Gleichbehandlung, auf Gewaltverzicht, auf demokratische Verbesserungen und auf Existenzrechte f\u00fcr alle Menschen und Volksgruppen aufbauen. Alle Beteiligten m\u00fcssen endlich wahrnehmen, dass Kritik an ihrem Verhalten nicht als Gegnerschaft zu interpretieren ist, sondern als Denkbeitrag f\u00fcr die Weiterentwicklung der derzeit als ausweglos erscheinenden Situation. Es ist davon auszugehen, dass nur kleine Schritte aller Beteiligten eine Entwicklung in Richtung einer dauerhaften L\u00f6sung erm\u00f6glichen, aber gleichzeitig daf\u00fcr gesorgt werden muss, dass jene, die den ersten Schritt tun, nicht als &#8222;Verlierer&#8220; daherkommen.<\/p>\n<p><strong>Nicht schweigen<\/strong> ist f\u00fcr die Weiterentwicklung der gesellschaftlichen und politischen Formen im nahen und mittleren Osten zwingend &#8211; es gibt sicher auch andere Formen als die <strong>Dichtkunst<\/strong>!<\/p>\n","protected":false},"excerpt":{"rendered":"<p>G\u00fcnter Grass hat sich gegen das Schweigen und f\u00fcr das Dichten entschieden. Er kritisierte das Verhalten des Staates Israel &#8211; und damit auch das der &#8222;Verb\u00fcndeten&#8220; Israels &#8211; gegen\u00fcber dem Staat Iran. Da f\u00fcr viele der Staat Israel synonymisch f\u00fcr die j\u00fcdische Glaubensgemeinschaft steht, wurden die gew\u00e4hlten Worte des deutschen Nobelpreistr\u00e4gers in einem Teil der &hellip; <a href=\"https:\/\/www.umweltnetz.ch\/content\/schweigen-oder-dichten\" class=\"more-link\"><span class=\"screen-reader-text\">\u201eSchweigen oder Dichten?\u201c <\/span>weiterlesen<\/a><\/p>\n","protected":false},"author":2,"featured_media":0,"comment_status":"open","ping_status":"closed","sticky":false,"template":"","format":"standard","meta":{"ngg_post_thumbnail":0,"_jetpack_newsletter_access":"","_jetpack_dont_email_post_to_subs":false,"_jetpack_newsletter_tier_id":0,"_jetpack_memberships_contains_paywalled_content":false,"_jetpack_feature_clip_id":0,"_jetpack_memberships_contains_paid_content":false,"footnotes":"","jetpack_post_was_ever_published":false},"categories":[5],"tags":[40,1077,598,104,341,1075,945,1078,944,1076,1079],"class_list":["post-3660","post","type-post","status-publish","format-standard","hentry","category-politik","tag-atomenergie","tag-dichten","tag-gunter-grass","tag-iran","tag-israel","tag-mittlerer-osten","tag-naher-osten","tag-nicht-schweigen","tag-palastina","tag-schweigen","tag-verzicht-auf-atomenergie"],"aioseo_notices":[],"aioseo_head":"\n\t\t<!-- All in One SEO 5.0.1.1 - aioseo.com -->\n\t<meta name=\"robots\" content=\"max-image-preview:large\" \/>\n\t<meta name=\"author\" content=\"Toni W. P\u00fcntener\"\/>\n\t<link rel=\"canonical\" href=\"https:\/\/www.umweltnetz.ch\/content\/schweigen-oder-dichten\" \/>\n\t<meta name=\"generator\" content=\"All in One SEO (AIOSEO) 5.0.1.1\" \/>\n\t\t<meta property=\"og:locale\" content=\"de_DE\" \/>\n\t\t<meta property=\"og:site_name\" content=\"umweltnetz.ch | Umwelt und Politik - ein Internet-Angebot von Toni W. P\u00fcntener\" \/>\n\t\t<meta property=\"og:type\" content=\"article\" \/>\n\t\t<meta property=\"og:title\" content=\"Schweigen oder Dichten? | umweltnetz.ch\" \/>\n\t\t<meta property=\"og:url\" content=\"https:\/\/www.umweltnetz.ch\/content\/schweigen-oder-dichten\" \/>\n\t\t<meta property=\"article:published_time\" content=\"2012-04-13T19:33:09+00:00\" \/>\n\t\t<meta property=\"article:modified_time\" content=\"2012-04-14T14:23:03+00:00\" \/>\n\t\t<meta name=\"twitter:card\" content=\"summary\" \/>\n\t\t<meta name=\"twitter:title\" content=\"Schweigen oder Dichten? | umweltnetz.ch\" \/>\n\t\t<script type=\"application\/ld+json\" class=\"aioseo-schema\">\n\t\t\t{\"@context\":\"https:\\\/\\\/schema.org\",\"@graph\":[{\"@type\":\"Article\",\"@id\":\"https:\\\/\\\/www.umweltnetz.ch\\\/content\\\/schweigen-oder-dichten#article\",\"name\":\"Schweigen oder Dichten? | umweltnetz.ch\",\"headline\":\"Schweigen oder Dichten?\",\"author\":{\"@id\":\"https:\\\/\\\/www.umweltnetz.ch\\\/content\\\/author\\\/twp#author\"},\"publisher\":{\"@id\":\"https:\\\/\\\/www.umweltnetz.ch\\\/content\\\/#organization\"},\"datePublished\":\"2012-04-13T21:33:09+02:00\",\"dateModified\":\"2012-04-14T16:23:03+02:00\",\"inLanguage\":\"de-DE\",\"mainEntityOfPage\":{\"@id\":\"https:\\\/\\\/www.umweltnetz.ch\\\/content\\\/schweigen-oder-dichten#webpage\"},\"isPartOf\":{\"@id\":\"https:\\\/\\\/www.umweltnetz.ch\\\/content\\\/schweigen-oder-dichten#webpage\"},\"articleSection\":\"Politik, Atomenergie, Dichten, G\\u00fcnter Grass, Iran, israel, Mittlerer Osten, Naher Osten, Nicht schweigen, Pal\\u00e4stina, Schweigen, Verzicht auf Atomenergie\"},{\"@type\":\"BreadcrumbList\",\"@id\":\"https:\\\/\\\/www.umweltnetz.ch\\\/content\\\/schweigen-oder-dichten#breadcrumblist\",\"itemListElement\":[{\"@type\":\"ListItem\",\"@id\":\"https:\\\/\\\/www.umweltnetz.ch\\\/content#listItem\",\"position\":1,\"name\":\"Home\",\"item\":\"https:\\\/\\\/www.umweltnetz.ch\\\/content\",\"nextItem\":{\"@type\":\"ListItem\",\"@id\":\"https:\\\/\\\/www.umweltnetz.ch\\\/content\\\/category\\\/politik#listItem\",\"name\":\"Politik\"}},{\"@type\":\"ListItem\",\"@id\":\"https:\\\/\\\/www.umweltnetz.ch\\\/content\\\/category\\\/politik#listItem\",\"position\":2,\"name\":\"Politik\",\"item\":\"https:\\\/\\\/www.umweltnetz.ch\\\/content\\\/category\\\/politik\",\"nextItem\":{\"@type\":\"ListItem\",\"@id\":\"https:\\\/\\\/www.umweltnetz.ch\\\/content\\\/schweigen-oder-dichten#listItem\",\"name\":\"Schweigen oder Dichten?\"},\"previousItem\":{\"@type\":\"ListItem\",\"@id\":\"https:\\\/\\\/www.umweltnetz.ch\\\/content#listItem\",\"name\":\"Home\"}},{\"@type\":\"ListItem\",\"@id\":\"https:\\\/\\\/www.umweltnetz.ch\\\/content\\\/schweigen-oder-dichten#listItem\",\"position\":3,\"name\":\"Schweigen oder Dichten?\",\"previousItem\":{\"@type\":\"ListItem\",\"@id\":\"https:\\\/\\\/www.umweltnetz.ch\\\/content\\\/category\\\/politik#listItem\",\"name\":\"Politik\"}}]},{\"@type\":\"Organization\",\"@id\":\"https:\\\/\\\/www.umweltnetz.ch\\\/content\\\/#organization\",\"name\":\"umweltnetz.ch\",\"description\":\"Umwelt und Politik - ein Internet-Angebot von Toni W. P\\u00fcntener\",\"url\":\"https:\\\/\\\/www.umweltnetz.ch\\\/content\\\/\"},{\"@type\":\"Person\",\"@id\":\"https:\\\/\\\/www.umweltnetz.ch\\\/content\\\/author\\\/twp#author\",\"url\":\"https:\\\/\\\/www.umweltnetz.ch\\\/content\\\/author\\\/twp\",\"name\":\"Toni W. P\\u00fcntener\",\"image\":{\"@type\":\"ImageObject\",\"@id\":\"https:\\\/\\\/www.umweltnetz.ch\\\/content\\\/schweigen-oder-dichten#authorImage\",\"url\":\"https:\\\/\\\/secure.gravatar.com\\\/avatar\\\/b4b38790bfc673702bc7f3864264936e7baf1594c44260587ec4964490a262b9?s=96&d=mm&r=g\",\"width\":96,\"height\":96,\"caption\":\"Toni W. P\\u00fcntener\"}},{\"@type\":\"WebPage\",\"@id\":\"https:\\\/\\\/www.umweltnetz.ch\\\/content\\\/schweigen-oder-dichten#webpage\",\"url\":\"https:\\\/\\\/www.umweltnetz.ch\\\/content\\\/schweigen-oder-dichten\",\"name\":\"Schweigen oder Dichten? | umweltnetz.ch\",\"inLanguage\":\"de-DE\",\"isPartOf\":{\"@id\":\"https:\\\/\\\/www.umweltnetz.ch\\\/content\\\/#website\"},\"breadcrumb\":{\"@id\":\"https:\\\/\\\/www.umweltnetz.ch\\\/content\\\/schweigen-oder-dichten#breadcrumblist\"},\"author\":{\"@id\":\"https:\\\/\\\/www.umweltnetz.ch\\\/content\\\/author\\\/twp#author\"},\"creator\":{\"@id\":\"https:\\\/\\\/www.umweltnetz.ch\\\/content\\\/author\\\/twp#author\"},\"datePublished\":\"2012-04-13T21:33:09+02:00\",\"dateModified\":\"2012-04-14T16:23:03+02:00\"},{\"@type\":\"WebSite\",\"@id\":\"https:\\\/\\\/www.umweltnetz.ch\\\/content\\\/#website\",\"url\":\"https:\\\/\\\/www.umweltnetz.ch\\\/content\\\/\",\"name\":\"umweltnetz.ch\",\"description\":\"Umwelt und Politik - ein Internet-Angebot von Toni W. P\\u00fcntener\",\"inLanguage\":\"de-DE\",\"publisher\":{\"@id\":\"https:\\\/\\\/www.umweltnetz.ch\\\/content\\\/#organization\"}}]}\n\t\t<\/script>\n\t\t<!-- All in One SEO -->\n\n","aioseo_head_json":{"title":"Schweigen oder Dichten? | umweltnetz.ch","description":"","canonical_url":"https:\/\/www.umweltnetz.ch\/content\/schweigen-oder-dichten","robots":"max-image-preview:large","keywords":"","webmasterTools":{"miscellaneous":""},"schema":{"@context":"https:\/\/schema.org","@graph":[{"@type":"Article","@id":"https:\/\/www.umweltnetz.ch\/content\/schweigen-oder-dichten#article","name":"Schweigen oder Dichten? | umweltnetz.ch","headline":"Schweigen oder Dichten?","author":{"@id":"https:\/\/www.umweltnetz.ch\/content\/author\/twp#author"},"publisher":{"@id":"https:\/\/www.umweltnetz.ch\/content\/#organization"},"datePublished":"2012-04-13T21:33:09+02:00","dateModified":"2012-04-14T16:23:03+02:00","inLanguage":"de-DE","mainEntityOfPage":{"@id":"https:\/\/www.umweltnetz.ch\/content\/schweigen-oder-dichten#webpage"},"isPartOf":{"@id":"https:\/\/www.umweltnetz.ch\/content\/schweigen-oder-dichten#webpage"},"articleSection":"Politik, Atomenergie, Dichten, G\u00fcnter Grass, Iran, israel, Mittlerer Osten, Naher Osten, Nicht schweigen, Pal\u00e4stina, Schweigen, Verzicht auf Atomenergie"},{"@type":"BreadcrumbList","@id":"https:\/\/www.umweltnetz.ch\/content\/schweigen-oder-dichten#breadcrumblist","itemListElement":[{"@type":"ListItem","@id":"https:\/\/www.umweltnetz.ch\/content#listItem","position":1,"name":"Home","item":"https:\/\/www.umweltnetz.ch\/content","nextItem":{"@type":"ListItem","@id":"https:\/\/www.umweltnetz.ch\/content\/category\/politik#listItem","name":"Politik"}},{"@type":"ListItem","@id":"https:\/\/www.umweltnetz.ch\/content\/category\/politik#listItem","position":2,"name":"Politik","item":"https:\/\/www.umweltnetz.ch\/content\/category\/politik","nextItem":{"@type":"ListItem","@id":"https:\/\/www.umweltnetz.ch\/content\/schweigen-oder-dichten#listItem","name":"Schweigen oder Dichten?"},"previousItem":{"@type":"ListItem","@id":"https:\/\/www.umweltnetz.ch\/content#listItem","name":"Home"}},{"@type":"ListItem","@id":"https:\/\/www.umweltnetz.ch\/content\/schweigen-oder-dichten#listItem","position":3,"name":"Schweigen oder Dichten?","previousItem":{"@type":"ListItem","@id":"https:\/\/www.umweltnetz.ch\/content\/category\/politik#listItem","name":"Politik"}}]},{"@type":"Organization","@id":"https:\/\/www.umweltnetz.ch\/content\/#organization","name":"umweltnetz.ch","description":"Umwelt und Politik - ein Internet-Angebot von Toni W. P\u00fcntener","url":"https:\/\/www.umweltnetz.ch\/content\/"},{"@type":"Person","@id":"https:\/\/www.umweltnetz.ch\/content\/author\/twp#author","url":"https:\/\/www.umweltnetz.ch\/content\/author\/twp","name":"Toni W. P\u00fcntener","image":{"@type":"ImageObject","@id":"https:\/\/www.umweltnetz.ch\/content\/schweigen-oder-dichten#authorImage","url":"https:\/\/secure.gravatar.com\/avatar\/b4b38790bfc673702bc7f3864264936e7baf1594c44260587ec4964490a262b9?s=96&d=mm&r=g","width":96,"height":96,"caption":"Toni W. P\u00fcntener"}},{"@type":"WebPage","@id":"https:\/\/www.umweltnetz.ch\/content\/schweigen-oder-dichten#webpage","url":"https:\/\/www.umweltnetz.ch\/content\/schweigen-oder-dichten","name":"Schweigen oder Dichten? | umweltnetz.ch","inLanguage":"de-DE","isPartOf":{"@id":"https:\/\/www.umweltnetz.ch\/content\/#website"},"breadcrumb":{"@id":"https:\/\/www.umweltnetz.ch\/content\/schweigen-oder-dichten#breadcrumblist"},"author":{"@id":"https:\/\/www.umweltnetz.ch\/content\/author\/twp#author"},"creator":{"@id":"https:\/\/www.umweltnetz.ch\/content\/author\/twp#author"},"datePublished":"2012-04-13T21:33:09+02:00","dateModified":"2012-04-14T16:23:03+02:00"},{"@type":"WebSite","@id":"https:\/\/www.umweltnetz.ch\/content\/#website","url":"https:\/\/www.umweltnetz.ch\/content\/","name":"umweltnetz.ch","description":"Umwelt und Politik - ein Internet-Angebot von Toni W. P\u00fcntener","inLanguage":"de-DE","publisher":{"@id":"https:\/\/www.umweltnetz.ch\/content\/#organization"}}]},"og:locale":"de_DE","og:site_name":"umweltnetz.ch | Umwelt und Politik - ein Internet-Angebot von Toni W. P\u00fcntener","og:type":"article","og:title":"Schweigen oder Dichten? | umweltnetz.ch","og:url":"https:\/\/www.umweltnetz.ch\/content\/schweigen-oder-dichten","article:published_time":"2012-04-13T19:33:09+00:00","article:modified_time":"2012-04-14T14:23:03+00:00","twitter:card":"summary","twitter:title":"Schweigen oder Dichten? | umweltnetz.ch"},"aioseo_meta_data":{"post_id":"3660","title":null,"description":null,"keywords":null,"keyphrases":null,"primary_term":null,"canonical_url":null,"og_title":null,"og_description":null,"og_object_type":"default","og_image_type":"default","og_image_url":null,"og_image_width":null,"og_image_height":null,"og_image_custom_url":null,"og_image_custom_fields":null,"og_video":null,"og_custom_url":null,"og_article_section":null,"og_article_tags":null,"twitter_use_og":false,"twitter_card":"default","twitter_image_type":"default","twitter_image_url":null,"twitter_image_custom_url":null,"twitter_image_custom_fields":null,"twitter_title":null,"twitter_description":null,"schema":{"blockGraphs":[],"customGraphs":[],"default":{"data":{"Article":[],"Course":[],"Dataset":[],"FAQPage":[],"Movie":[],"Person":[],"Product":[],"ProductReview":[],"Car":[],"Recipe":[],"Service":[],"SoftwareApplication":[],"WebPage":[]},"graphName":"","isEnabled":true},"graphs":[]},"schema_type":null,"schema_type_options":null,"pillar_content":false,"robots_default":true,"robots_noindex":false,"robots_noarchive":false,"robots_nosnippet":false,"robots_nofollow":false,"robots_noimageindex":false,"robots_noodp":false,"robots_notranslate":false,"robots_max_snippet":null,"robots_max_videopreview":null,"robots_max_imagepreview":"large","priority":null,"frequency":null,"location":null,"local_seo":null,"breadcrumb_settings":null,"limit_modified_date":false,"ai":null,"created":"2020-12-21 15:16:26","updated":"2025-06-03 21:00:42","seo_analyzer_scan_date":null,"focus_keyword":null,"additional_keywords":null,"truseo_locale":null},"aioseo_breadcrumb":"<div class=\"aioseo-breadcrumbs\"><span class=\"aioseo-breadcrumb\">\n\t\t\t<a href=\"https:\/\/www.umweltnetz.ch\/content\" title=\"Home\">Home<\/a>\n\t\t<\/span><span class=\"aioseo-breadcrumb-separator\">&raquo;<\/span><span class=\"aioseo-breadcrumb\">\n\t\t\t<a href=\"https:\/\/www.umweltnetz.ch\/content\/category\/politik\" title=\"Politik\">Politik<\/a>\n\t\t<\/span><span class=\"aioseo-breadcrumb-separator\">&raquo;<\/span><span class=\"aioseo-breadcrumb\">\n\t\t\tSchweigen oder Dichten?\n\t\t<\/span><\/div>","aioseo_breadcrumb_json":[{"label":"Home","link":"https:\/\/www.umweltnetz.ch\/content"},{"label":"Politik","link":"https:\/\/www.umweltnetz.ch\/content\/category\/politik"},{"label":"Schweigen oder Dichten?","link":"https:\/\/www.umweltnetz.ch\/content\/schweigen-oder-dichten"}],"jetpack_sharing_enabled":true,"jetpack_featured_media_url":"","_links":{"self":[{"href":"https:\/\/www.umweltnetz.ch\/content\/wp-json\/wp\/v2\/posts\/3660","targetHints":{"allow":["GET"]}}],"collection":[{"href":"https:\/\/www.umweltnetz.ch\/content\/wp-json\/wp\/v2\/posts"}],"about":[{"href":"https:\/\/www.umweltnetz.ch\/content\/wp-json\/wp\/v2\/types\/post"}],"author":[{"embeddable":true,"href":"https:\/\/www.umweltnetz.ch\/content\/wp-json\/wp\/v2\/users\/2"}],"replies":[{"embeddable":true,"href":"https:\/\/www.umweltnetz.ch\/content\/wp-json\/wp\/v2\/comments?post=3660"}],"version-history":[{"count":2,"href":"https:\/\/www.umweltnetz.ch\/content\/wp-json\/wp\/v2\/posts\/3660\/revisions"}],"predecessor-version":[{"id":3668,"href":"https:\/\/www.umweltnetz.ch\/content\/wp-json\/wp\/v2\/posts\/3660\/revisions\/3668"}],"wp:attachment":[{"href":"https:\/\/www.umweltnetz.ch\/content\/wp-json\/wp\/v2\/media?parent=3660"}],"wp:term":[{"taxonomy":"category","embeddable":true,"href":"https:\/\/www.umweltnetz.ch\/content\/wp-json\/wp\/v2\/categories?post=3660"},{"taxonomy":"post_tag","embeddable":true,"href":"https:\/\/www.umweltnetz.ch\/content\/wp-json\/wp\/v2\/tags?post=3660"}],"curies":[{"name":"wp","href":"https:\/\/api.w.org\/{rel}","templated":true}]}}