{"id":3099,"date":"2011-09-05T21:21:50","date_gmt":"2011-09-05T19:21:50","guid":{"rendered":"http:\/\/www.umweltnetz.ch\/content\/?p=3099"},"modified":"2011-09-05T21:21:50","modified_gmt":"2011-09-05T19:21:50","slug":"orbitaler-mull-vogelzug-und-photosynthese-pladoyer-fur-harte-nachhaltigkeit","status":"publish","type":"post","link":"https:\/\/www.umweltnetz.ch\/content\/orbitaler-mull-vogelzug-und-photosynthese-pladoyer-fur-harte-nachhaltigkeit","title":{"rendered":"Orbitaler M\u00fcll, Vogelzug und Photosynthese: Pl\u00e4doyer f\u00fcr harte Nachhaltigkeit"},"content":{"rendered":"<p>In unregelm\u00e4ssigen Abst\u00e4nden thematisieren Zeitungen das Thema Weltraumm\u00fcl, oder eben &#8222;orbitalen M\u00fcll&#8220;. Anfang September haben <a href=\"http:\/\/derstandard.at\/1314652885162\/Beyond-Space-Balls-Putztruppe-fuer-Weltraumschrott-gesucht\" target=\"_blank\">Der Standard<\/a>, der <a href=\"http:\/\/www.spiegel.de\/wissenschaft\/weltall\/0,1518,783974,00.html\" target=\"_blank\">Spiegel<\/a> und der <a href=\"http:\/\/www.tagesanzeiger.ch\/wissen\/technik\/Weltraumschrott-bedroht-westliche-Zivilisation\/story\/22858985\" target=\"_blank\">Tages-Anzeiger<\/a> in \u00e4hnlichen Artikeln auf die Thematik hingewiesen &#8211; mit dem Blick auf die langfristige Gef\u00e4hrdung der gesellschaftlichen Entwicklungen. In ebenfalls unregelm\u00e4ssigen Abst\u00e4nden berichten Zeitungen \u00fcber <a href=\"http:\/\/www.tagesanzeiger.ch\/wissen\/natur\/Finden-Rotkehlchen-den-Weg-in-den-Sueden-dank-Quanteneffekten\/story\/12268044\" target=\"_blank\">\u00fcberraschende Forschungsergebnisse<\/a>: geisterhafte Quanteneffekte k\u00f6nnten m\u00f6glicherweise den Zugv\u00f6geln das Navigieren erlauben oder die hohe Effizienz der Photosynthese erm\u00f6glichen &#8211; genau so kann es aber sein, dass diese Ph\u00e4nomene ohne Quantentheorien erkl\u00e4rbar sind.<!--more--><\/p>\n<p>&nbsp;<br \/>Studien zum <a href=\"http:\/\/www.nasa.gov\/mission_pages\/station\/news\/orbital_debris.html\" target=\"_blank\">Weltraumschrott<\/a> halten fest, dass die <em>Herausforderungen verglichen werden k\u00f6nnen mit anderen \u00f6kologischen Fragestellungen wie Mensch gemachter Klimawandel, Atomm\u00fcll-Lagerung oder die Bewahrung der Qualit\u00e4t des Lebensmittels Wasser: kurzfristig stellen diese Themen keine existenzielle Bedrohung dar. Wird allerdings nicht gehandelt, drohen in n\u00e4herer oder weiterer Zukunft schlimmere Folgen<\/em> (zusammengefasst nach dem oben erw\u00e4hnten Spiegel-Artikel).<\/p>\n<p>Es ist durchaus bemerkenswert, dass auch eine aufgekl\u00e4rte und sich allwissend gebende Gesellschaft nicht abschliessend versteht, wie V\u00f6gel &#8211; selbst kleine Arten wie etwa Rotkehlchen &#8211; ihren Zugvogelweg finden. Dies heisst aber auch, dass die Menschheit nicht weiss, ob es Einflussfaktoren gibt, die den Vogelzug &#8211; f\u00f6rdernd oder hindernd &#8211; beeinflussen.<\/p>\n<p>Welchen Wert hat der Zug eines Rotkehlchens f\u00fcr die Welt? K\u00f6nnten vertiefte Kenntnisse \u00fcber die Photoysynthese zu einer Beschleunigung des Umbaus der Energieversorgung f\u00fchren? Ist es verantwortbar, den erdnahen Weltraum mit z.B. Kommunikationssatelliten zu nutzen, ohne zu wissen, wie die offensichtlich nicht vermeidbaren Schrottteile (im NASA-Jargon &#8222;Space junk&#8220; genannt) wieder aus dem Weltall geholt werden k\u00f6nnen? Es gibt eine Vielzahl weiterer Fragen sowohl aus dem menschlichen Nicht-Wissen als auch aus dem menschlichen Unverm\u00f6gen heraus.<\/p>\n<p>\u00dcber diese Fragen hinaus besteht einzig eine Klarheit: es ist alles daran zu setzen, dass sich die Menschheit nachhaltig verh\u00e4lt, und zwar nicht einfach ein bisschen nachhaltiger (= weiche Nachhaltigkeit), sondern im Sinne einer maximalen Minimierung des menschlichen Einflusses auf das &#8222;Raumschiff Erde&#8220; (= harte Nachhaltigkeit).  <\/p>\n","protected":false},"excerpt":{"rendered":"<p>In unregelm\u00e4ssigen Abst\u00e4nden thematisieren Zeitungen das Thema Weltraumm\u00fcl, oder eben &#8222;orbitalen M\u00fcll&#8220;. Anfang September haben Der Standard, der Spiegel und der Tages-Anzeiger in \u00e4hnlichen Artikeln auf die Thematik hingewiesen &#8211; mit dem Blick auf die langfristige Gef\u00e4hrdung der gesellschaftlichen Entwicklungen. In ebenfalls unregelm\u00e4ssigen Abst\u00e4nden berichten Zeitungen \u00fcber \u00fcberraschende Forschungsergebnisse: geisterhafte Quanteneffekte k\u00f6nnten m\u00f6glicherweise den Zugv\u00f6geln &hellip; <a href=\"https:\/\/www.umweltnetz.ch\/content\/orbitaler-mull-vogelzug-und-photosynthese-pladoyer-fur-harte-nachhaltigkeit\" class=\"more-link\"><span class=\"screen-reader-text\">\u201eOrbitaler M\u00fcll, Vogelzug und Photosynthese: Pl\u00e4doyer f\u00fcr harte Nachhaltigkeit\u201c <\/span>weiterlesen<\/a><\/p>\n","protected":false},"author":2,"featured_media":0,"comment_status":"open","ping_status":"open","sticky":false,"template":"","format":"standard","meta":{"ngg_post_thumbnail":0,"_jetpack_newsletter_access":"","_jetpack_dont_email_post_to_subs":false,"_jetpack_newsletter_tier_id":0,"_jetpack_memberships_contains_paywalled_content":false,"_jetpack_feature_clip_id":0,"_jetpack_memberships_contains_paid_content":false,"footnotes":"","jetpack_post_was_ever_published":false},"categories":[1,5],"tags":[903,137,900,902,898,899,901],"class_list":["post-3099","post","type-post","status-publish","format-standard","hentry","category-allgemein","category-politik","tag-geisterhafte-quanteneffekte","tag-nachhaltigkeit","tag-space-junk","tag-vogelzug","tag-weltraum","tag-weltraumschrott","tag-wissen"],"aioseo_notices":[],"aioseo_head":"\n\t\t<!-- All in One SEO 5.0.1.1 - aioseo.com -->\n\t<meta name=\"robots\" content=\"max-image-preview:large\" \/>\n\t<meta name=\"author\" content=\"Toni W. P\u00fcntener\"\/>\n\t<link rel=\"canonical\" href=\"https:\/\/www.umweltnetz.ch\/content\/orbitaler-mull-vogelzug-und-photosynthese-pladoyer-fur-harte-nachhaltigkeit\" \/>\n\t<meta name=\"generator\" content=\"All in One SEO (AIOSEO) 5.0.1.1\" \/>\n\t\t<meta property=\"og:locale\" content=\"de_DE\" \/>\n\t\t<meta property=\"og:site_name\" content=\"umweltnetz.ch | Umwelt und Politik - ein Internet-Angebot von Toni W. P\u00fcntener\" \/>\n\t\t<meta property=\"og:type\" content=\"article\" \/>\n\t\t<meta property=\"og:title\" content=\"Orbitaler M\u00fcll, Vogelzug und Photosynthese: Pl\u00e4doyer f\u00fcr harte Nachhaltigkeit | umweltnetz.ch\" \/>\n\t\t<meta property=\"og:url\" content=\"https:\/\/www.umweltnetz.ch\/content\/orbitaler-mull-vogelzug-und-photosynthese-pladoyer-fur-harte-nachhaltigkeit\" \/>\n\t\t<meta property=\"article:published_time\" content=\"2011-09-05T19:21:50+00:00\" \/>\n\t\t<meta property=\"article:modified_time\" content=\"2011-09-05T19:21:50+00:00\" \/>\n\t\t<meta name=\"twitter:card\" content=\"summary\" \/>\n\t\t<meta name=\"twitter:title\" content=\"Orbitaler M\u00fcll, Vogelzug und Photosynthese: Pl\u00e4doyer f\u00fcr harte Nachhaltigkeit | umweltnetz.ch\" \/>\n\t\t<script type=\"application\/ld+json\" class=\"aioseo-schema\">\n\t\t\t{\"@context\":\"https:\\\/\\\/schema.org\",\"@graph\":[{\"@type\":\"Article\",\"@id\":\"https:\\\/\\\/www.umweltnetz.ch\\\/content\\\/orbitaler-mull-vogelzug-und-photosynthese-pladoyer-fur-harte-nachhaltigkeit#article\",\"name\":\"Orbitaler M\\u00fcll, Vogelzug und Photosynthese: Pl\\u00e4doyer f\\u00fcr harte Nachhaltigkeit | umweltnetz.ch\",\"headline\":\"Orbitaler M\\u00fcll, Vogelzug und Photosynthese: Pl\\u00e4doyer f\\u00fcr harte Nachhaltigkeit\",\"author\":{\"@id\":\"https:\\\/\\\/www.umweltnetz.ch\\\/content\\\/author\\\/twp#author\"},\"publisher\":{\"@id\":\"https:\\\/\\\/www.umweltnetz.ch\\\/content\\\/#organization\"},\"datePublished\":\"2011-09-05T21:21:50+02:00\",\"dateModified\":\"2011-09-05T21:21:50+02:00\",\"inLanguage\":\"de-DE\",\"mainEntityOfPage\":{\"@id\":\"https:\\\/\\\/www.umweltnetz.ch\\\/content\\\/orbitaler-mull-vogelzug-und-photosynthese-pladoyer-fur-harte-nachhaltigkeit#webpage\"},\"isPartOf\":{\"@id\":\"https:\\\/\\\/www.umweltnetz.ch\\\/content\\\/orbitaler-mull-vogelzug-und-photosynthese-pladoyer-fur-harte-nachhaltigkeit#webpage\"},\"articleSection\":\"Allgemein, Politik, geisterhafte Quanteneffekte, Nachhaltigkeit, Space Junk, Vogelzug, Weltraum, Weltraumschrott, Wissen\"},{\"@type\":\"BreadcrumbList\",\"@id\":\"https:\\\/\\\/www.umweltnetz.ch\\\/content\\\/orbitaler-mull-vogelzug-und-photosynthese-pladoyer-fur-harte-nachhaltigkeit#breadcrumblist\",\"itemListElement\":[{\"@type\":\"ListItem\",\"@id\":\"https:\\\/\\\/www.umweltnetz.ch\\\/content#listItem\",\"position\":1,\"name\":\"Home\",\"item\":\"https:\\\/\\\/www.umweltnetz.ch\\\/content\",\"nextItem\":{\"@type\":\"ListItem\",\"@id\":\"https:\\\/\\\/www.umweltnetz.ch\\\/content\\\/category\\\/allgemein#listItem\",\"name\":\"Allgemein\"}},{\"@type\":\"ListItem\",\"@id\":\"https:\\\/\\\/www.umweltnetz.ch\\\/content\\\/category\\\/allgemein#listItem\",\"position\":2,\"name\":\"Allgemein\",\"item\":\"https:\\\/\\\/www.umweltnetz.ch\\\/content\\\/category\\\/allgemein\",\"nextItem\":{\"@type\":\"ListItem\",\"@id\":\"https:\\\/\\\/www.umweltnetz.ch\\\/content\\\/orbitaler-mull-vogelzug-und-photosynthese-pladoyer-fur-harte-nachhaltigkeit#listItem\",\"name\":\"Orbitaler M\\u00fcll, Vogelzug und Photosynthese: Pl\\u00e4doyer f\\u00fcr harte Nachhaltigkeit\"},\"previousItem\":{\"@type\":\"ListItem\",\"@id\":\"https:\\\/\\\/www.umweltnetz.ch\\\/content#listItem\",\"name\":\"Home\"}},{\"@type\":\"ListItem\",\"@id\":\"https:\\\/\\\/www.umweltnetz.ch\\\/content\\\/orbitaler-mull-vogelzug-und-photosynthese-pladoyer-fur-harte-nachhaltigkeit#listItem\",\"position\":3,\"name\":\"Orbitaler M\\u00fcll, Vogelzug und Photosynthese: Pl\\u00e4doyer f\\u00fcr harte Nachhaltigkeit\",\"previousItem\":{\"@type\":\"ListItem\",\"@id\":\"https:\\\/\\\/www.umweltnetz.ch\\\/content\\\/category\\\/allgemein#listItem\",\"name\":\"Allgemein\"}}]},{\"@type\":\"Organization\",\"@id\":\"https:\\\/\\\/www.umweltnetz.ch\\\/content\\\/#organization\",\"name\":\"umweltnetz.ch\",\"description\":\"Umwelt und Politik - ein Internet-Angebot von Toni W. P\\u00fcntener\",\"url\":\"https:\\\/\\\/www.umweltnetz.ch\\\/content\\\/\"},{\"@type\":\"Person\",\"@id\":\"https:\\\/\\\/www.umweltnetz.ch\\\/content\\\/author\\\/twp#author\",\"url\":\"https:\\\/\\\/www.umweltnetz.ch\\\/content\\\/author\\\/twp\",\"name\":\"Toni W. P\\u00fcntener\",\"image\":{\"@type\":\"ImageObject\",\"@id\":\"https:\\\/\\\/www.umweltnetz.ch\\\/content\\\/orbitaler-mull-vogelzug-und-photosynthese-pladoyer-fur-harte-nachhaltigkeit#authorImage\",\"url\":\"https:\\\/\\\/secure.gravatar.com\\\/avatar\\\/b4b38790bfc673702bc7f3864264936e7baf1594c44260587ec4964490a262b9?s=96&d=mm&r=g\",\"width\":96,\"height\":96,\"caption\":\"Toni W. P\\u00fcntener\"}},{\"@type\":\"WebPage\",\"@id\":\"https:\\\/\\\/www.umweltnetz.ch\\\/content\\\/orbitaler-mull-vogelzug-und-photosynthese-pladoyer-fur-harte-nachhaltigkeit#webpage\",\"url\":\"https:\\\/\\\/www.umweltnetz.ch\\\/content\\\/orbitaler-mull-vogelzug-und-photosynthese-pladoyer-fur-harte-nachhaltigkeit\",\"name\":\"Orbitaler M\\u00fcll, Vogelzug und Photosynthese: Pl\\u00e4doyer f\\u00fcr harte Nachhaltigkeit | umweltnetz.ch\",\"inLanguage\":\"de-DE\",\"isPartOf\":{\"@id\":\"https:\\\/\\\/www.umweltnetz.ch\\\/content\\\/#website\"},\"breadcrumb\":{\"@id\":\"https:\\\/\\\/www.umweltnetz.ch\\\/content\\\/orbitaler-mull-vogelzug-und-photosynthese-pladoyer-fur-harte-nachhaltigkeit#breadcrumblist\"},\"author\":{\"@id\":\"https:\\\/\\\/www.umweltnetz.ch\\\/content\\\/author\\\/twp#author\"},\"creator\":{\"@id\":\"https:\\\/\\\/www.umweltnetz.ch\\\/content\\\/author\\\/twp#author\"},\"datePublished\":\"2011-09-05T21:21:50+02:00\",\"dateModified\":\"2011-09-05T21:21:50+02:00\"},{\"@type\":\"WebSite\",\"@id\":\"https:\\\/\\\/www.umweltnetz.ch\\\/content\\\/#website\",\"url\":\"https:\\\/\\\/www.umweltnetz.ch\\\/content\\\/\",\"name\":\"umweltnetz.ch\",\"description\":\"Umwelt und Politik - ein Internet-Angebot von Toni W. P\\u00fcntener\",\"inLanguage\":\"de-DE\",\"publisher\":{\"@id\":\"https:\\\/\\\/www.umweltnetz.ch\\\/content\\\/#organization\"}}]}\n\t\t<\/script>\n\t\t<!-- All in One SEO -->\n\n","aioseo_head_json":{"title":"Orbitaler M\u00fcll, Vogelzug und Photosynthese: Pl\u00e4doyer f\u00fcr harte Nachhaltigkeit | umweltnetz.ch","description":"","canonical_url":"https:\/\/www.umweltnetz.ch\/content\/orbitaler-mull-vogelzug-und-photosynthese-pladoyer-fur-harte-nachhaltigkeit","robots":"max-image-preview:large","keywords":"","webmasterTools":{"miscellaneous":""},"schema":{"@context":"https:\/\/schema.org","@graph":[{"@type":"Article","@id":"https:\/\/www.umweltnetz.ch\/content\/orbitaler-mull-vogelzug-und-photosynthese-pladoyer-fur-harte-nachhaltigkeit#article","name":"Orbitaler M\u00fcll, Vogelzug und Photosynthese: Pl\u00e4doyer f\u00fcr harte Nachhaltigkeit | umweltnetz.ch","headline":"Orbitaler M\u00fcll, Vogelzug und Photosynthese: Pl\u00e4doyer f\u00fcr harte Nachhaltigkeit","author":{"@id":"https:\/\/www.umweltnetz.ch\/content\/author\/twp#author"},"publisher":{"@id":"https:\/\/www.umweltnetz.ch\/content\/#organization"},"datePublished":"2011-09-05T21:21:50+02:00","dateModified":"2011-09-05T21:21:50+02:00","inLanguage":"de-DE","mainEntityOfPage":{"@id":"https:\/\/www.umweltnetz.ch\/content\/orbitaler-mull-vogelzug-und-photosynthese-pladoyer-fur-harte-nachhaltigkeit#webpage"},"isPartOf":{"@id":"https:\/\/www.umweltnetz.ch\/content\/orbitaler-mull-vogelzug-und-photosynthese-pladoyer-fur-harte-nachhaltigkeit#webpage"},"articleSection":"Allgemein, Politik, geisterhafte Quanteneffekte, Nachhaltigkeit, Space Junk, Vogelzug, Weltraum, Weltraumschrott, Wissen"},{"@type":"BreadcrumbList","@id":"https:\/\/www.umweltnetz.ch\/content\/orbitaler-mull-vogelzug-und-photosynthese-pladoyer-fur-harte-nachhaltigkeit#breadcrumblist","itemListElement":[{"@type":"ListItem","@id":"https:\/\/www.umweltnetz.ch\/content#listItem","position":1,"name":"Home","item":"https:\/\/www.umweltnetz.ch\/content","nextItem":{"@type":"ListItem","@id":"https:\/\/www.umweltnetz.ch\/content\/category\/allgemein#listItem","name":"Allgemein"}},{"@type":"ListItem","@id":"https:\/\/www.umweltnetz.ch\/content\/category\/allgemein#listItem","position":2,"name":"Allgemein","item":"https:\/\/www.umweltnetz.ch\/content\/category\/allgemein","nextItem":{"@type":"ListItem","@id":"https:\/\/www.umweltnetz.ch\/content\/orbitaler-mull-vogelzug-und-photosynthese-pladoyer-fur-harte-nachhaltigkeit#listItem","name":"Orbitaler M\u00fcll, Vogelzug und Photosynthese: Pl\u00e4doyer f\u00fcr harte Nachhaltigkeit"},"previousItem":{"@type":"ListItem","@id":"https:\/\/www.umweltnetz.ch\/content#listItem","name":"Home"}},{"@type":"ListItem","@id":"https:\/\/www.umweltnetz.ch\/content\/orbitaler-mull-vogelzug-und-photosynthese-pladoyer-fur-harte-nachhaltigkeit#listItem","position":3,"name":"Orbitaler M\u00fcll, Vogelzug und Photosynthese: Pl\u00e4doyer f\u00fcr harte Nachhaltigkeit","previousItem":{"@type":"ListItem","@id":"https:\/\/www.umweltnetz.ch\/content\/category\/allgemein#listItem","name":"Allgemein"}}]},{"@type":"Organization","@id":"https:\/\/www.umweltnetz.ch\/content\/#organization","name":"umweltnetz.ch","description":"Umwelt und Politik - ein Internet-Angebot von Toni W. P\u00fcntener","url":"https:\/\/www.umweltnetz.ch\/content\/"},{"@type":"Person","@id":"https:\/\/www.umweltnetz.ch\/content\/author\/twp#author","url":"https:\/\/www.umweltnetz.ch\/content\/author\/twp","name":"Toni W. P\u00fcntener","image":{"@type":"ImageObject","@id":"https:\/\/www.umweltnetz.ch\/content\/orbitaler-mull-vogelzug-und-photosynthese-pladoyer-fur-harte-nachhaltigkeit#authorImage","url":"https:\/\/secure.gravatar.com\/avatar\/b4b38790bfc673702bc7f3864264936e7baf1594c44260587ec4964490a262b9?s=96&d=mm&r=g","width":96,"height":96,"caption":"Toni W. P\u00fcntener"}},{"@type":"WebPage","@id":"https:\/\/www.umweltnetz.ch\/content\/orbitaler-mull-vogelzug-und-photosynthese-pladoyer-fur-harte-nachhaltigkeit#webpage","url":"https:\/\/www.umweltnetz.ch\/content\/orbitaler-mull-vogelzug-und-photosynthese-pladoyer-fur-harte-nachhaltigkeit","name":"Orbitaler M\u00fcll, Vogelzug und Photosynthese: Pl\u00e4doyer f\u00fcr harte Nachhaltigkeit | umweltnetz.ch","inLanguage":"de-DE","isPartOf":{"@id":"https:\/\/www.umweltnetz.ch\/content\/#website"},"breadcrumb":{"@id":"https:\/\/www.umweltnetz.ch\/content\/orbitaler-mull-vogelzug-und-photosynthese-pladoyer-fur-harte-nachhaltigkeit#breadcrumblist"},"author":{"@id":"https:\/\/www.umweltnetz.ch\/content\/author\/twp#author"},"creator":{"@id":"https:\/\/www.umweltnetz.ch\/content\/author\/twp#author"},"datePublished":"2011-09-05T21:21:50+02:00","dateModified":"2011-09-05T21:21:50+02:00"},{"@type":"WebSite","@id":"https:\/\/www.umweltnetz.ch\/content\/#website","url":"https:\/\/www.umweltnetz.ch\/content\/","name":"umweltnetz.ch","description":"Umwelt und Politik - ein Internet-Angebot von Toni W. P\u00fcntener","inLanguage":"de-DE","publisher":{"@id":"https:\/\/www.umweltnetz.ch\/content\/#organization"}}]},"og:locale":"de_DE","og:site_name":"umweltnetz.ch | Umwelt und Politik - ein Internet-Angebot von Toni W. P\u00fcntener","og:type":"article","og:title":"Orbitaler M\u00fcll, Vogelzug und Photosynthese: Pl\u00e4doyer f\u00fcr harte Nachhaltigkeit | umweltnetz.ch","og:url":"https:\/\/www.umweltnetz.ch\/content\/orbitaler-mull-vogelzug-und-photosynthese-pladoyer-fur-harte-nachhaltigkeit","article:published_time":"2011-09-05T19:21:50+00:00","article:modified_time":"2011-09-05T19:21:50+00:00","twitter:card":"summary","twitter:title":"Orbitaler M\u00fcll, Vogelzug und Photosynthese: Pl\u00e4doyer f\u00fcr harte Nachhaltigkeit | umweltnetz.ch"},"aioseo_meta_data":{"post_id":"3099","title":null,"description":null,"keywords":null,"keyphrases":null,"primary_term":null,"canonical_url":null,"og_title":null,"og_description":null,"og_object_type":"default","og_image_type":"default","og_image_url":null,"og_image_width":null,"og_image_height":null,"og_image_custom_url":null,"og_image_custom_fields":null,"og_video":null,"og_custom_url":null,"og_article_section":null,"og_article_tags":null,"twitter_use_og":false,"twitter_card":"default","twitter_image_type":"default","twitter_image_url":null,"twitter_image_custom_url":null,"twitter_image_custom_fields":null,"twitter_title":null,"twitter_description":null,"schema":{"blockGraphs":[],"customGraphs":[],"default":{"data":{"Article":[],"Course":[],"Dataset":[],"FAQPage":[],"Movie":[],"Person":[],"Product":[],"ProductReview":[],"Car":[],"Recipe":[],"Service":[],"SoftwareApplication":[],"WebPage":[]},"graphName":"","isEnabled":true},"graphs":[]},"schema_type":null,"schema_type_options":null,"pillar_content":false,"robots_default":true,"robots_noindex":false,"robots_noarchive":false,"robots_nosnippet":false,"robots_nofollow":false,"robots_noimageindex":false,"robots_noodp":false,"robots_notranslate":false,"robots_max_snippet":null,"robots_max_videopreview":null,"robots_max_imagepreview":"large","priority":null,"frequency":null,"location":null,"local_seo":null,"breadcrumb_settings":null,"limit_modified_date":false,"ai":null,"created":"2020-12-21 15:17:25","updated":"2025-06-03 20:48:52","seo_analyzer_scan_date":null,"focus_keyword":null,"additional_keywords":null,"truseo_locale":null},"aioseo_breadcrumb":"<div class=\"aioseo-breadcrumbs\"><span class=\"aioseo-breadcrumb\">\n\t\t\t<a href=\"https:\/\/www.umweltnetz.ch\/content\" title=\"Home\">Home<\/a>\n\t\t<\/span><span class=\"aioseo-breadcrumb-separator\">&raquo;<\/span><span class=\"aioseo-breadcrumb\">\n\t\t\t<a href=\"https:\/\/www.umweltnetz.ch\/content\/category\/allgemein\" title=\"Allgemein\">Allgemein<\/a>\n\t\t<\/span><span class=\"aioseo-breadcrumb-separator\">&raquo;<\/span><span class=\"aioseo-breadcrumb\">\n\t\t\tOrbitaler M\u00fcll, Vogelzug und Photosynthese: Pl\u00e4doyer f\u00fcr harte Nachhaltigkeit\n\t\t<\/span><\/div>","aioseo_breadcrumb_json":[{"label":"Home","link":"https:\/\/www.umweltnetz.ch\/content"},{"label":"Allgemein","link":"https:\/\/www.umweltnetz.ch\/content\/category\/allgemein"},{"label":"Orbitaler M\u00fcll, Vogelzug und Photosynthese: Pl\u00e4doyer f\u00fcr harte Nachhaltigkeit","link":"https:\/\/www.umweltnetz.ch\/content\/orbitaler-mull-vogelzug-und-photosynthese-pladoyer-fur-harte-nachhaltigkeit"}],"jetpack_sharing_enabled":true,"jetpack_featured_media_url":"","_links":{"self":[{"href":"https:\/\/www.umweltnetz.ch\/content\/wp-json\/wp\/v2\/posts\/3099","targetHints":{"allow":["GET"]}}],"collection":[{"href":"https:\/\/www.umweltnetz.ch\/content\/wp-json\/wp\/v2\/posts"}],"about":[{"href":"https:\/\/www.umweltnetz.ch\/content\/wp-json\/wp\/v2\/types\/post"}],"author":[{"embeddable":true,"href":"https:\/\/www.umweltnetz.ch\/content\/wp-json\/wp\/v2\/users\/2"}],"replies":[{"embeddable":true,"href":"https:\/\/www.umweltnetz.ch\/content\/wp-json\/wp\/v2\/comments?post=3099"}],"version-history":[{"count":1,"href":"https:\/\/www.umweltnetz.ch\/content\/wp-json\/wp\/v2\/posts\/3099\/revisions"}],"predecessor-version":[{"id":3100,"href":"https:\/\/www.umweltnetz.ch\/content\/wp-json\/wp\/v2\/posts\/3099\/revisions\/3100"}],"wp:attachment":[{"href":"https:\/\/www.umweltnetz.ch\/content\/wp-json\/wp\/v2\/media?parent=3099"}],"wp:term":[{"taxonomy":"category","embeddable":true,"href":"https:\/\/www.umweltnetz.ch\/content\/wp-json\/wp\/v2\/categories?post=3099"},{"taxonomy":"post_tag","embeddable":true,"href":"https:\/\/www.umweltnetz.ch\/content\/wp-json\/wp\/v2\/tags?post=3099"}],"curies":[{"name":"wp","href":"https:\/\/api.w.org\/{rel}","templated":true}]}}