{"id":3022,"date":"2011-07-07T00:33:33","date_gmt":"2011-07-06T22:33:33","guid":{"rendered":"http:\/\/www.umweltnetz.ch\/content\/?p=3022"},"modified":"2012-05-18T09:59:00","modified_gmt":"2012-05-18T07:59:00","slug":"abschaffung-der-kirchensteuer-fur-firmen-offenbar-gibt-es-auch-bei-den-jungfreisinnigen-keine-argumente","status":"publish","type":"post","link":"https:\/\/www.umweltnetz.ch\/content\/abschaffung-der-kirchensteuer-fur-firmen-offenbar-gibt-es-auch-bei-den-jungfreisinnigen-keine-argumente","title":{"rendered":"Abschaffung der Kirchensteuer f\u00fcr Firmen: offenbar gibt es auch bei den Jungfreisinnigen keine Argumente"},"content":{"rendered":"<p>Ob es staatspolitisch angemessen ist, dass Firmen Kirchensteuern bezahlen, ist sicher eine interessante Fragestellung. Allerdings braucht es dazu gute, sogar sehr gute Argumente, wurden doch derartige Vorst\u00f6sse bereits mehrfach abgelehnt. Was die Jungfreisinnigen derzeit an Argumenten zu bieten haben, geh\u00f6rt bestenfalls in die Rubrik &#8222;Nonsense&#8220;.<\/p>\n<p><!--more--><\/p>\n<p>In der <a href=\"http:\/\/www.jfzh.ch\/de\/aktuell\/medienmitteilungen\/93-jungfreisinnige-lancieren-kantonale-volksinitiative\" target=\"_blank\">Original-Medienmitteilung der Jungfreisinnigen Kanton Z\u00fcrich<\/a> vom 6. Juli 2011 heisst es: <em>Ferner haben die Jungfreisinnigen die Lancierung einer kantonalen Volksinitiative zur Abschaffung der Kirchensteuerpflicht f\u00fcr Firmen (juristische Personen) beschlossen. Diese sachfremde Steuerpflicht ist ein Relikt aus dem Mittelalter. Firmen sind gew\u00f6hnlich religi\u00f6s neutral und k\u00f6nnen weder Kultuszwecken nachgehen, noch ein Stimmrecht innerhalb der Kirchgemeinde aus\u00fcben.<\/em><\/p>\n<p>Diese Argumente sind schlicht unbrauchbar, zudem v\u00f6llig falsch und irref\u00fchrend.<\/p>\n<p>Denn: im Kanton Z\u00fcrich d\u00fcrfen die Kirchen die Steuermittel der juristischen Personen NICHT f\u00fcr kultische Zwecke verwenden! In \u00a725, Absatz 2 des vom Kantonsrat beschlossenen <a href=\"http:\/\/www2.zhlex.zh.ch\/appl\/zhlex_r.nsf\/0\/AD0BF86F5C61FC93C125774C0033AA3C\/$file\/180.1_9.7.07_69.pdf\" target=\"_blank\">kantonalen Kirchengesetzes<\/a> steht n\u00e4mlich: <em>Die Ertr\u00e4ge aus den Kirchensteuern der juristischen Personen d\u00fcrfen nicht f\u00fcr kultische Zwecke verwendet werden. \u00dcber die Verwendung dieser Steuerertr\u00e4ge legen die kantonalen kirchlichen K\u00f6rperschaften gesamthaft Rechenschaft ab.<\/em> Mit anderen Worten: das erste Argument ist schlicht falsch, da bereits heute keine Kirchensteuern juristischer Personen f\u00fcr kultische Zwecke Verwendung finden.<\/p>\n<p>Bekanntlich zahlen Firmen\/juristische Personen auch Staats- und Gemeindesteuern. Auch wenn Firmen immer wieder erhebliche Mittel in Abstimmungsk\u00e4mpfe investieren, haben auch Firmen KEIN Stimmrecht auf der staatlichen Ebene. Die Inhaber und Inhaberinnen der Firma k\u00f6nnen als Stimmberechtigte an den politischen Entscheidungsvorg\u00e4ngen teilnehmen, vielleicht schaffen sie es auch, ihre Mitarbeitenden f\u00fcr ihre Anliegen zu begeistern &#8211; aber ein Firmenstimmrecht gibt es auch auf staatlicher Ebene nicht. Ich habe noch nie geh\u00f6rt, dass jemand mit dieser Begr\u00fcndung die Abschaffung der Steuerpflicht f\u00fcr juristische Zwecke verlangen w\u00fcrde. <\/p>\n<p>Auch das zweite Argument ist also absolut unbrauchbar &#8211; schon steht das Initiativbegehren ohne Argumentation da.       <\/p>\n<p>100 Millionen Franken k\u00f6nnten Unternehmen sparen, behaupten die InitiantInnen. Da ja die Kirchen mit diesen Steuergeldern \u00f6ffentliche Aufgaben erf\u00fcllen, m\u00fcsste stattdessen der Staat einen erheblichen Teil dieser Aufgaben \u00fcbernehmen und damit auch f\u00fcr die Finanzierung sorgen. Da Kirchen bei der Erf\u00fcllung ihrer Aufgaben auf unz\u00e4hlige Freiwillige z\u00e4hlen k\u00f6nnen, w\u00fcrden dadurch die Kosten f\u00fcr den Staat zur Aufgabenerf\u00fcllung deutlich h\u00f6her &#8211; der Staat m\u00fcsste also deutlich mehr als 100 Millionen Franken ausgeben. Im \u00fcbrigen machen diese 100 Millionen Franken nicht einmal zwei Prozent der Gemeindesteuerertr\u00e4ge aus &#8211; das w\u00e4re also das scheinbare Sparpotential dieser Initiative.<\/p>\n<p>Ehrlicherweise stellt eine solche Initiative eine Beleidigung zuerst der zur Unterschrift Aufgeforderten und bei einer allf\u00e4lligen Abstimmung der Stimmberechtigten &#8211; \u00fcber falsche und l\u00e4cherliche Vorhaben sollten Stimmberechtigte sich nicht unterhalten m\u00fcssen. Deshalb ist den Jungfreisinnigen zu empfehlen, dieses unsinnige Initiativbegehren schleunigst abzublasen &#8211; oder endlich glaubw\u00fcrdige Argumente auf den Tisch zu legen.<\/p>\n<p><em>Interessenbindung: Toni W. P\u00fcntener als Autor dieses Blogbeitrages ist Mitglied der Synode der r\u00f6misch-katholischen K\u00f6rperschaft des Kantons Z\u00fcrich.<\/em><\/p>\n","protected":false},"excerpt":{"rendered":"<p>Ob es staatspolitisch angemessen ist, dass Firmen Kirchensteuern bezahlen, ist sicher eine interessante Fragestellung. Allerdings braucht es dazu gute, sogar sehr gute Argumente, wurden doch derartige Vorst\u00f6sse bereits mehrfach abgelehnt. Was die Jungfreisinnigen derzeit an Argumenten zu bieten haben, geh\u00f6rt bestenfalls in die Rubrik &#8222;Nonsense&#8220;.<\/p>\n","protected":false},"author":2,"featured_media":0,"comment_status":"open","ping_status":"open","sticky":false,"template":"","format":"standard","meta":{"ngg_post_thumbnail":0,"_jetpack_newsletter_access":"","_jetpack_dont_email_post_to_subs":false,"_jetpack_newsletter_tier_id":0,"_jetpack_memberships_contains_paywalled_content":false,"_jetpack_feature_clip_id":0,"_jetpack_memberships_contains_paid_content":false,"footnotes":"","jetpack_post_was_ever_published":false},"categories":[5],"tags":[873,8,871,872],"class_list":["post-3022","post","type-post","status-publish","format-standard","hentry","category-politik","tag-jungfreisinnige","tag-kanton-zurich","tag-kirchensteuer","tag-unsinnige-initiativen"],"aioseo_notices":[],"aioseo_head":"\n\t\t<!-- All in One SEO 5.0.1.1 - aioseo.com -->\n\t<meta name=\"robots\" content=\"max-image-preview:large\" \/>\n\t<meta name=\"author\" content=\"Toni W. P\u00fcntener\"\/>\n\t<link rel=\"canonical\" href=\"https:\/\/www.umweltnetz.ch\/content\/abschaffung-der-kirchensteuer-fur-firmen-offenbar-gibt-es-auch-bei-den-jungfreisinnigen-keine-argumente\" \/>\n\t<meta name=\"generator\" content=\"All in One SEO (AIOSEO) 5.0.1.1\" \/>\n\t\t<meta property=\"og:locale\" content=\"de_DE\" \/>\n\t\t<meta property=\"og:site_name\" content=\"umweltnetz.ch | Umwelt und Politik - ein Internet-Angebot von Toni W. P\u00fcntener\" \/>\n\t\t<meta property=\"og:type\" content=\"article\" \/>\n\t\t<meta property=\"og:title\" content=\"Abschaffung der Kirchensteuer f\u00fcr Firmen: offenbar gibt es auch bei den Jungfreisinnigen keine Argumente | umweltnetz.ch\" \/>\n\t\t<meta property=\"og:url\" content=\"https:\/\/www.umweltnetz.ch\/content\/abschaffung-der-kirchensteuer-fur-firmen-offenbar-gibt-es-auch-bei-den-jungfreisinnigen-keine-argumente\" \/>\n\t\t<meta property=\"article:published_time\" content=\"2011-07-06T22:33:33+00:00\" \/>\n\t\t<meta property=\"article:modified_time\" content=\"2012-05-18T07:59:00+00:00\" \/>\n\t\t<meta name=\"twitter:card\" content=\"summary\" \/>\n\t\t<meta name=\"twitter:title\" content=\"Abschaffung der Kirchensteuer f\u00fcr Firmen: offenbar gibt es auch bei den Jungfreisinnigen keine Argumente | umweltnetz.ch\" \/>\n\t\t<script type=\"application\/ld+json\" class=\"aioseo-schema\">\n\t\t\t{\"@context\":\"https:\\\/\\\/schema.org\",\"@graph\":[{\"@type\":\"Article\",\"@id\":\"https:\\\/\\\/www.umweltnetz.ch\\\/content\\\/abschaffung-der-kirchensteuer-fur-firmen-offenbar-gibt-es-auch-bei-den-jungfreisinnigen-keine-argumente#article\",\"name\":\"Abschaffung der Kirchensteuer f\\u00fcr Firmen: offenbar gibt es auch bei den Jungfreisinnigen keine Argumente | umweltnetz.ch\",\"headline\":\"Abschaffung der Kirchensteuer f\\u00fcr Firmen: offenbar gibt es auch bei den Jungfreisinnigen keine Argumente\",\"author\":{\"@id\":\"https:\\\/\\\/www.umweltnetz.ch\\\/content\\\/author\\\/twp#author\"},\"publisher\":{\"@id\":\"https:\\\/\\\/www.umweltnetz.ch\\\/content\\\/#organization\"},\"datePublished\":\"2011-07-07T00:33:33+02:00\",\"dateModified\":\"2012-05-18T09:59:00+02:00\",\"inLanguage\":\"de-DE\",\"commentCount\":17,\"mainEntityOfPage\":{\"@id\":\"https:\\\/\\\/www.umweltnetz.ch\\\/content\\\/abschaffung-der-kirchensteuer-fur-firmen-offenbar-gibt-es-auch-bei-den-jungfreisinnigen-keine-argumente#webpage\"},\"isPartOf\":{\"@id\":\"https:\\\/\\\/www.umweltnetz.ch\\\/content\\\/abschaffung-der-kirchensteuer-fur-firmen-offenbar-gibt-es-auch-bei-den-jungfreisinnigen-keine-argumente#webpage\"},\"articleSection\":\"Politik, Jungfreisinnige, Kanton Z\\u00fcrich, Kirchensteuer, unsinnige Initiativen\"},{\"@type\":\"BreadcrumbList\",\"@id\":\"https:\\\/\\\/www.umweltnetz.ch\\\/content\\\/abschaffung-der-kirchensteuer-fur-firmen-offenbar-gibt-es-auch-bei-den-jungfreisinnigen-keine-argumente#breadcrumblist\",\"itemListElement\":[{\"@type\":\"ListItem\",\"@id\":\"https:\\\/\\\/www.umweltnetz.ch\\\/content#listItem\",\"position\":1,\"name\":\"Home\",\"item\":\"https:\\\/\\\/www.umweltnetz.ch\\\/content\",\"nextItem\":{\"@type\":\"ListItem\",\"@id\":\"https:\\\/\\\/www.umweltnetz.ch\\\/content\\\/category\\\/politik#listItem\",\"name\":\"Politik\"}},{\"@type\":\"ListItem\",\"@id\":\"https:\\\/\\\/www.umweltnetz.ch\\\/content\\\/category\\\/politik#listItem\",\"position\":2,\"name\":\"Politik\",\"item\":\"https:\\\/\\\/www.umweltnetz.ch\\\/content\\\/category\\\/politik\",\"nextItem\":{\"@type\":\"ListItem\",\"@id\":\"https:\\\/\\\/www.umweltnetz.ch\\\/content\\\/abschaffung-der-kirchensteuer-fur-firmen-offenbar-gibt-es-auch-bei-den-jungfreisinnigen-keine-argumente#listItem\",\"name\":\"Abschaffung der Kirchensteuer f\\u00fcr Firmen: offenbar gibt es auch bei den Jungfreisinnigen keine Argumente\"},\"previousItem\":{\"@type\":\"ListItem\",\"@id\":\"https:\\\/\\\/www.umweltnetz.ch\\\/content#listItem\",\"name\":\"Home\"}},{\"@type\":\"ListItem\",\"@id\":\"https:\\\/\\\/www.umweltnetz.ch\\\/content\\\/abschaffung-der-kirchensteuer-fur-firmen-offenbar-gibt-es-auch-bei-den-jungfreisinnigen-keine-argumente#listItem\",\"position\":3,\"name\":\"Abschaffung der Kirchensteuer f\\u00fcr Firmen: offenbar gibt es auch bei den Jungfreisinnigen keine Argumente\",\"previousItem\":{\"@type\":\"ListItem\",\"@id\":\"https:\\\/\\\/www.umweltnetz.ch\\\/content\\\/category\\\/politik#listItem\",\"name\":\"Politik\"}}]},{\"@type\":\"Organization\",\"@id\":\"https:\\\/\\\/www.umweltnetz.ch\\\/content\\\/#organization\",\"name\":\"umweltnetz.ch\",\"description\":\"Umwelt und Politik - ein Internet-Angebot von Toni W. P\\u00fcntener\",\"url\":\"https:\\\/\\\/www.umweltnetz.ch\\\/content\\\/\"},{\"@type\":\"Person\",\"@id\":\"https:\\\/\\\/www.umweltnetz.ch\\\/content\\\/author\\\/twp#author\",\"url\":\"https:\\\/\\\/www.umweltnetz.ch\\\/content\\\/author\\\/twp\",\"name\":\"Toni W. P\\u00fcntener\",\"image\":{\"@type\":\"ImageObject\",\"@id\":\"https:\\\/\\\/www.umweltnetz.ch\\\/content\\\/abschaffung-der-kirchensteuer-fur-firmen-offenbar-gibt-es-auch-bei-den-jungfreisinnigen-keine-argumente#authorImage\",\"url\":\"https:\\\/\\\/secure.gravatar.com\\\/avatar\\\/b4b38790bfc673702bc7f3864264936e7baf1594c44260587ec4964490a262b9?s=96&d=mm&r=g\",\"width\":96,\"height\":96,\"caption\":\"Toni W. P\\u00fcntener\"}},{\"@type\":\"WebPage\",\"@id\":\"https:\\\/\\\/www.umweltnetz.ch\\\/content\\\/abschaffung-der-kirchensteuer-fur-firmen-offenbar-gibt-es-auch-bei-den-jungfreisinnigen-keine-argumente#webpage\",\"url\":\"https:\\\/\\\/www.umweltnetz.ch\\\/content\\\/abschaffung-der-kirchensteuer-fur-firmen-offenbar-gibt-es-auch-bei-den-jungfreisinnigen-keine-argumente\",\"name\":\"Abschaffung der Kirchensteuer f\\u00fcr Firmen: offenbar gibt es auch bei den Jungfreisinnigen keine Argumente | umweltnetz.ch\",\"inLanguage\":\"de-DE\",\"isPartOf\":{\"@id\":\"https:\\\/\\\/www.umweltnetz.ch\\\/content\\\/#website\"},\"breadcrumb\":{\"@id\":\"https:\\\/\\\/www.umweltnetz.ch\\\/content\\\/abschaffung-der-kirchensteuer-fur-firmen-offenbar-gibt-es-auch-bei-den-jungfreisinnigen-keine-argumente#breadcrumblist\"},\"author\":{\"@id\":\"https:\\\/\\\/www.umweltnetz.ch\\\/content\\\/author\\\/twp#author\"},\"creator\":{\"@id\":\"https:\\\/\\\/www.umweltnetz.ch\\\/content\\\/author\\\/twp#author\"},\"datePublished\":\"2011-07-07T00:33:33+02:00\",\"dateModified\":\"2012-05-18T09:59:00+02:00\"},{\"@type\":\"WebSite\",\"@id\":\"https:\\\/\\\/www.umweltnetz.ch\\\/content\\\/#website\",\"url\":\"https:\\\/\\\/www.umweltnetz.ch\\\/content\\\/\",\"name\":\"umweltnetz.ch\",\"description\":\"Umwelt und Politik - ein Internet-Angebot von Toni W. P\\u00fcntener\",\"inLanguage\":\"de-DE\",\"publisher\":{\"@id\":\"https:\\\/\\\/www.umweltnetz.ch\\\/content\\\/#organization\"}}]}\n\t\t<\/script>\n\t\t<!-- All in One SEO -->\n\n","aioseo_head_json":{"title":"Abschaffung der Kirchensteuer f\u00fcr Firmen: offenbar gibt es auch bei den Jungfreisinnigen keine Argumente | umweltnetz.ch","description":"","canonical_url":"https:\/\/www.umweltnetz.ch\/content\/abschaffung-der-kirchensteuer-fur-firmen-offenbar-gibt-es-auch-bei-den-jungfreisinnigen-keine-argumente","robots":"max-image-preview:large","keywords":"","webmasterTools":{"miscellaneous":""},"schema":{"@context":"https:\/\/schema.org","@graph":[{"@type":"Article","@id":"https:\/\/www.umweltnetz.ch\/content\/abschaffung-der-kirchensteuer-fur-firmen-offenbar-gibt-es-auch-bei-den-jungfreisinnigen-keine-argumente#article","name":"Abschaffung der Kirchensteuer f\u00fcr Firmen: offenbar gibt es auch bei den Jungfreisinnigen keine Argumente | umweltnetz.ch","headline":"Abschaffung der Kirchensteuer f\u00fcr Firmen: offenbar gibt es auch bei den Jungfreisinnigen keine Argumente","author":{"@id":"https:\/\/www.umweltnetz.ch\/content\/author\/twp#author"},"publisher":{"@id":"https:\/\/www.umweltnetz.ch\/content\/#organization"},"datePublished":"2011-07-07T00:33:33+02:00","dateModified":"2012-05-18T09:59:00+02:00","inLanguage":"de-DE","commentCount":17,"mainEntityOfPage":{"@id":"https:\/\/www.umweltnetz.ch\/content\/abschaffung-der-kirchensteuer-fur-firmen-offenbar-gibt-es-auch-bei-den-jungfreisinnigen-keine-argumente#webpage"},"isPartOf":{"@id":"https:\/\/www.umweltnetz.ch\/content\/abschaffung-der-kirchensteuer-fur-firmen-offenbar-gibt-es-auch-bei-den-jungfreisinnigen-keine-argumente#webpage"},"articleSection":"Politik, Jungfreisinnige, Kanton Z\u00fcrich, Kirchensteuer, unsinnige Initiativen"},{"@type":"BreadcrumbList","@id":"https:\/\/www.umweltnetz.ch\/content\/abschaffung-der-kirchensteuer-fur-firmen-offenbar-gibt-es-auch-bei-den-jungfreisinnigen-keine-argumente#breadcrumblist","itemListElement":[{"@type":"ListItem","@id":"https:\/\/www.umweltnetz.ch\/content#listItem","position":1,"name":"Home","item":"https:\/\/www.umweltnetz.ch\/content","nextItem":{"@type":"ListItem","@id":"https:\/\/www.umweltnetz.ch\/content\/category\/politik#listItem","name":"Politik"}},{"@type":"ListItem","@id":"https:\/\/www.umweltnetz.ch\/content\/category\/politik#listItem","position":2,"name":"Politik","item":"https:\/\/www.umweltnetz.ch\/content\/category\/politik","nextItem":{"@type":"ListItem","@id":"https:\/\/www.umweltnetz.ch\/content\/abschaffung-der-kirchensteuer-fur-firmen-offenbar-gibt-es-auch-bei-den-jungfreisinnigen-keine-argumente#listItem","name":"Abschaffung der Kirchensteuer f\u00fcr Firmen: offenbar gibt es auch bei den Jungfreisinnigen keine Argumente"},"previousItem":{"@type":"ListItem","@id":"https:\/\/www.umweltnetz.ch\/content#listItem","name":"Home"}},{"@type":"ListItem","@id":"https:\/\/www.umweltnetz.ch\/content\/abschaffung-der-kirchensteuer-fur-firmen-offenbar-gibt-es-auch-bei-den-jungfreisinnigen-keine-argumente#listItem","position":3,"name":"Abschaffung der Kirchensteuer f\u00fcr Firmen: offenbar gibt es auch bei den Jungfreisinnigen keine Argumente","previousItem":{"@type":"ListItem","@id":"https:\/\/www.umweltnetz.ch\/content\/category\/politik#listItem","name":"Politik"}}]},{"@type":"Organization","@id":"https:\/\/www.umweltnetz.ch\/content\/#organization","name":"umweltnetz.ch","description":"Umwelt und Politik - ein Internet-Angebot von Toni W. P\u00fcntener","url":"https:\/\/www.umweltnetz.ch\/content\/"},{"@type":"Person","@id":"https:\/\/www.umweltnetz.ch\/content\/author\/twp#author","url":"https:\/\/www.umweltnetz.ch\/content\/author\/twp","name":"Toni W. P\u00fcntener","image":{"@type":"ImageObject","@id":"https:\/\/www.umweltnetz.ch\/content\/abschaffung-der-kirchensteuer-fur-firmen-offenbar-gibt-es-auch-bei-den-jungfreisinnigen-keine-argumente#authorImage","url":"https:\/\/secure.gravatar.com\/avatar\/b4b38790bfc673702bc7f3864264936e7baf1594c44260587ec4964490a262b9?s=96&d=mm&r=g","width":96,"height":96,"caption":"Toni W. P\u00fcntener"}},{"@type":"WebPage","@id":"https:\/\/www.umweltnetz.ch\/content\/abschaffung-der-kirchensteuer-fur-firmen-offenbar-gibt-es-auch-bei-den-jungfreisinnigen-keine-argumente#webpage","url":"https:\/\/www.umweltnetz.ch\/content\/abschaffung-der-kirchensteuer-fur-firmen-offenbar-gibt-es-auch-bei-den-jungfreisinnigen-keine-argumente","name":"Abschaffung der Kirchensteuer f\u00fcr Firmen: offenbar gibt es auch bei den Jungfreisinnigen keine Argumente | umweltnetz.ch","inLanguage":"de-DE","isPartOf":{"@id":"https:\/\/www.umweltnetz.ch\/content\/#website"},"breadcrumb":{"@id":"https:\/\/www.umweltnetz.ch\/content\/abschaffung-der-kirchensteuer-fur-firmen-offenbar-gibt-es-auch-bei-den-jungfreisinnigen-keine-argumente#breadcrumblist"},"author":{"@id":"https:\/\/www.umweltnetz.ch\/content\/author\/twp#author"},"creator":{"@id":"https:\/\/www.umweltnetz.ch\/content\/author\/twp#author"},"datePublished":"2011-07-07T00:33:33+02:00","dateModified":"2012-05-18T09:59:00+02:00"},{"@type":"WebSite","@id":"https:\/\/www.umweltnetz.ch\/content\/#website","url":"https:\/\/www.umweltnetz.ch\/content\/","name":"umweltnetz.ch","description":"Umwelt und Politik - ein Internet-Angebot von Toni W. P\u00fcntener","inLanguage":"de-DE","publisher":{"@id":"https:\/\/www.umweltnetz.ch\/content\/#organization"}}]},"og:locale":"de_DE","og:site_name":"umweltnetz.ch | Umwelt und Politik - ein Internet-Angebot von Toni W. P\u00fcntener","og:type":"article","og:title":"Abschaffung der Kirchensteuer f\u00fcr Firmen: offenbar gibt es auch bei den Jungfreisinnigen keine Argumente | umweltnetz.ch","og:url":"https:\/\/www.umweltnetz.ch\/content\/abschaffung-der-kirchensteuer-fur-firmen-offenbar-gibt-es-auch-bei-den-jungfreisinnigen-keine-argumente","article:published_time":"2011-07-06T22:33:33+00:00","article:modified_time":"2012-05-18T07:59:00+00:00","twitter:card":"summary","twitter:title":"Abschaffung der Kirchensteuer f\u00fcr Firmen: offenbar gibt es auch bei den Jungfreisinnigen keine Argumente | umweltnetz.ch"},"aioseo_meta_data":{"post_id":"3022","title":null,"description":null,"keywords":null,"keyphrases":null,"primary_term":null,"canonical_url":null,"og_title":null,"og_description":null,"og_object_type":"default","og_image_type":"default","og_image_url":null,"og_image_width":null,"og_image_height":null,"og_image_custom_url":null,"og_image_custom_fields":null,"og_video":null,"og_custom_url":null,"og_article_section":null,"og_article_tags":null,"twitter_use_og":false,"twitter_card":"default","twitter_image_type":"default","twitter_image_url":null,"twitter_image_custom_url":null,"twitter_image_custom_fields":null,"twitter_title":null,"twitter_description":null,"schema":{"blockGraphs":[],"customGraphs":[],"default":{"data":{"Article":[],"Course":[],"Dataset":[],"FAQPage":[],"Movie":[],"Person":[],"Product":[],"ProductReview":[],"Car":[],"Recipe":[],"Service":[],"SoftwareApplication":[],"WebPage":[]},"graphName":"","isEnabled":true},"graphs":[]},"schema_type":null,"schema_type_options":null,"pillar_content":false,"robots_default":true,"robots_noindex":false,"robots_noarchive":false,"robots_nosnippet":false,"robots_nofollow":false,"robots_noimageindex":false,"robots_noodp":false,"robots_notranslate":false,"robots_max_snippet":null,"robots_max_videopreview":null,"robots_max_imagepreview":"large","priority":null,"frequency":null,"location":null,"local_seo":null,"breadcrumb_settings":null,"limit_modified_date":false,"ai":null,"created":"2020-12-21 15:17:25","updated":"2025-06-03 20:45:13","seo_analyzer_scan_date":null,"focus_keyword":null,"additional_keywords":null,"truseo_locale":null},"aioseo_breadcrumb":"<div class=\"aioseo-breadcrumbs\"><span class=\"aioseo-breadcrumb\">\n\t\t\t<a href=\"https:\/\/www.umweltnetz.ch\/content\" title=\"Home\">Home<\/a>\n\t\t<\/span><span class=\"aioseo-breadcrumb-separator\">&raquo;<\/span><span class=\"aioseo-breadcrumb\">\n\t\t\t<a href=\"https:\/\/www.umweltnetz.ch\/content\/category\/politik\" title=\"Politik\">Politik<\/a>\n\t\t<\/span><span class=\"aioseo-breadcrumb-separator\">&raquo;<\/span><span class=\"aioseo-breadcrumb\">\n\t\t\tAbschaffung der Kirchensteuer f\u00fcr Firmen: offenbar gibt es auch bei den Jungfreisinnigen keine Argumente\n\t\t<\/span><\/div>","aioseo_breadcrumb_json":[{"label":"Home","link":"https:\/\/www.umweltnetz.ch\/content"},{"label":"Politik","link":"https:\/\/www.umweltnetz.ch\/content\/category\/politik"},{"label":"Abschaffung der Kirchensteuer f\u00fcr Firmen: offenbar gibt es auch bei den Jungfreisinnigen keine Argumente","link":"https:\/\/www.umweltnetz.ch\/content\/abschaffung-der-kirchensteuer-fur-firmen-offenbar-gibt-es-auch-bei-den-jungfreisinnigen-keine-argumente"}],"jetpack_sharing_enabled":true,"jetpack_featured_media_url":"","_links":{"self":[{"href":"https:\/\/www.umweltnetz.ch\/content\/wp-json\/wp\/v2\/posts\/3022","targetHints":{"allow":["GET"]}}],"collection":[{"href":"https:\/\/www.umweltnetz.ch\/content\/wp-json\/wp\/v2\/posts"}],"about":[{"href":"https:\/\/www.umweltnetz.ch\/content\/wp-json\/wp\/v2\/types\/post"}],"author":[{"embeddable":true,"href":"https:\/\/www.umweltnetz.ch\/content\/wp-json\/wp\/v2\/users\/2"}],"replies":[{"embeddable":true,"href":"https:\/\/www.umweltnetz.ch\/content\/wp-json\/wp\/v2\/comments?post=3022"}],"version-history":[{"count":3,"href":"https:\/\/www.umweltnetz.ch\/content\/wp-json\/wp\/v2\/posts\/3022\/revisions"}],"predecessor-version":[{"id":3760,"href":"https:\/\/www.umweltnetz.ch\/content\/wp-json\/wp\/v2\/posts\/3022\/revisions\/3760"}],"wp:attachment":[{"href":"https:\/\/www.umweltnetz.ch\/content\/wp-json\/wp\/v2\/media?parent=3022"}],"wp:term":[{"taxonomy":"category","embeddable":true,"href":"https:\/\/www.umweltnetz.ch\/content\/wp-json\/wp\/v2\/categories?post=3022"},{"taxonomy":"post_tag","embeddable":true,"href":"https:\/\/www.umweltnetz.ch\/content\/wp-json\/wp\/v2\/tags?post=3022"}],"curies":[{"name":"wp","href":"https:\/\/api.w.org\/{rel}","templated":true}]}}