{"id":2748,"date":"2011-04-02T23:49:25","date_gmt":"2011-04-02T21:49:25","guid":{"rendered":"http:\/\/www.umweltnetz.ch\/content\/?p=2748"},"modified":"2013-01-04T18:57:23","modified_gmt":"2013-01-04T17:57:23","slug":"ist-wohneigentum-ein-erstrebenswertes-ziel","status":"publish","type":"post","link":"https:\/\/www.umweltnetz.ch\/content\/ist-wohneigentum-ein-erstrebenswertes-ziel","title":{"rendered":"Ist Wohneigentum ein erstrebenswertes Ziel?"},"content":{"rendered":"<p>Der Hauseigent\u00fcmerverband Z\u00fcrich empfiehlt bei den Wahlen in den Z\u00fcrcher Regierungs- und Kantonsrat \u00fcberwiegend KandidatInnen von $VP, FDP und CVP zur Wahl respektive Wiederwahl. Ist Wohneigentum ein erstrebenswertes Ziel &#8211; und sind MieterInnen bloss verhinderte Wohneigen\u00fcmerInnen? Dies jedenfalls behauptet der HEV Z\u00fcrich in seiner Festschrift zum hundertf\u00fcnfundzwanzigj\u00e4hrigen Jubil\u00e4um, zitiert in einem getarnten $VP-Internet-Auftritt (Nachtrag 4.1.2013: der hier urspr\u00fcnglich verlinkte Beitrag ist im Internet nicht mehr verf\u00fcgbar). Geradezu drastisch f\u00e4llt die Beurteilung des sehr erfolgreichen gemeinn\u00fctzigen Wohnungsbaus in den St\u00e4dten aus, insbesondere des Instruments des Baurechts. Allerdings zeigt sich, dass dieser mehr als unberechtigte Angriff eine mehr als unbeholfene Brandrede zur Verteidigung einer obsolet gewordenen Eigentumsform darstellt.<\/p>\n<p><!--more--><\/p>\n<p>Ein Dach \u00fcber dem Kopf geh\u00f6rt zu den grundlegenden menschlichen Anspr\u00fcchen &#8211; das Recht auf Eigentum ist eine der grundlegenden Freiheiten. Das Recht auf das Eigentum an der eigenen Wohnung stellt somit eine als logisch erscheinende Kombination dieser Anspr\u00fcche und Rechte dar. Weil Menschen w\u00e4hrend ihrer verschiedenen Lebensabschnitte nicht die gleichen Bed\u00fcrfnisse haben, ist das Eigentumsrecht nicht zwingend an ein bestimmtes Geb\u00e4ude gebunden. Vorteilhafter ist deshalb nicht das unmittelbare Wohneigentum, sondern ein <a href=\"http:\/\/www.umweltnetz.ch\/content\/wohnen-nutzungsrecht-statt-eigentum\" target=\"_blank\">Wohnnutzungsrecht<\/a>.<\/p>\n<p>Darf auch das Land, der Boden, auf dem die Wohnung steht, unter den Eigentumsbegriff fallen? Vorerst ist festzuhalten, dass Boden ein begrenztes Gut ist: die Erde ist nun mal ein ziemlich genau definiertes Geoid mit einer relativ exakt bestimmbaren endlichen Fl\u00e4che. Die Oberfl\u00e4chengestalt der Erde ist dauernden Ver\u00e4nderungen unterworfen. Berge erodieren, Fl\u00fcsse ver\u00e4ndern die Ufer, die Begrenzungen ihres Fliessraumes. Immer sind davon mehr oder weniger grosse Fl\u00e4chen von Boden betroffen. Der Meeresspiegel ist prinzipiell schwankend &#8211; es wird davon ausgegangen, dass der Mensch gemachte Klimawandel den Meeresspiegel deutlich erh\u00f6ht, dass also Boden im Meer verschwinden wird. Ein besonders krasses Beispiel: der Atomunfall in Fukushami wird in Japan riesige Fl\u00e4chen f\u00fcr sehr lange Zeit unbewohnbar machen &#8211; ein unbezahlbarer Preis f\u00fcr die Gier der Menschheit nach billiger Energie! <\/p>\n<p>Die regelm\u00e4ssig zunehmende Bev\u00f6lkerung weist darauf hin, dass in einer endlichen Welt (siehe Geoid) der pro Person verf\u00fcgbare Boden immer weniger wird &#8211; auch wenn <a href=\"http:\/\/www.umweltnetz.ch\/content\/zornigere-grunere\" target=\"_blank\">der \u00f6kologische Fussabdruck<\/a> dauernd gr\u00f6sser wird. Keine Macht auf dieser Erde kann angesichts der dauernden Ver\u00e4nderungen der Oberfl\u00e4chengestalt der Erde das Recht auf Bodeneigentum gew\u00e4hrleisten &#8211; ein solches Eigentumsrecht an Boden ist daher fiktiv. Auch hier wieder: Eigentum an Boden ist gar nicht erstrebenswert, erforderlich ist wenn schon ein Bodennutzungsrecht.<\/p>\n<p>Die Fiktion des Eigentums am gemessen an den Anspr\u00fcchen knapper werdenden Gut Boden f\u00fchrt dazu, dass eine virtuelle Wertsteigerung stattfindet &#8211; die Bodenpreise steigen und steigen &#8211; an vielen Lagen sind die Preise von Boden dermassen hoch, dass eigentlich eine \u00f6konomisch sinnvolle Nutzung dieses Bodens gar nicht mehr m\u00f6glich ist. Oder anders: es spielt gar keine Rolle, was auf einem Grundst\u00fcck bereits vorhanden ist &#8211; der virtuelle Bodenpreis dominiert das Marktgeschehen (Bodenspekulation, und dies mit einem endlichen, also begrenzten Gut: das kann nie und nimmer nachhaltig sein!) Die sogenannte Bodenrente &#8211; beim Verkauf eines Grundst\u00fcckes wegkonsumiert &#8211; f\u00e4llt der alten Eigent\u00fcmerschaft ohne erbrachte (Arbeits-)Leistung zu: hier wird konsumiert, was eigentlich der Allgemeinheit zusteht. Baurechte der \u00f6ffentlichen Hand an gemeinn\u00fctzige Wohnbautr\u00e4ger (Baugenossenschaften) entziehen den Boden dieser Spekulation und verhindern dadurch leistungslose Gewinne, respektive die Amortisation solcher ungerechtfertigten Bereicherungen via Mieten. Wer &#8211; wie offenbar der Hauseigent\u00fcmerverband &#8211; solche Baurechte ablehnt, pl\u00e4diert f\u00fcr die Beibehaltung der Bodenspekulation, und dies ohne R\u00fccksicht auf die Endlichkeit des Bodens dieses Planeten! Wer dies fordert, heisst den \u00fcbersteigerten Gebrauch allgemeiner G\u00fcter (und dies stellt nun mal der endliche Boden dar) gut. Nach den \u00fcblichen Definitionen ist ein solches Verhalten NICHT nachhaltig. $VP, FDP und CVP sind auch in der \u00fcbrigen Politik bekannt daf\u00fcr, die Endlichkeit des Planeten Erde nicht zu respektieren. Die Politik von $VP, FDP und CVP funktioniert nur mit einem \u00fcbergrossen \u00f6kologischen Fussabdruck, ist also Zechprellerei an der Erde: statt von den Zinsen dieses Planeten zu leben, konsumiert die \u00dcberflussgesellschaft das Kapital dieser Erde, also das Verm\u00f6gen zuk\u00fcnftiger Generationen und Menschen in anderen Weltregionen. <\/p>\n<p>P.S. Die <a href=\"http:\/\/www.admin.ch\/ch\/d\/pore\/vi\/vis158t.html\" target=\"_blank\">Stadt-Land-Initiative gegen die Bodenspekulation<\/a> enthielt die richtigen und wichtigen Bausteine f\u00fcr einen nachhaltigen Umgang mit Boden unter Ber\u00fccksichtigung des Rechts auf Eigentum &#8211; leider wurde diese zukunftsgerichtete Initiative am 4. Dezember 1988 mit einem Nein-Stimmenanteil von fast 70 % abgelehnt. Eine unmittelbare Folge dieses Neins: Gr\u00fcndung des Hausvereins, des Hauseigent\u00fcmerverbandes f\u00fcr umweltbewusste und faire Eigent\u00fcmerschaften, das heisst also der HEV der Linken und Gr\u00fcnen. Der HEV der $VP, der FDP und der CVP hat \u00fcber 290&#8217;000 Mitglieder, der Hausverein rund 9&#8217;500 (3.3 % des HEV-Bestandes). Allerdings, wie bei vielen derartigen Verb\u00e4nden (analog also f\u00fcr TCS und ACS) sind die meisten Mitglieder vor allem wegen den Verbandsdienstleistungen dabei. <\/p>\n<p>Eine begrenzte Welt mit tolpatschigen \u00d6kogrossf\u00fcssen (wie der Elefant im Porzellan-Laden) verlangt einen neuen Zugang zu Eigentum, insbesondere auch Boden und Wohnraum. Nicht mehr die dauernde Steigerung der Wohnfl\u00e4che pro Person ist anzustreben, sondern der bewusste Umgang mit dem knappen Raum. Auch wenn Wohnbaugenossenschaften bereits heute deutlich kleinere Wohnfl\u00e4chen pro Person anbieten als der \u00fcbrige Wohnungsmarkt, besteht auch hier Handlungsbedarf: der nachhaltige Umgang mit Raum verlangt eine Verst\u00e4rkung der Suffizienz auch im Wohnbereich. Zudem ist die innere Verdichtung voranzutreiben. Dazu sind die Best\u00e4nde der Genossenschaften nachhaltig zu bewirtschaften- dazu geh\u00f6ren umfassende Erneuerungen und in regelm\u00e4ssigen Abst\u00e4nden Ersatzneubauten.<\/p>\n<hr \/>\n<p>Die Autoren der HEV-Festschrift nennen ihre Motivation f\u00fcr den Kampf gegen die Baurechte respektive den gemeinn\u00fctzigen Wohnungsbau: die $VP-, FDP- und CVPler gehen davon aus, dass in diesen Genossenschaftswohnungen etwa in der Stadt Z\u00fcrich die Linken und Gr\u00fcnen wohnen, die nicht $VP, FDP und CVP w\u00e4hlen. Auch wenn ein Viertel der Wohnungen auf Stadtgebiet dem gemeinn\u00fctzigen Wohnungsbau zugeordnet werden k\u00f6nnen, allein damit kann etwa das schlechte Abscheiden der $VP-Kandidaten und einzelner FDP-Kandidaten bei den Stadtratswahlen nicht erkl\u00e4rt werden! Das muss wohl eher an den Positionen und Aussagen der KandidatInnen festgemacht werden.  <\/p>\n<hr \/>\n<p>Stellungnahme des Schweizerischen Verbandes f\u00fcr Wohnungswesen, Sektion Z\u00fcrich vom 3.4.2011 zu den absurden und falschen Aussagen der HEV-Jubil\u00e4umsschrift (Nachtrag 4.1.2013: der urspr\u00fcnglich verlinkte Beitrag ist im Internet nicht mehr verf\u00fcgbar &#8211; zu finden ist nur noch ein Zitat aus einem SVW-Info-Blatt: <em>Der SVW sowie mehrere Genossenschaften und Genossenschaftsmitglieder haben beim HEV und bei der ZKB deutlich reagiert und verlangten Richtigstellungen. Der Direktor des HEV Schweiz distanzierte sich von seinen Zu\u0308rcher Kollegen. Und die ZKB bedauerte das Vorgehen ihres Mitarbeiters und hat sich beim SVW Zu\u0308rich entschuldigt.<\/em> P.S. Der SVW heisst unterdessen <a href=\"http:\/\/www.wbg-schweiz.ch\/\" target=\"_blank\">Wohnbaugenossenschaften Schweiz<\/a>). <\/p>\n","protected":false},"excerpt":{"rendered":"<p>Der Hauseigent\u00fcmerverband Z\u00fcrich empfiehlt bei den Wahlen in den Z\u00fcrcher Regierungs- und Kantonsrat \u00fcberwiegend KandidatInnen von $VP, FDP und CVP zur Wahl respektive Wiederwahl. Ist Wohneigentum ein erstrebenswertes Ziel &#8211; und sind MieterInnen bloss verhinderte Wohneigen\u00fcmerInnen? Dies jedenfalls behauptet der HEV Z\u00fcrich in seiner Festschrift zum hundertf\u00fcnfundzwanzigj\u00e4hrigen Jubil\u00e4um, zitiert in einem getarnten $VP-Internet-Auftritt (Nachtrag 4.1.2013: &hellip; <a href=\"https:\/\/www.umweltnetz.ch\/content\/ist-wohneigentum-ein-erstrebenswertes-ziel\" class=\"more-link\"><span class=\"screen-reader-text\">\u201eIst Wohneigentum ein erstrebenswertes Ziel?\u201c <\/span>weiterlesen<\/a><\/p>\n","protected":false},"author":2,"featured_media":0,"comment_status":"open","ping_status":"open","sticky":false,"template":"","format":"standard","meta":{"ngg_post_thumbnail":0,"_jetpack_newsletter_access":"","_jetpack_dont_email_post_to_subs":false,"_jetpack_newsletter_tier_id":0,"_jetpack_memberships_contains_paywalled_content":false,"_jetpack_feature_clip_id":0,"_jetpack_memberships_contains_paid_content":false,"footnotes":"","jetpack_post_was_ever_published":false},"categories":[1,5],"tags":[457,478,293,213],"class_list":["post-2748","post","type-post","status-publish","format-standard","hentry","category-allgemein","category-politik","tag-genossenschaft","tag-gunstig-wohnen","tag-wohneigentum","tag-wohnen"],"aioseo_notices":[],"aioseo_head":"\n\t\t<!-- All in One SEO 5.0.1.1 - aioseo.com -->\n\t<meta name=\"robots\" content=\"max-image-preview:large\" \/>\n\t<meta name=\"author\" content=\"Toni W. P\u00fcntener\"\/>\n\t<link rel=\"canonical\" href=\"https:\/\/www.umweltnetz.ch\/content\/ist-wohneigentum-ein-erstrebenswertes-ziel\" \/>\n\t<meta name=\"generator\" content=\"All in One SEO (AIOSEO) 5.0.1.1\" \/>\n\t\t<meta property=\"og:locale\" content=\"de_DE\" \/>\n\t\t<meta property=\"og:site_name\" content=\"umweltnetz.ch | Umwelt und Politik - ein Internet-Angebot von Toni W. P\u00fcntener\" \/>\n\t\t<meta property=\"og:type\" content=\"article\" \/>\n\t\t<meta property=\"og:title\" content=\"Ist Wohneigentum ein erstrebenswertes Ziel? | umweltnetz.ch\" \/>\n\t\t<meta property=\"og:url\" content=\"https:\/\/www.umweltnetz.ch\/content\/ist-wohneigentum-ein-erstrebenswertes-ziel\" \/>\n\t\t<meta property=\"article:published_time\" content=\"2011-04-02T21:49:25+00:00\" \/>\n\t\t<meta property=\"article:modified_time\" content=\"2013-01-04T17:57:23+00:00\" \/>\n\t\t<meta name=\"twitter:card\" content=\"summary\" \/>\n\t\t<meta name=\"twitter:title\" content=\"Ist Wohneigentum ein erstrebenswertes Ziel? | umweltnetz.ch\" \/>\n\t\t<script type=\"application\/ld+json\" class=\"aioseo-schema\">\n\t\t\t{\"@context\":\"https:\\\/\\\/schema.org\",\"@graph\":[{\"@type\":\"Article\",\"@id\":\"https:\\\/\\\/www.umweltnetz.ch\\\/content\\\/ist-wohneigentum-ein-erstrebenswertes-ziel#article\",\"name\":\"Ist Wohneigentum ein erstrebenswertes Ziel? | umweltnetz.ch\",\"headline\":\"Ist Wohneigentum ein erstrebenswertes Ziel?\",\"author\":{\"@id\":\"https:\\\/\\\/www.umweltnetz.ch\\\/content\\\/author\\\/twp#author\"},\"publisher\":{\"@id\":\"https:\\\/\\\/www.umweltnetz.ch\\\/content\\\/#organization\"},\"datePublished\":\"2011-04-02T23:49:25+02:00\",\"dateModified\":\"2013-01-04T18:57:23+01:00\",\"inLanguage\":\"de-DE\",\"mainEntityOfPage\":{\"@id\":\"https:\\\/\\\/www.umweltnetz.ch\\\/content\\\/ist-wohneigentum-ein-erstrebenswertes-ziel#webpage\"},\"isPartOf\":{\"@id\":\"https:\\\/\\\/www.umweltnetz.ch\\\/content\\\/ist-wohneigentum-ein-erstrebenswertes-ziel#webpage\"},\"articleSection\":\"Allgemein, Politik, Genossenschaft, g\\u00fcnstig Wohnen, Wohneigentum, Wohnen\"},{\"@type\":\"BreadcrumbList\",\"@id\":\"https:\\\/\\\/www.umweltnetz.ch\\\/content\\\/ist-wohneigentum-ein-erstrebenswertes-ziel#breadcrumblist\",\"itemListElement\":[{\"@type\":\"ListItem\",\"@id\":\"https:\\\/\\\/www.umweltnetz.ch\\\/content#listItem\",\"position\":1,\"name\":\"Home\",\"item\":\"https:\\\/\\\/www.umweltnetz.ch\\\/content\",\"nextItem\":{\"@type\":\"ListItem\",\"@id\":\"https:\\\/\\\/www.umweltnetz.ch\\\/content\\\/category\\\/allgemein#listItem\",\"name\":\"Allgemein\"}},{\"@type\":\"ListItem\",\"@id\":\"https:\\\/\\\/www.umweltnetz.ch\\\/content\\\/category\\\/allgemein#listItem\",\"position\":2,\"name\":\"Allgemein\",\"item\":\"https:\\\/\\\/www.umweltnetz.ch\\\/content\\\/category\\\/allgemein\",\"nextItem\":{\"@type\":\"ListItem\",\"@id\":\"https:\\\/\\\/www.umweltnetz.ch\\\/content\\\/ist-wohneigentum-ein-erstrebenswertes-ziel#listItem\",\"name\":\"Ist Wohneigentum ein erstrebenswertes Ziel?\"},\"previousItem\":{\"@type\":\"ListItem\",\"@id\":\"https:\\\/\\\/www.umweltnetz.ch\\\/content#listItem\",\"name\":\"Home\"}},{\"@type\":\"ListItem\",\"@id\":\"https:\\\/\\\/www.umweltnetz.ch\\\/content\\\/ist-wohneigentum-ein-erstrebenswertes-ziel#listItem\",\"position\":3,\"name\":\"Ist Wohneigentum ein erstrebenswertes Ziel?\",\"previousItem\":{\"@type\":\"ListItem\",\"@id\":\"https:\\\/\\\/www.umweltnetz.ch\\\/content\\\/category\\\/allgemein#listItem\",\"name\":\"Allgemein\"}}]},{\"@type\":\"Organization\",\"@id\":\"https:\\\/\\\/www.umweltnetz.ch\\\/content\\\/#organization\",\"name\":\"umweltnetz.ch\",\"description\":\"Umwelt und Politik - ein Internet-Angebot von Toni W. P\\u00fcntener\",\"url\":\"https:\\\/\\\/www.umweltnetz.ch\\\/content\\\/\"},{\"@type\":\"Person\",\"@id\":\"https:\\\/\\\/www.umweltnetz.ch\\\/content\\\/author\\\/twp#author\",\"url\":\"https:\\\/\\\/www.umweltnetz.ch\\\/content\\\/author\\\/twp\",\"name\":\"Toni W. P\\u00fcntener\",\"image\":{\"@type\":\"ImageObject\",\"@id\":\"https:\\\/\\\/www.umweltnetz.ch\\\/content\\\/ist-wohneigentum-ein-erstrebenswertes-ziel#authorImage\",\"url\":\"https:\\\/\\\/secure.gravatar.com\\\/avatar\\\/b4b38790bfc673702bc7f3864264936e7baf1594c44260587ec4964490a262b9?s=96&d=mm&r=g\",\"width\":96,\"height\":96,\"caption\":\"Toni W. P\\u00fcntener\"}},{\"@type\":\"WebPage\",\"@id\":\"https:\\\/\\\/www.umweltnetz.ch\\\/content\\\/ist-wohneigentum-ein-erstrebenswertes-ziel#webpage\",\"url\":\"https:\\\/\\\/www.umweltnetz.ch\\\/content\\\/ist-wohneigentum-ein-erstrebenswertes-ziel\",\"name\":\"Ist Wohneigentum ein erstrebenswertes Ziel? | umweltnetz.ch\",\"inLanguage\":\"de-DE\",\"isPartOf\":{\"@id\":\"https:\\\/\\\/www.umweltnetz.ch\\\/content\\\/#website\"},\"breadcrumb\":{\"@id\":\"https:\\\/\\\/www.umweltnetz.ch\\\/content\\\/ist-wohneigentum-ein-erstrebenswertes-ziel#breadcrumblist\"},\"author\":{\"@id\":\"https:\\\/\\\/www.umweltnetz.ch\\\/content\\\/author\\\/twp#author\"},\"creator\":{\"@id\":\"https:\\\/\\\/www.umweltnetz.ch\\\/content\\\/author\\\/twp#author\"},\"datePublished\":\"2011-04-02T23:49:25+02:00\",\"dateModified\":\"2013-01-04T18:57:23+01:00\"},{\"@type\":\"WebSite\",\"@id\":\"https:\\\/\\\/www.umweltnetz.ch\\\/content\\\/#website\",\"url\":\"https:\\\/\\\/www.umweltnetz.ch\\\/content\\\/\",\"name\":\"umweltnetz.ch\",\"description\":\"Umwelt und Politik - ein Internet-Angebot von Toni W. P\\u00fcntener\",\"inLanguage\":\"de-DE\",\"publisher\":{\"@id\":\"https:\\\/\\\/www.umweltnetz.ch\\\/content\\\/#organization\"}}]}\n\t\t<\/script>\n\t\t<!-- All in One SEO -->\n\n","aioseo_head_json":{"title":"Ist Wohneigentum ein erstrebenswertes Ziel? | umweltnetz.ch","description":"","canonical_url":"https:\/\/www.umweltnetz.ch\/content\/ist-wohneigentum-ein-erstrebenswertes-ziel","robots":"max-image-preview:large","keywords":"","webmasterTools":{"miscellaneous":""},"schema":{"@context":"https:\/\/schema.org","@graph":[{"@type":"Article","@id":"https:\/\/www.umweltnetz.ch\/content\/ist-wohneigentum-ein-erstrebenswertes-ziel#article","name":"Ist Wohneigentum ein erstrebenswertes Ziel? | umweltnetz.ch","headline":"Ist Wohneigentum ein erstrebenswertes Ziel?","author":{"@id":"https:\/\/www.umweltnetz.ch\/content\/author\/twp#author"},"publisher":{"@id":"https:\/\/www.umweltnetz.ch\/content\/#organization"},"datePublished":"2011-04-02T23:49:25+02:00","dateModified":"2013-01-04T18:57:23+01:00","inLanguage":"de-DE","mainEntityOfPage":{"@id":"https:\/\/www.umweltnetz.ch\/content\/ist-wohneigentum-ein-erstrebenswertes-ziel#webpage"},"isPartOf":{"@id":"https:\/\/www.umweltnetz.ch\/content\/ist-wohneigentum-ein-erstrebenswertes-ziel#webpage"},"articleSection":"Allgemein, Politik, Genossenschaft, g\u00fcnstig Wohnen, Wohneigentum, Wohnen"},{"@type":"BreadcrumbList","@id":"https:\/\/www.umweltnetz.ch\/content\/ist-wohneigentum-ein-erstrebenswertes-ziel#breadcrumblist","itemListElement":[{"@type":"ListItem","@id":"https:\/\/www.umweltnetz.ch\/content#listItem","position":1,"name":"Home","item":"https:\/\/www.umweltnetz.ch\/content","nextItem":{"@type":"ListItem","@id":"https:\/\/www.umweltnetz.ch\/content\/category\/allgemein#listItem","name":"Allgemein"}},{"@type":"ListItem","@id":"https:\/\/www.umweltnetz.ch\/content\/category\/allgemein#listItem","position":2,"name":"Allgemein","item":"https:\/\/www.umweltnetz.ch\/content\/category\/allgemein","nextItem":{"@type":"ListItem","@id":"https:\/\/www.umweltnetz.ch\/content\/ist-wohneigentum-ein-erstrebenswertes-ziel#listItem","name":"Ist Wohneigentum ein erstrebenswertes Ziel?"},"previousItem":{"@type":"ListItem","@id":"https:\/\/www.umweltnetz.ch\/content#listItem","name":"Home"}},{"@type":"ListItem","@id":"https:\/\/www.umweltnetz.ch\/content\/ist-wohneigentum-ein-erstrebenswertes-ziel#listItem","position":3,"name":"Ist Wohneigentum ein erstrebenswertes Ziel?","previousItem":{"@type":"ListItem","@id":"https:\/\/www.umweltnetz.ch\/content\/category\/allgemein#listItem","name":"Allgemein"}}]},{"@type":"Organization","@id":"https:\/\/www.umweltnetz.ch\/content\/#organization","name":"umweltnetz.ch","description":"Umwelt und Politik - ein Internet-Angebot von Toni W. P\u00fcntener","url":"https:\/\/www.umweltnetz.ch\/content\/"},{"@type":"Person","@id":"https:\/\/www.umweltnetz.ch\/content\/author\/twp#author","url":"https:\/\/www.umweltnetz.ch\/content\/author\/twp","name":"Toni W. P\u00fcntener","image":{"@type":"ImageObject","@id":"https:\/\/www.umweltnetz.ch\/content\/ist-wohneigentum-ein-erstrebenswertes-ziel#authorImage","url":"https:\/\/secure.gravatar.com\/avatar\/b4b38790bfc673702bc7f3864264936e7baf1594c44260587ec4964490a262b9?s=96&d=mm&r=g","width":96,"height":96,"caption":"Toni W. P\u00fcntener"}},{"@type":"WebPage","@id":"https:\/\/www.umweltnetz.ch\/content\/ist-wohneigentum-ein-erstrebenswertes-ziel#webpage","url":"https:\/\/www.umweltnetz.ch\/content\/ist-wohneigentum-ein-erstrebenswertes-ziel","name":"Ist Wohneigentum ein erstrebenswertes Ziel? | umweltnetz.ch","inLanguage":"de-DE","isPartOf":{"@id":"https:\/\/www.umweltnetz.ch\/content\/#website"},"breadcrumb":{"@id":"https:\/\/www.umweltnetz.ch\/content\/ist-wohneigentum-ein-erstrebenswertes-ziel#breadcrumblist"},"author":{"@id":"https:\/\/www.umweltnetz.ch\/content\/author\/twp#author"},"creator":{"@id":"https:\/\/www.umweltnetz.ch\/content\/author\/twp#author"},"datePublished":"2011-04-02T23:49:25+02:00","dateModified":"2013-01-04T18:57:23+01:00"},{"@type":"WebSite","@id":"https:\/\/www.umweltnetz.ch\/content\/#website","url":"https:\/\/www.umweltnetz.ch\/content\/","name":"umweltnetz.ch","description":"Umwelt und Politik - ein Internet-Angebot von Toni W. P\u00fcntener","inLanguage":"de-DE","publisher":{"@id":"https:\/\/www.umweltnetz.ch\/content\/#organization"}}]},"og:locale":"de_DE","og:site_name":"umweltnetz.ch | Umwelt und Politik - ein Internet-Angebot von Toni W. P\u00fcntener","og:type":"article","og:title":"Ist Wohneigentum ein erstrebenswertes Ziel? | umweltnetz.ch","og:url":"https:\/\/www.umweltnetz.ch\/content\/ist-wohneigentum-ein-erstrebenswertes-ziel","article:published_time":"2011-04-02T21:49:25+00:00","article:modified_time":"2013-01-04T17:57:23+00:00","twitter:card":"summary","twitter:title":"Ist Wohneigentum ein erstrebenswertes Ziel? | umweltnetz.ch"},"aioseo_meta_data":{"post_id":"2748","title":null,"description":null,"keywords":null,"keyphrases":null,"primary_term":null,"canonical_url":null,"og_title":null,"og_description":null,"og_object_type":"default","og_image_type":"default","og_image_url":null,"og_image_width":null,"og_image_height":null,"og_image_custom_url":null,"og_image_custom_fields":null,"og_video":null,"og_custom_url":null,"og_article_section":null,"og_article_tags":null,"twitter_use_og":false,"twitter_card":"default","twitter_image_type":"default","twitter_image_url":null,"twitter_image_custom_url":null,"twitter_image_custom_fields":null,"twitter_title":null,"twitter_description":null,"schema":{"blockGraphs":[],"customGraphs":[],"default":{"data":{"Article":[],"Course":[],"Dataset":[],"FAQPage":[],"Movie":[],"Person":[],"Product":[],"ProductReview":[],"Car":[],"Recipe":[],"Service":[],"SoftwareApplication":[],"WebPage":[]},"graphName":"","isEnabled":true},"graphs":[]},"schema_type":null,"schema_type_options":null,"pillar_content":false,"robots_default":true,"robots_noindex":false,"robots_noarchive":false,"robots_nosnippet":false,"robots_nofollow":false,"robots_noimageindex":false,"robots_noodp":false,"robots_notranslate":false,"robots_max_snippet":null,"robots_max_videopreview":null,"robots_max_imagepreview":"large","priority":null,"frequency":null,"location":null,"local_seo":null,"breadcrumb_settings":null,"limit_modified_date":false,"ai":null,"created":"2020-12-21 15:17:26","updated":"2025-06-03 20:38:12","seo_analyzer_scan_date":null,"focus_keyword":null,"additional_keywords":null,"truseo_locale":null},"aioseo_breadcrumb":"<div class=\"aioseo-breadcrumbs\"><span class=\"aioseo-breadcrumb\">\n\t\t\t<a href=\"https:\/\/www.umweltnetz.ch\/content\" title=\"Home\">Home<\/a>\n\t\t<\/span><span class=\"aioseo-breadcrumb-separator\">&raquo;<\/span><span class=\"aioseo-breadcrumb\">\n\t\t\t<a href=\"https:\/\/www.umweltnetz.ch\/content\/category\/allgemein\" title=\"Allgemein\">Allgemein<\/a>\n\t\t<\/span><span class=\"aioseo-breadcrumb-separator\">&raquo;<\/span><span class=\"aioseo-breadcrumb\">\n\t\t\tIst Wohneigentum ein erstrebenswertes Ziel?\n\t\t<\/span><\/div>","aioseo_breadcrumb_json":[{"label":"Home","link":"https:\/\/www.umweltnetz.ch\/content"},{"label":"Allgemein","link":"https:\/\/www.umweltnetz.ch\/content\/category\/allgemein"},{"label":"Ist Wohneigentum ein erstrebenswertes Ziel?","link":"https:\/\/www.umweltnetz.ch\/content\/ist-wohneigentum-ein-erstrebenswertes-ziel"}],"jetpack_sharing_enabled":true,"jetpack_featured_media_url":"","_links":{"self":[{"href":"https:\/\/www.umweltnetz.ch\/content\/wp-json\/wp\/v2\/posts\/2748","targetHints":{"allow":["GET"]}}],"collection":[{"href":"https:\/\/www.umweltnetz.ch\/content\/wp-json\/wp\/v2\/posts"}],"about":[{"href":"https:\/\/www.umweltnetz.ch\/content\/wp-json\/wp\/v2\/types\/post"}],"author":[{"embeddable":true,"href":"https:\/\/www.umweltnetz.ch\/content\/wp-json\/wp\/v2\/users\/2"}],"replies":[{"embeddable":true,"href":"https:\/\/www.umweltnetz.ch\/content\/wp-json\/wp\/v2\/comments?post=2748"}],"version-history":[{"count":5,"href":"https:\/\/www.umweltnetz.ch\/content\/wp-json\/wp\/v2\/posts\/2748\/revisions"}],"predecessor-version":[{"id":2797,"href":"https:\/\/www.umweltnetz.ch\/content\/wp-json\/wp\/v2\/posts\/2748\/revisions\/2797"}],"wp:attachment":[{"href":"https:\/\/www.umweltnetz.ch\/content\/wp-json\/wp\/v2\/media?parent=2748"}],"wp:term":[{"taxonomy":"category","embeddable":true,"href":"https:\/\/www.umweltnetz.ch\/content\/wp-json\/wp\/v2\/categories?post=2748"},{"taxonomy":"post_tag","embeddable":true,"href":"https:\/\/www.umweltnetz.ch\/content\/wp-json\/wp\/v2\/tags?post=2748"}],"curies":[{"name":"wp","href":"https:\/\/api.w.org\/{rel}","templated":true}]}}