{"id":2276,"date":"2010-12-12T11:42:17","date_gmt":"2010-12-12T10:42:17","guid":{"rendered":"http:\/\/www.umweltnetz.ch\/content\/?p=2276"},"modified":"2012-12-27T19:45:59","modified_gmt":"2012-12-27T18:45:59","slug":"von-flopenhagen-zu-cancun-luftballons","status":"publish","type":"post","link":"https:\/\/www.umweltnetz.ch\/content\/von-flopenhagen-zu-cancun-luftballons","title":{"rendered":"Von Flopenhagen zu Canc\u00fan-Luftballons?"},"content":{"rendered":"<p>Vor der Weltklimakonferenz Kopenhagen 2009 waren die <a href=\"http:\/\/www.umweltnetz.ch\/content\/countdown-to-copenhagen\" target=\"_blank\">Erwartungen riesig<\/a> &#8211; die Entt\u00e4uschung nach den sch\u00e4bigen Ergebnissen umso gr\u00f6sser. Vor <a href=\"http:\/\/www.umweltnetz.ch\/content\/copxx-sisyphos-klimaschutzdiplomatie\" target=\"_blank\">Canc\u00fan wurde tiefgestapelt<\/a> &#8211; nach dem Abschluss dieser Klimakonferenz wirken die Reaktionen selbst von WWF und Greenpeace schon fast euphorisch. Nur: wenn man etwa <a href=\"http:\/\/www.taz.de\/1\/zukunft\/umwelt\/artikel\/1\/zwei-grad-und-mehr\/\" target=\"_blank\">in der TAZ die Hauptergebnisse von COP 16<\/a> nachliest: die Klimaschutz-Diplomatie &#8211; welche sich heute offenbar in erster Linie als Klimawandelfolgenanpassungs-Diplomatie versteht &#8211;  hat vor allem warme Luft und einige wenige &#8222;sch\u00f6ne Worte&#8220; produziert. Solange etwa der Z\u00fcrcher Regierungsrat behauptet, die <a href=\"http:\/\/www.umweltnetz.ch\/content\/zurcher-regierungsrat-verstosst-gegen-die-verfassung\" target=\"_blank\">Energieplanung auf Kantonsebene sei auf Kurs<\/a>, und damit die dringend erforderlichen Kurskorrekturen auch in der Schweiz noch nicht einmal in Ans\u00e4tzen erkennbar sind, bleiben die Dokumente aus Canc\u00fan Luftballons. Was bleibt: die Zivilgesellschaft ist gefordert!<\/p>\n<p><!--more-->  <\/p>\n<p>Zwar wurde in Canc\u00fan das Zwei-Grad-Ziel festgehalten &#8211; obwohl klar ist, dass die bis jetzt zugesicherten Massnahmen bei weitem nicht ausreichen, um das Ziel zu erreichen. Ebenso klar ist bereits heute, dass dieses Zwei-Grad-Ziel der Mensch gemachte Einfluss auf den Klimawandel immer noch zu gross ist und eher ein 1.5-Grad-Ziel anzustreben ist. Interessant etwa auch, dass die Aufforderung der Internationalen Energie-Agentur IEA, die Regierungen sollten auf Niedrig-Treibhausgas-Emissions-Szenarien setzen, nicht wirklich geh\u00f6rt wurden &#8211; gerade auch im Hinblick darauf, dass die IEA unterdessen ebenfalls von einem Peak Oil ausgeht, alles andere als ermutigend. Dazu passt auch, dass die Klimawandelfolgenanpasung-Massnahmen in Canc\u00fan wesentlich mehr Gewicht erhielten als der Klimaschutz, also die Begrenzung des Mensch gemachten Einflusses auf das Klima.<\/p>\n<p>Es braucht endlich einen <a href=\"http:\/\/www.umweltnetz.ch\/content\/klimawandel-alarm-fur-die-schweiz\" target=\"_blank\">Klimawandel-Alarm f\u00fcr die Schweiz<\/a> &#8211; es braucht tiefgreifende Massnahmen. Auch wenn ein solches Massnahmenb\u00fcndel auf www.umweltnetz.ch bereits mehrfach dargelegt wurde, hier der Einfachheit gerade nochmals:<\/p>\n<p><em>Jetzt ist die Politik gefordert! Die erforderlichen Massnahmen sind bestens bekannt, sie sind unter anderem in umweltnetz.ch dokumentiert &#8211; <a href=\"http:\/\/www.umweltnetz.ch\/content\/tag\/klimaschutz\" target=\"_blank\">Klimaschutz<\/a> ist einer der h\u00e4ufigstens Tags! <\/p>\n<ul>\n<li>Es braucht endlich eine stark lenkende Energieabgabe auf allen Energietr\u00e4gern mit vollst\u00e4ndiger R\u00fcckerstattung an Haushalte und Wirtschaft &#8211; die derzeit nicht gesetzeskonforme Abgabe auf fossilen Brennstoffen (CO2-Abgabe) mit Teilzweckbindung f\u00fcr <a href=\"http:\/\/www.dasgebaeudeprogramm.ch\" target=\"_blank\">DAS GEB\u00c4UDEPROGRAMM<\/a> ist blitzartig f\u00fcr diesen Zweck umzubauen.<br \/>Da mit diesem Instrument volkswirtschaftlich keine Mehrkosten entstehen (ausser ein bisschen Administrationsaufwand), sondern nur jene belohnt werden, die sich klimabewusst verhalten, daf\u00fcr jene belastet werden, die das Klima deutlich \u00fcberm\u00e4ssig belasten, kann eine schnelle Marktreaktion erwartet werden.<\/li>\n<li>Sowohl angesichts der globalen Situation als auch der verheerenden Klimaschutzrealit\u00e4t in der Schweiz ist von einer eigentlichen Notstandssituation auszugehen, durchaus vergleichbar mit der Situation in einem Krieg. Es braucht somit ein intensives Aktionsprogramm &#8211; vergleichbar mit der &#8222;Anbauschlacht&#8220; respektive dem Plan Wahlen in den Zeiten des zweiten Weltkriegs. M\u00f6gliche Massnahmen in einem solchen Programm:\n<ul>\n<li>Per sofort ist ein Importverbot zu erlassen f\u00fcr Autos, die mehr als 80 Gramm CO2 pro Kilometer Fahrstrecke ausstossen.<\/li>\n<li>Es ist ein Klimaschutz-Sanierungsobligatorium f\u00fcr bestehende Bauten zu erlassen &#8211; m\u00f6glichst viele Bauten m\u00fcssen m\u00f6glichst rasch mindestens Energieklasse B, besser sogar Energieklasse A erreichen (<a href=\"http:\/\/www.umweltnetz.ch\/content\/fdp-von-energiepolitik-schlicht-keine-ahnung\" target=\"_blank\">hier Details dazu<\/a>).<\/li>\n<li><a href=\"http:\/\/www.umweltnetz.ch\/content\/weniger-strassenraum-weniger-strassenverkehr\" target=\"_blank\">Der Strassenraum in der Schweiz ist drastisch zu vermindern<\/a> &#8211; per sofort steht beispielsweise auf allen Autobahnen in jeder Richtung nur noch eine Fahrspur zur Verf\u00fcgung.<\/li>\n<li>Die Schweiz muss endlich loskommen von ihrem massiv \u00fcbergrossen \u00f6kologischen Fussabdruck. Abschied nehmen von der Verschwendung, schl\u00e4gt der <a href=\"http:\/\/www.kath.ch\/skz\/index.php?PHPSESSID=emnbg2cjns96pvdgjfa6ki3ka6&#038;na=0,0,0,0,d,,,,&#038;kz=1734\" target=\"_blank\">(Kirchen-)Ethiker Otto Sch\u00e4fer<\/a> vor. Vom <a href=\"http:\/\/www.umweltnetz.ch\/content\/vom-neid-zum-gluck\" target=\"_blank\">Neid zum Gl\u00fcck<\/a> nach den Ausf\u00fchrungen von Bastien Girod ist angesagt. Dazu braucht es ein <a href=\"http:\/\/www.umweltnetz.ch\/content\/investitions-und-impulsprogramme-fur-den-kopf\" target=\"_blank\">Investitions- und Impulsprogramm f\u00fcr den Kopf<\/a> (und die Seele). Das BIP ist abzul\u00f6sen durch eine Kennzahl, die Aussagen macht zum <a href=\"http:\/\/www.woz.ch\/artikel\/archiv\/20023.html\" target=\"_blank\">durchschnittlichen Wohlbefinden<\/a> und zu den &#8222;Ausreissern&#8220;.<\/li>\n<li>Nach den offensichtlichen Schwierigkeiten mit den Sozialversicherungen von AHV \u00fcber Pensionskassen bis zur IV sind endlich ernsthafte Diskussionen zu einem <a href=\"http:\/\/www.umweltnetz.ch\/content\/tag\/bedingungsloses-grundeinkommen-fur-alle\" target=\"_blank\">bedingungslosen Grundeinkommen f\u00fcr alle<\/a> zu f\u00fchren. <\/li>\n<\/li>\n<\/ul>\n<\/ul>\n<p>Es ist festzuhalten: der Mensch gemachte Klimawandel ist <a href=\"http:\/\/www.umweltnetz.ch\/content\/klimawandel-2-0\" target=\"_blank\">nur ein Teil der Motivation f\u00fcr dringliches Handeln<\/a>. Und die <a href=\"http:\/\/www.umweltnetz.ch\/content\/bedarf-null\" target=\"_blank\">Atomenergie<\/a>, auch als Kernenergie bekannt, ist keine Klimaschutz-Handlungsoption!<\/em><\/p>\n<hr \/>\n<p>Gefordert ist letztlich jede und jeder: <a href=\"http:\/\/www.umweltnetz.ch\/content\/lohas-sind-out-den-lovos-gehoert-die-zukunft\" target=\"_blank\">LOVOS<\/a> (<strong>L<\/strong>ifestyle <strong>o<\/strong>f <strong>vo<\/strong>luntary <strong>s<\/strong>implicity) &#8211; der Wechsel zu einem Lebensstil der freiwilligen Einfachheit ist in L\u00e4ndern wie der Schweiz mit einem <a href=\"http:\/\/www.umweltnetz.ch\/content\/tag\/okologischer-fussabdruck\" target=\"_blank\">\u00fcberm\u00e4ssig grossen \u00f6kologischen Fussabdruck<\/a> zwingend! <\/p>\n<p>Nur so k\u00f6nnen aus den (hoffentlich farbigen) Luftballons von Canc\u00fan, aus den sch\u00f6nen Worten und hehren Absichten, aus den Tr\u00e4umen und Hoffnungen der Menschen an den Verhandlungstischen Wege zu einer zukunftsf\u00e4higen Welt eingeschlagen werden, etwa Richtung <a href=\"http:\/\/www.umweltnetz.ch\/content\/tag\/2000-watt-gesellschaft\" target=\"_blank\">2000-Watt-Gesellschaft<\/a>!  <\/p>\n<p>\n","protected":false},"excerpt":{"rendered":"<p>Vor der Weltklimakonferenz Kopenhagen 2009 waren die Erwartungen riesig &#8211; die Entt\u00e4uschung nach den sch\u00e4bigen Ergebnissen umso gr\u00f6sser. Vor Canc\u00fan wurde tiefgestapelt &#8211; nach dem Abschluss dieser Klimakonferenz wirken die Reaktionen selbst von WWF und Greenpeace schon fast euphorisch. Nur: wenn man etwa in der TAZ die Hauptergebnisse von COP 16 nachliest: die Klimaschutz-Diplomatie &#8211; &hellip; <a href=\"https:\/\/www.umweltnetz.ch\/content\/von-flopenhagen-zu-cancun-luftballons\" class=\"more-link\"><span class=\"screen-reader-text\">\u201eVon Flopenhagen zu Canc\u00fan-Luftballons?\u201c <\/span>weiterlesen<\/a><\/p>\n","protected":false},"author":2,"featured_media":0,"comment_status":"open","ping_status":"open","sticky":false,"template":"","format":"standard","meta":{"ngg_post_thumbnail":0,"_jetpack_memberships_contains_paid_content":false,"footnotes":""},"categories":[4,5,3,757],"tags":[103,31,420,263,1770,684],"class_list":["post-2276","post","type-post","status-publish","format-standard","hentry","category-energie-und-klimaschutz","category-politik","category-politik-kanton-zurich","category-reihe-zweitausendundeinwatt","tag-2000-watt-gesellschaft","tag-klimaschutz","tag-lovos","tag-okologischer-fussabdruck","tag-reihe-zweitausendundeinwatt","tag-weltklimakonferenz"],"aioseo_notices":[],"jetpack_featured_media_url":"","jetpack_sharing_enabled":true,"_links":{"self":[{"href":"https:\/\/www.umweltnetz.ch\/content\/wp-json\/wp\/v2\/posts\/2276","targetHints":{"allow":["GET"]}}],"collection":[{"href":"https:\/\/www.umweltnetz.ch\/content\/wp-json\/wp\/v2\/posts"}],"about":[{"href":"https:\/\/www.umweltnetz.ch\/content\/wp-json\/wp\/v2\/types\/post"}],"author":[{"embeddable":true,"href":"https:\/\/www.umweltnetz.ch\/content\/wp-json\/wp\/v2\/users\/2"}],"replies":[{"embeddable":true,"href":"https:\/\/www.umweltnetz.ch\/content\/wp-json\/wp\/v2\/comments?post=2276"}],"version-history":[{"count":9,"href":"https:\/\/www.umweltnetz.ch\/content\/wp-json\/wp\/v2\/posts\/2276\/revisions"}],"predecessor-version":[{"id":4451,"href":"https:\/\/www.umweltnetz.ch\/content\/wp-json\/wp\/v2\/posts\/2276\/revisions\/4451"}],"wp:attachment":[{"href":"https:\/\/www.umweltnetz.ch\/content\/wp-json\/wp\/v2\/media?parent=2276"}],"wp:term":[{"taxonomy":"category","embeddable":true,"href":"https:\/\/www.umweltnetz.ch\/content\/wp-json\/wp\/v2\/categories?post=2276"},{"taxonomy":"post_tag","embeddable":true,"href":"https:\/\/www.umweltnetz.ch\/content\/wp-json\/wp\/v2\/tags?post=2276"}],"curies":[{"name":"wp","href":"https:\/\/api.w.org\/{rel}","templated":true}]}}