{"id":2090,"date":"2010-10-12T00:30:00","date_gmt":"2010-10-11T22:30:00","guid":{"rendered":"http:\/\/www.umweltnetz.ch\/content\/?p=2090"},"modified":"2012-12-27T20:03:16","modified_gmt":"2012-12-27T19:03:16","slug":"das-vieh-die-computer-die-autos-der-oko-grossfusse-fressen-das-brot-der-armen","status":"publish","type":"post","link":"https:\/\/www.umweltnetz.ch\/content\/das-vieh-die-computer-die-autos-der-oko-grossfusse-fressen-das-brot-der-armen","title":{"rendered":"Das Vieh, die Computer, die Autos, &#8230; der \u00d6ko-Grossf\u00fcsse fressen das Brot der Armen"},"content":{"rendered":"<p>Jeder siebte Mensch auf Erde hungert &#8211; chronischer Hunger wegen Armut &#8211; die Menschen k\u00f6nnen es sich nicht leisten, sich ihre Nahrung zu kaufen &#8211; und dies bei einem globalen Nahrungsangebot, welches \u00fcber dem Bedarf der Menschen auf dieser Erde liegt. Die Bek\u00e4mpfung des Welthungers ist eines der <a href=\"http:\/\/www.unric.org\/html\/german\/mdg\/index.html\" target=\"_blank\">Millenniumsziele<\/a> der UNO &#8211; der Anteil der Hungernden soll in der Zeit von 2000 bis 2015 halbiert werden.<!--more--><\/p>\n<p>Obwohl bereits zwei Drittel der Zielerreichungszeit verflossen ist, h\u00e4lt die <a href=\"http:\/\/www.fao.org\/publications\/sofi\/en\/\" target=\"_blank\">FAO<\/a> fest, dass die Zahl der Hungernden ein historisches Hoch erreicht hat &#8211; es wird also einiges an Anstrengungen brauchen, um dieses Millenniumsziel zu erreichen. P.S. An den Kosten kann es nicht liegen &#8211; diese sind deutlich tiefer als die Verteidigungsausgaben!<\/p>\n<p>Die Ursachen des Hungerns sind zahlreich &#8211; lokale Kriege etwa, aber auch fehlende Erwerbsm\u00f6glichkeiten der \u00e4rmsten Schichten vieler L\u00e4nder. Ein Aspekt ist auch der Druck auf landwirtschaftliche Fl\u00e4chen. Als ein kleines Beispiel: Vattenfall erstellt in Berlin <a href=\"http:\/\/www.wir-klimaretter.de\/nachrichtensep\/protest-nachrichten\/6103-vattenfall-will-liberianische-holzschnitzel-verheizen\" target=\"_blank\">Lichtenfeld<\/a> ein Biomassekraftwerk. Eine Million Tonnen Holz braucht dieses Kraftwerk &#8211; gehandelt als \u00d6kostrom zum Beispiel f\u00fcr den Betrieb von Computern! Das Holz stammt zu einem erheblichen Teil aus Liberia, geh\u00e4ckselte ausgenutzte Gummib\u00e4ume. Gem\u00e4ss <a href=\"http:\/\/www.welthungerhilfe.de\/welthungerindex.html\" target=\"_blank\">Welthungerindex<\/a> ist in Liberia die Ern\u00e4hrungslage sehr kritisch &#8211; Hunger ist ein sehr ernstes Thema in diesem Land (es gibt allerdings noch weit kritischere Situationen)! Es ist problematisch, aus diesem Land Biomasse abzutransportieren, bevor sichergestellt ist, dass die Menschen nicht hungern m\u00fcssen!<\/p>\n<p>Selbstverst\u00e4ndlich sind es nicht die wohlmeinenden Oekostromk\u00e4uferInnen in Europa, die KonsumentInnen von \u00f6kologisch produzierten Futtermitteln f\u00fcr Nutzvieh, die NachfragerInnen nach Bioethanol als Ersatz fossiler Treibstoffe, die den Menschen in den Hungergebieten das Essen &#8222;stehlen&#8220;. Tatsache bleibt aber: unser Konsumverhalten, unser \u00fcbergrosse \u00f6kologische Fussabdruck ist mitverantwortlich daf\u00fcr, dass ein Siebtel der Weltbev\u00f6lkerung hungert.<\/p>\n<p>Dass es beispielsweise in der Stadt Z\u00fcrich FDP-Gemeinder\u00e4te gibt, die ein einziges Klima-Zmittag ohne Fleisch bei der Stadtverwaltung, angeregt durch den WWF, als derart be\u00e4ngstigend einsch\u00e4tzen, dass sie sogar einen <a href=\"http:\/\/www.umweltnetz.ch\/content\/alles-behaupti-cheib-und-nud-bewiisi-siech\" target=\"_blank\">politischen Vorstoss<\/a> machen, weil sie &#8222;<em>Umerziehungsaktionen<\/em>&#8220; dahinter vermuten, ist angesichts des Welthungers geradezu zynisch. Diese Parlamentarier wollen offenbar nicht an ihre Selbstverantwortung erinnert werden. <\/p>\n<p>Was bleibt: der Beitrag der \u00d6ko-Grossf\u00fcsse zur Verminderung ihres \u00f6kologischen Fussabdruckes &#8211; von <a href=\"http:\/\/www.umweltnetz.ch\/content\/gesucht-teilzeit-vegis\" target=\"_blank\">Teilzeit-Vegis<\/a> bis zu <a href=\"http:\/\/www.umweltnetz.ch\/content\/lohas-sind-out-den-lovos-gehoert-die-zukunft\" target=\"_blank\">LOVOS<\/a> &#8211; ist auch ein Beitrag zur Verminderung des Welthungers.          <\/p>\n","protected":false},"excerpt":{"rendered":"<p>Jeder siebte Mensch auf Erde hungert &#8211; chronischer Hunger wegen Armut &#8211; die Menschen k\u00f6nnen es sich nicht leisten, sich ihre Nahrung zu kaufen &#8211; und dies bei einem globalen Nahrungsangebot, welches \u00fcber dem Bedarf der Menschen auf dieser Erde liegt. Die Bek\u00e4mpfung des Welthungers ist eines der Millenniumsziele der UNO &#8211; der Anteil der &hellip; <a href=\"https:\/\/www.umweltnetz.ch\/content\/das-vieh-die-computer-die-autos-der-oko-grossfusse-fressen-das-brot-der-armen\" class=\"more-link\"><span class=\"screen-reader-text\">\u201eDas Vieh, die Computer, die Autos, &#8230; der \u00d6ko-Grossf\u00fcsse fressen das Brot der Armen\u201c <\/span>weiterlesen<\/a><\/p>\n","protected":false},"author":2,"featured_media":0,"comment_status":"open","ping_status":"open","sticky":false,"template":"","format":"standard","meta":{"ngg_post_thumbnail":0,"_jetpack_memberships_contains_paid_content":false,"footnotes":""},"categories":[1,4,5],"tags":[338,340,31,297,263],"class_list":["post-2090","post","type-post","status-publish","format-standard","hentry","category-allgemein","category-energie-und-klimaschutz","category-politik","tag-ernahrung","tag-kampf-gegen-den-hunger","tag-klimaschutz","tag-lebensmittel","tag-okologischer-fussabdruck"],"aioseo_notices":[],"jetpack_featured_media_url":"","jetpack_sharing_enabled":true,"_links":{"self":[{"href":"https:\/\/www.umweltnetz.ch\/content\/wp-json\/wp\/v2\/posts\/2090","targetHints":{"allow":["GET"]}}],"collection":[{"href":"https:\/\/www.umweltnetz.ch\/content\/wp-json\/wp\/v2\/posts"}],"about":[{"href":"https:\/\/www.umweltnetz.ch\/content\/wp-json\/wp\/v2\/types\/post"}],"author":[{"embeddable":true,"href":"https:\/\/www.umweltnetz.ch\/content\/wp-json\/wp\/v2\/users\/2"}],"replies":[{"embeddable":true,"href":"https:\/\/www.umweltnetz.ch\/content\/wp-json\/wp\/v2\/comments?post=2090"}],"version-history":[{"count":6,"href":"https:\/\/www.umweltnetz.ch\/content\/wp-json\/wp\/v2\/posts\/2090\/revisions"}],"predecessor-version":[{"id":4458,"href":"https:\/\/www.umweltnetz.ch\/content\/wp-json\/wp\/v2\/posts\/2090\/revisions\/4458"}],"wp:attachment":[{"href":"https:\/\/www.umweltnetz.ch\/content\/wp-json\/wp\/v2\/media?parent=2090"}],"wp:term":[{"taxonomy":"category","embeddable":true,"href":"https:\/\/www.umweltnetz.ch\/content\/wp-json\/wp\/v2\/categories?post=2090"},{"taxonomy":"post_tag","embeddable":true,"href":"https:\/\/www.umweltnetz.ch\/content\/wp-json\/wp\/v2\/tags?post=2090"}],"curies":[{"name":"wp","href":"https:\/\/api.w.org\/{rel}","templated":true}]}}