{"id":2042,"date":"2010-09-25T16:46:23","date_gmt":"2010-09-25T14:46:23","guid":{"rendered":"http:\/\/www.umweltnetz.ch\/content\/?p=2042"},"modified":"2012-04-01T10:39:59","modified_gmt":"2012-04-01T08:39:59","slug":"viel-geschrei-wenig-ertrag","status":"publish","type":"post","link":"https:\/\/www.umweltnetz.ch\/content\/viel-geschrei-wenig-ertrag","title":{"rendered":"Viel Geschrei &#8211; wenig Ertrag"},"content":{"rendered":"<p>Nach viel Geschrei der Politik im In- und Ausland wird immer klarer: um das Bankgeheimnis und die unversteuerten Verm\u00f6gen in der Schweiz wurde sehr viel mehr L\u00e4rm gemacht, als es dem m\u00f6glichen Ertrag entspricht. Das habe ich schon mehrmals festgehalten auf umweltnetz.ch.<\/p>\n<p><!--more--><\/p>\n<p>Politisch gew\u00e4hrte Freiheiten erfordern, wenn sie gesellschaftlich vertr\u00e4glich sein sollen, eine starke Regulation. Dies ist im Strombereich so, das ist im Strassenverkehr so, das ist auch beim Kapital- und Zahlungsverkehr so! Der Preis f\u00fcr die Freiheiten im Kapital- und Zahlungsverkehr ist das Risiko, dass Einwohnende eines Staates ihre Gelder in einem anderen Land parkieren &#8211; und so die Kapitalertr\u00e4ge dem einheimischen Fiskus vorenthalten. Entsprechende Schutzmechanismen wurden bei der Formulierungen der Freiheiten im Kapital- und Zahlungsverkehr schlicht vergessen. Insbesondere in Zeiten von Finanzmarktkrisen mit wachsenden staatlichen Defiziten wurden pl\u00f6tzlich einige Stimmen sehr laut, die diese &#8222;versteckten&#8220; Gelder als L\u00f6sung aller staatlichen Finanzprobleme erachteten. Letztlich geht es darum, dass einige Staaten nicht mehr in der Lage sind, eine umfassende Sicherstellung der Steuergerechtigkeit &#8211; jede und jeder tr\u00e4gt entsprechend den eigenen wirtschaftlichen M\u00f6glichkeiten mit an den finanziellen Lasten der Allgemeinheit &#8211; zu gew\u00e4hrleisten. Sie sind also darauf angewiesen, dass andere Staaten einen Beitrag leisten an die Steuergerechtigkeit in einem anderen Land!<\/p>\n<p>Es ist l\u00e4ngst bekannt, dass der \u00fcberwiegende Teil der Menschen durchschnittlich korrekt ist und nicht versucht, den Staat respektive die Allgemeinheit zu betr\u00fcgen. Wie in allen Lebensbereiche &#8211; zum Vergleich der \u00d6ffentliche Verkehr mit der sogenannten Schwarzfahrerquote  &#8211; gibt es einen minimalen Anteil von Menschen, die sich Leistungen erschleichen, etwa 2 Prozent betr\u00e4gt eine solche Quote etwa (dieser erstaunlich tiefe Anteil hat neben einem guten Mass an Altruismus mit einer angeborenen Grundtugend zu tun: Menschen sind sich bewusst, dass die Strafen bei erkanntem Fehlverhalten schmerzhaft sind, und das will man lieber vermeiden). Es gibt keinen vern\u00fcnftigen Grund, davon auszugehen, dass diese Quote bei den Steuern deutlich h\u00f6her liegen k\u00f6nnte &#8211; denn Menschen wollen auch mit sich selber anst\u00e4ndig sein und befolgen die goldene Regel der Ethik instinktiv! Selbst dann, wenn Finanzminister sehr laut schreien \u00fcber diese schlimmen SteuerhinterzieherInnen: der m\u00f6gliche Steuermehrertrag wird in der Regel in der Gr\u00f6ssenordnung dieser zwei Prozent liegen!<\/p>\n<p>Im Zusammenhang mit dem auch Tage nach der Ersatzwahl nicht bekannten definitiven R\u00fccktrittsdatum von schon bald Alt-Bundesrat Hans-Rudolf Merz wird davon ausgegangen, dass Herr Merz noch den Abschluss des Doppelbesteuerungsabkommens mit Deutschland im Amt mitgestalten m\u00f6chte. Dabei werden wieder einmal <a href=\"http:\/\/www.tagesanzeiger.ch\/schweiz\/standard\/So-sieht-der-Steuerdeal-mit-Deutschland-aus\/story\/13931568\" target=\"_blank\">Zahlen<\/a> genannt, die aufzeigen, dass schreiende Finanzminister, selbst wenn sie sich als <a href=\"http:\/\/www.amazon.de\/Unterm-Strich-Peer-Steinbr\u00fcck\/dp\/3455501664\/ref=sr_1_1?ie=UTF8&#038;s=books&#038;qid=1284620877&#038;sr=8-1\" target=\"_blank\">Helden<\/a> sehen, schlicht und einfach unf\u00e4hig sind! Neben einer Einmalabgeltung f\u00fcr vergangene Jahre &#8211; es ist im \u00fcbrigen rechtsstaatlich bedenklich, im Nachhinein solche Korrekturen vorzunehmen &#8211; wird davon ausgegangen, dass zuk\u00fcnftig 200 bis 300 Mio Franken (etwa 150 bis 225 Mio Euro) zus\u00e4tzlich an j\u00e4hrlichen Steuereinnahmen in Deutschland wegen der Besteuerung der deutschen Verm\u00f6gensertr\u00e4ge in der Schweiz entstehen. Im Jahre 2009 betrugen die Steuereinnahmen von Bund und L\u00e4ndern 484 880 Mio. Euro; diese zus\u00e4tzlichen Ertr\u00e4ge aufgrund deutscher Verm\u00f6gen in der Schweiz betragen 0.046 Prozent &#8211; damit ergibt sich nicht einmal eine gef\u00fchlte Verminderung der Defizite von Bund und L\u00e4ndern! Es ist davon auszugehen, dass das zunehmende Misstrauen in den Staat etwa wegen des Verhalten des deutschen Staates als Hehler gestohlener Daten diesen Beitrag zur Steuergerechtigkeit \u00fcberkompensieren wird!<\/p>\n<p>Angesichts dieser nicht vorhandenen Relevanz deutscher Verm\u00f6genswerte in der Schweiz f\u00fcr den deutschen Finanzhaushalt ist f\u00fcr mich klar, dass ich gerade im Hinblick auf die Steuergerechtigkeit wegen des kriminellen Verhaltens des deutschen Staates im Umgang mit gestohlenen vertraulichen Unternehmensdaten mit hoher Wahrscheinlichkeit bei der Volksabstimmung zum Doppelbesteuerungsabkommen ein Nein in die Urne legen werde (und da es ja bekanntlich unheilige Allianzen nicht gibt &#8211; es gibt schliesslich auch keine &#8222;heiligen Allianzen&#8220; &#8211; spielt es mir einmal mehr keine Rolle, ob mein Stimmverhalten zur gleichen Parole wie bei der SVP f\u00fchrt)! Aus dieser Sicht hat es \u00fcberhaupt keine Bedeutung, ob dieses Abkommen noch in der Area von Bundesrat Merz oder erst unter Federf\u00fchrung seiner Nachfolgerin\/seines Nachfolgers abgeschlossen wird.<br \/>\n<P>P.S. Mein Nein l\u00e4sst sich selbst dann nicht in ein Ja umwandeln, wenn die gefundene Regelung zwischen Deutschland und der Schweiz sachlich zweckm\u00e4ssig ist.<\/p>\n","protected":false},"excerpt":{"rendered":"<p>Nach viel Geschrei der Politik im In- und Ausland wird immer klarer: um das Bankgeheimnis und die unversteuerten Verm\u00f6gen in der Schweiz wurde sehr viel mehr L\u00e4rm gemacht, als es dem m\u00f6glichen Ertrag entspricht. Das habe ich schon mehrmals festgehalten auf umweltnetz.ch.<\/p>\n","protected":false},"author":2,"featured_media":0,"comment_status":"open","ping_status":"open","sticky":false,"template":"","format":"standard","meta":{"ngg_post_thumbnail":0,"_jetpack_newsletter_access":"","_jetpack_dont_email_post_to_subs":false,"_jetpack_newsletter_tier_id":0,"_jetpack_memberships_contains_paywalled_content":false,"_jetpack_feature_clip_id":0,"_jetpack_memberships_contains_paid_content":false,"footnotes":"","jetpack_post_was_ever_published":false},"categories":[1,5],"tags":[359,424,492],"class_list":["post-2042","post","type-post","status-publish","format-standard","hentry","category-allgemein","category-politik","tag-bankgeheimnis","tag-deutschland","tag-steuergerechtigkeit"],"aioseo_notices":[],"aioseo_head":"\n\t\t<!-- All in One SEO 5.0.1.1 - aioseo.com -->\n\t<meta name=\"robots\" content=\"max-image-preview:large\" \/>\n\t<meta name=\"author\" content=\"Toni W. P\u00fcntener\"\/>\n\t<link rel=\"canonical\" href=\"https:\/\/www.umweltnetz.ch\/content\/viel-geschrei-wenig-ertrag\" \/>\n\t<meta name=\"generator\" content=\"All in One SEO (AIOSEO) 5.0.1.1\" \/>\n\t\t<meta property=\"og:locale\" content=\"de_DE\" \/>\n\t\t<meta property=\"og:site_name\" content=\"umweltnetz.ch | Umwelt und Politik - ein Internet-Angebot von Toni W. P\u00fcntener\" \/>\n\t\t<meta property=\"og:type\" content=\"article\" \/>\n\t\t<meta property=\"og:title\" content=\"Viel Geschrei \u2013 wenig Ertrag | umweltnetz.ch\" \/>\n\t\t<meta property=\"og:url\" content=\"https:\/\/www.umweltnetz.ch\/content\/viel-geschrei-wenig-ertrag\" \/>\n\t\t<meta property=\"article:published_time\" content=\"2010-09-25T14:46:23+00:00\" \/>\n\t\t<meta property=\"article:modified_time\" content=\"2012-04-01T08:39:59+00:00\" \/>\n\t\t<meta name=\"twitter:card\" content=\"summary\" \/>\n\t\t<meta name=\"twitter:title\" content=\"Viel Geschrei \u2013 wenig Ertrag | umweltnetz.ch\" \/>\n\t\t<script type=\"application\/ld+json\" class=\"aioseo-schema\">\n\t\t\t{\"@context\":\"https:\\\/\\\/schema.org\",\"@graph\":[{\"@type\":\"Article\",\"@id\":\"https:\\\/\\\/www.umweltnetz.ch\\\/content\\\/viel-geschrei-wenig-ertrag#article\",\"name\":\"Viel Geschrei \\u2013 wenig Ertrag | umweltnetz.ch\",\"headline\":\"Viel Geschrei &#8211; wenig Ertrag\",\"author\":{\"@id\":\"https:\\\/\\\/www.umweltnetz.ch\\\/content\\\/author\\\/twp#author\"},\"publisher\":{\"@id\":\"https:\\\/\\\/www.umweltnetz.ch\\\/content\\\/#organization\"},\"datePublished\":\"2010-09-25T16:46:23+02:00\",\"dateModified\":\"2012-04-01T10:39:59+02:00\",\"inLanguage\":\"de-DE\",\"mainEntityOfPage\":{\"@id\":\"https:\\\/\\\/www.umweltnetz.ch\\\/content\\\/viel-geschrei-wenig-ertrag#webpage\"},\"isPartOf\":{\"@id\":\"https:\\\/\\\/www.umweltnetz.ch\\\/content\\\/viel-geschrei-wenig-ertrag#webpage\"},\"articleSection\":\"Allgemein, Politik, Bankgeheimnis, Deutschland, Steuergerechtigkeit\"},{\"@type\":\"BreadcrumbList\",\"@id\":\"https:\\\/\\\/www.umweltnetz.ch\\\/content\\\/viel-geschrei-wenig-ertrag#breadcrumblist\",\"itemListElement\":[{\"@type\":\"ListItem\",\"@id\":\"https:\\\/\\\/www.umweltnetz.ch\\\/content#listItem\",\"position\":1,\"name\":\"Home\",\"item\":\"https:\\\/\\\/www.umweltnetz.ch\\\/content\",\"nextItem\":{\"@type\":\"ListItem\",\"@id\":\"https:\\\/\\\/www.umweltnetz.ch\\\/content\\\/category\\\/allgemein#listItem\",\"name\":\"Allgemein\"}},{\"@type\":\"ListItem\",\"@id\":\"https:\\\/\\\/www.umweltnetz.ch\\\/content\\\/category\\\/allgemein#listItem\",\"position\":2,\"name\":\"Allgemein\",\"item\":\"https:\\\/\\\/www.umweltnetz.ch\\\/content\\\/category\\\/allgemein\",\"nextItem\":{\"@type\":\"ListItem\",\"@id\":\"https:\\\/\\\/www.umweltnetz.ch\\\/content\\\/viel-geschrei-wenig-ertrag#listItem\",\"name\":\"Viel Geschrei &#8211; wenig Ertrag\"},\"previousItem\":{\"@type\":\"ListItem\",\"@id\":\"https:\\\/\\\/www.umweltnetz.ch\\\/content#listItem\",\"name\":\"Home\"}},{\"@type\":\"ListItem\",\"@id\":\"https:\\\/\\\/www.umweltnetz.ch\\\/content\\\/viel-geschrei-wenig-ertrag#listItem\",\"position\":3,\"name\":\"Viel Geschrei &#8211; wenig Ertrag\",\"previousItem\":{\"@type\":\"ListItem\",\"@id\":\"https:\\\/\\\/www.umweltnetz.ch\\\/content\\\/category\\\/allgemein#listItem\",\"name\":\"Allgemein\"}}]},{\"@type\":\"Organization\",\"@id\":\"https:\\\/\\\/www.umweltnetz.ch\\\/content\\\/#organization\",\"name\":\"umweltnetz.ch\",\"description\":\"Umwelt und Politik - ein Internet-Angebot von Toni W. P\\u00fcntener\",\"url\":\"https:\\\/\\\/www.umweltnetz.ch\\\/content\\\/\"},{\"@type\":\"Person\",\"@id\":\"https:\\\/\\\/www.umweltnetz.ch\\\/content\\\/author\\\/twp#author\",\"url\":\"https:\\\/\\\/www.umweltnetz.ch\\\/content\\\/author\\\/twp\",\"name\":\"Toni W. P\\u00fcntener\",\"image\":{\"@type\":\"ImageObject\",\"@id\":\"https:\\\/\\\/www.umweltnetz.ch\\\/content\\\/viel-geschrei-wenig-ertrag#authorImage\",\"url\":\"https:\\\/\\\/secure.gravatar.com\\\/avatar\\\/b4b38790bfc673702bc7f3864264936e7baf1594c44260587ec4964490a262b9?s=96&d=mm&r=g\",\"width\":96,\"height\":96,\"caption\":\"Toni W. P\\u00fcntener\"}},{\"@type\":\"WebPage\",\"@id\":\"https:\\\/\\\/www.umweltnetz.ch\\\/content\\\/viel-geschrei-wenig-ertrag#webpage\",\"url\":\"https:\\\/\\\/www.umweltnetz.ch\\\/content\\\/viel-geschrei-wenig-ertrag\",\"name\":\"Viel Geschrei \\u2013 wenig Ertrag | umweltnetz.ch\",\"inLanguage\":\"de-DE\",\"isPartOf\":{\"@id\":\"https:\\\/\\\/www.umweltnetz.ch\\\/content\\\/#website\"},\"breadcrumb\":{\"@id\":\"https:\\\/\\\/www.umweltnetz.ch\\\/content\\\/viel-geschrei-wenig-ertrag#breadcrumblist\"},\"author\":{\"@id\":\"https:\\\/\\\/www.umweltnetz.ch\\\/content\\\/author\\\/twp#author\"},\"creator\":{\"@id\":\"https:\\\/\\\/www.umweltnetz.ch\\\/content\\\/author\\\/twp#author\"},\"datePublished\":\"2010-09-25T16:46:23+02:00\",\"dateModified\":\"2012-04-01T10:39:59+02:00\"},{\"@type\":\"WebSite\",\"@id\":\"https:\\\/\\\/www.umweltnetz.ch\\\/content\\\/#website\",\"url\":\"https:\\\/\\\/www.umweltnetz.ch\\\/content\\\/\",\"name\":\"umweltnetz.ch\",\"description\":\"Umwelt und Politik - ein Internet-Angebot von Toni W. P\\u00fcntener\",\"inLanguage\":\"de-DE\",\"publisher\":{\"@id\":\"https:\\\/\\\/www.umweltnetz.ch\\\/content\\\/#organization\"}}]}\n\t\t<\/script>\n\t\t<!-- All in One SEO -->\n\n","aioseo_head_json":{"title":"Viel Geschrei \u2013 wenig Ertrag | umweltnetz.ch","description":"","canonical_url":"https:\/\/www.umweltnetz.ch\/content\/viel-geschrei-wenig-ertrag","robots":"max-image-preview:large","keywords":"","webmasterTools":{"miscellaneous":""},"schema":{"@context":"https:\/\/schema.org","@graph":[{"@type":"Article","@id":"https:\/\/www.umweltnetz.ch\/content\/viel-geschrei-wenig-ertrag#article","name":"Viel Geschrei \u2013 wenig Ertrag | umweltnetz.ch","headline":"Viel Geschrei &#8211; wenig Ertrag","author":{"@id":"https:\/\/www.umweltnetz.ch\/content\/author\/twp#author"},"publisher":{"@id":"https:\/\/www.umweltnetz.ch\/content\/#organization"},"datePublished":"2010-09-25T16:46:23+02:00","dateModified":"2012-04-01T10:39:59+02:00","inLanguage":"de-DE","mainEntityOfPage":{"@id":"https:\/\/www.umweltnetz.ch\/content\/viel-geschrei-wenig-ertrag#webpage"},"isPartOf":{"@id":"https:\/\/www.umweltnetz.ch\/content\/viel-geschrei-wenig-ertrag#webpage"},"articleSection":"Allgemein, Politik, Bankgeheimnis, Deutschland, Steuergerechtigkeit"},{"@type":"BreadcrumbList","@id":"https:\/\/www.umweltnetz.ch\/content\/viel-geschrei-wenig-ertrag#breadcrumblist","itemListElement":[{"@type":"ListItem","@id":"https:\/\/www.umweltnetz.ch\/content#listItem","position":1,"name":"Home","item":"https:\/\/www.umweltnetz.ch\/content","nextItem":{"@type":"ListItem","@id":"https:\/\/www.umweltnetz.ch\/content\/category\/allgemein#listItem","name":"Allgemein"}},{"@type":"ListItem","@id":"https:\/\/www.umweltnetz.ch\/content\/category\/allgemein#listItem","position":2,"name":"Allgemein","item":"https:\/\/www.umweltnetz.ch\/content\/category\/allgemein","nextItem":{"@type":"ListItem","@id":"https:\/\/www.umweltnetz.ch\/content\/viel-geschrei-wenig-ertrag#listItem","name":"Viel Geschrei &#8211; wenig Ertrag"},"previousItem":{"@type":"ListItem","@id":"https:\/\/www.umweltnetz.ch\/content#listItem","name":"Home"}},{"@type":"ListItem","@id":"https:\/\/www.umweltnetz.ch\/content\/viel-geschrei-wenig-ertrag#listItem","position":3,"name":"Viel Geschrei &#8211; wenig Ertrag","previousItem":{"@type":"ListItem","@id":"https:\/\/www.umweltnetz.ch\/content\/category\/allgemein#listItem","name":"Allgemein"}}]},{"@type":"Organization","@id":"https:\/\/www.umweltnetz.ch\/content\/#organization","name":"umweltnetz.ch","description":"Umwelt und Politik - ein Internet-Angebot von Toni W. P\u00fcntener","url":"https:\/\/www.umweltnetz.ch\/content\/"},{"@type":"Person","@id":"https:\/\/www.umweltnetz.ch\/content\/author\/twp#author","url":"https:\/\/www.umweltnetz.ch\/content\/author\/twp","name":"Toni W. P\u00fcntener","image":{"@type":"ImageObject","@id":"https:\/\/www.umweltnetz.ch\/content\/viel-geschrei-wenig-ertrag#authorImage","url":"https:\/\/secure.gravatar.com\/avatar\/b4b38790bfc673702bc7f3864264936e7baf1594c44260587ec4964490a262b9?s=96&d=mm&r=g","width":96,"height":96,"caption":"Toni W. P\u00fcntener"}},{"@type":"WebPage","@id":"https:\/\/www.umweltnetz.ch\/content\/viel-geschrei-wenig-ertrag#webpage","url":"https:\/\/www.umweltnetz.ch\/content\/viel-geschrei-wenig-ertrag","name":"Viel Geschrei \u2013 wenig Ertrag | umweltnetz.ch","inLanguage":"de-DE","isPartOf":{"@id":"https:\/\/www.umweltnetz.ch\/content\/#website"},"breadcrumb":{"@id":"https:\/\/www.umweltnetz.ch\/content\/viel-geschrei-wenig-ertrag#breadcrumblist"},"author":{"@id":"https:\/\/www.umweltnetz.ch\/content\/author\/twp#author"},"creator":{"@id":"https:\/\/www.umweltnetz.ch\/content\/author\/twp#author"},"datePublished":"2010-09-25T16:46:23+02:00","dateModified":"2012-04-01T10:39:59+02:00"},{"@type":"WebSite","@id":"https:\/\/www.umweltnetz.ch\/content\/#website","url":"https:\/\/www.umweltnetz.ch\/content\/","name":"umweltnetz.ch","description":"Umwelt und Politik - ein Internet-Angebot von Toni W. P\u00fcntener","inLanguage":"de-DE","publisher":{"@id":"https:\/\/www.umweltnetz.ch\/content\/#organization"}}]},"og:locale":"de_DE","og:site_name":"umweltnetz.ch | Umwelt und Politik - ein Internet-Angebot von Toni W. P\u00fcntener","og:type":"article","og:title":"Viel Geschrei \u2013 wenig Ertrag | umweltnetz.ch","og:url":"https:\/\/www.umweltnetz.ch\/content\/viel-geschrei-wenig-ertrag","article:published_time":"2010-09-25T14:46:23+00:00","article:modified_time":"2012-04-01T08:39:59+00:00","twitter:card":"summary","twitter:title":"Viel Geschrei \u2013 wenig Ertrag | umweltnetz.ch"},"aioseo_meta_data":{"post_id":"2042","title":null,"description":null,"keywords":null,"keyphrases":null,"primary_term":null,"canonical_url":null,"og_title":null,"og_description":null,"og_object_type":"default","og_image_type":"default","og_image_url":null,"og_image_width":null,"og_image_height":null,"og_image_custom_url":null,"og_image_custom_fields":null,"og_video":null,"og_custom_url":null,"og_article_section":null,"og_article_tags":null,"twitter_use_og":false,"twitter_card":"default","twitter_image_type":"default","twitter_image_url":null,"twitter_image_custom_url":null,"twitter_image_custom_fields":null,"twitter_title":null,"twitter_description":null,"schema":{"blockGraphs":[],"customGraphs":[],"default":{"data":{"Article":[],"Course":[],"Dataset":[],"FAQPage":[],"Movie":[],"Person":[],"Product":[],"ProductReview":[],"Car":[],"Recipe":[],"Service":[],"SoftwareApplication":[],"WebPage":[]},"graphName":"","isEnabled":true},"graphs":[]},"schema_type":null,"schema_type_options":null,"pillar_content":false,"robots_default":true,"robots_noindex":false,"robots_noarchive":false,"robots_nosnippet":false,"robots_nofollow":false,"robots_noimageindex":false,"robots_noodp":false,"robots_notranslate":false,"robots_max_snippet":null,"robots_max_videopreview":null,"robots_max_imagepreview":"large","priority":null,"frequency":null,"location":null,"local_seo":null,"breadcrumb_settings":null,"limit_modified_date":false,"ai":null,"created":"2020-12-21 15:17:34","updated":"2025-06-03 20:22:26","seo_analyzer_scan_date":null,"focus_keyword":null,"additional_keywords":null,"truseo_locale":null},"aioseo_breadcrumb":"<div class=\"aioseo-breadcrumbs\"><span class=\"aioseo-breadcrumb\">\n\t\t\t<a href=\"https:\/\/www.umweltnetz.ch\/content\" title=\"Home\">Home<\/a>\n\t\t<\/span><span class=\"aioseo-breadcrumb-separator\">&raquo;<\/span><span class=\"aioseo-breadcrumb\">\n\t\t\t<a href=\"https:\/\/www.umweltnetz.ch\/content\/category\/allgemein\" title=\"Allgemein\">Allgemein<\/a>\n\t\t<\/span><span class=\"aioseo-breadcrumb-separator\">&raquo;<\/span><span class=\"aioseo-breadcrumb\">\n\t\t\tViel Geschrei \u2013 wenig Ertrag\n\t\t<\/span><\/div>","aioseo_breadcrumb_json":[{"label":"Home","link":"https:\/\/www.umweltnetz.ch\/content"},{"label":"Allgemein","link":"https:\/\/www.umweltnetz.ch\/content\/category\/allgemein"},{"label":"Viel Geschrei &#8211; wenig Ertrag","link":"https:\/\/www.umweltnetz.ch\/content\/viel-geschrei-wenig-ertrag"}],"jetpack_sharing_enabled":true,"jetpack_featured_media_url":"","_links":{"self":[{"href":"https:\/\/www.umweltnetz.ch\/content\/wp-json\/wp\/v2\/posts\/2042","targetHints":{"allow":["GET"]}}],"collection":[{"href":"https:\/\/www.umweltnetz.ch\/content\/wp-json\/wp\/v2\/posts"}],"about":[{"href":"https:\/\/www.umweltnetz.ch\/content\/wp-json\/wp\/v2\/types\/post"}],"author":[{"embeddable":true,"href":"https:\/\/www.umweltnetz.ch\/content\/wp-json\/wp\/v2\/users\/2"}],"replies":[{"embeddable":true,"href":"https:\/\/www.umweltnetz.ch\/content\/wp-json\/wp\/v2\/comments?post=2042"}],"version-history":[{"count":2,"href":"https:\/\/www.umweltnetz.ch\/content\/wp-json\/wp\/v2\/posts\/2042\/revisions"}],"predecessor-version":[{"id":3589,"href":"https:\/\/www.umweltnetz.ch\/content\/wp-json\/wp\/v2\/posts\/2042\/revisions\/3589"}],"wp:attachment":[{"href":"https:\/\/www.umweltnetz.ch\/content\/wp-json\/wp\/v2\/media?parent=2042"}],"wp:term":[{"taxonomy":"category","embeddable":true,"href":"https:\/\/www.umweltnetz.ch\/content\/wp-json\/wp\/v2\/categories?post=2042"},{"taxonomy":"post_tag","embeddable":true,"href":"https:\/\/www.umweltnetz.ch\/content\/wp-json\/wp\/v2\/tags?post=2042"}],"curies":[{"name":"wp","href":"https:\/\/api.w.org\/{rel}","templated":true}]}}