{"id":1944,"date":"2010-06-26T14:56:12","date_gmt":"2010-06-26T12:56:12","guid":{"rendered":"http:\/\/www.umweltnetz.ch\/content\/?p=1944"},"modified":"2012-04-22T17:46:43","modified_gmt":"2012-04-22T15:46:43","slug":"lernfahig","status":"publish","type":"post","link":"https:\/\/www.umweltnetz.ch\/content\/lernfahig","title":{"rendered":"Lernf\u00e4hig?"},"content":{"rendered":"<p>Zwar machte <a href=\"http:\/\/tagesanzeiger.ch\/schweiz\/standard\/Pelli-wettert-gegen-koRomantiker\/story\/21261303\" target=\"_blank\">FDP-Pr\u00e4sident Fulvio Pelli<\/a> an der Delegiertenversammlung vom 26. Juni 2010 in Lugano noch einige nicht nachvollziehbare Spr\u00fcche zur Umweltpolitik &#8211; aber dann haben sich die Delegierten auf einige klimaschutzpolitische Massnahmen festgelegt, die ich neben einigen weiteren Massnahmen auf der Seite <a href=\"http:\/\/www.umweltnetz.ch\/content\/weg-von-der-subventionitis-keine-forderbeitrage-oder-einspeisevergutungen\" target=\"_blank\">www.umweltnetz.ch<\/a> schon l\u00e4ngere Zeit fordere. Zwar sind die vorgeschlagenen Zeitr\u00e4ume alles andere als problemadequat, aber immerhin beginnt die FDP in \u00f6kologischen Fragen eine gewisse Lernf\u00e4higkeit zu zeigen.<\/p>\n<p><!--more--><\/p>\n<p>Zuerst behauptete Herr Pelli zwar noch, <em>es bringe nichts, wenn man die Menschen zwinge, \u00f6kologisch verantwortlich zu handeln.<\/em> Kurz darauf beschlossen die Delegierten ein Sanierungsobligatorium zumindest f\u00fcr Wohnbauten. In der FDP-Form kommt dies ziemlich schwach daher: erst 2040 m\u00fcssten vor dem Jahr 1980 erstellte Bauten auf <em>einen energetischen Minimalstand umger\u00fcstet<\/em> werden. Zwar sieht die FDP ein, dass der Klimaschutz zwingende Vorgaben beispielsweise f\u00fcr die energetische Qualit\u00e4t von H\u00e4usern braucht &#8211; aber man will die Realisierung der erforderlichen Massnahmen der zuk\u00fcnftigen Generation \u00fcberlassen! Und warum eigentlich ein &#8222;Minimalstand&#8220;? Bis vor kurzem war der Aargauer FDP-Regierungsrat Peter Beyeler Pr\u00e4sident des <a href=\"http:\/\/www.minergie.ch\" target=\"_blank\">Minergie-Vereins<\/a>, welcher einen freiwilligen energetischen und bau\u00f6kologischen Best-Standard propagiert &#8211; das passt doch sehr genau zu den \u00fcblichen FDP-Forderungen von eigenverantwortlich und herausfordernd. Oder in den Kategorien des Geb\u00e4udeenergieausweises GEAK: bis zum Jahr 2025 haben <strong>alle<\/strong> vor 1985 erstellten Bauten (nicht nur Wohnbauten) die <a href=\"http:\/\/www.umweltnetz.ch\/content\/mindestens-b-besser-a\" target=\"_blank\">Klassierung B, besser A<\/a> zu erreichen (P.S. dies ist nach mindestens 40 Jahren Nutzungszeit, da sind so oder so umfassende Werterhaltungsmassnahmen erforderlich.<\/p>\n<p>Irgendwann wird auch die FDP darauf kommen, dass diese nicht wirklich ambiti\u00f6se Herausforderung mit einer <a href=\"http:\/\/www.umweltnetz.ch\/content\/fragwurdige-energiepolitische-fehlkonstruktion\" target=\"_blank\">stark lenkenden und vollst\u00e4ndig an Haushalte und die Wirtschaft zur\u00fcckerstatteten Lenkungsabgabe<\/a> ideal erg\u00e4nzt werden kann. <\/p>\n<p>Die Forderung nach einem Sonnenenergieobligatorium &#8211; <em>Sonnenkollektoren auf jedem geeigneten Dach<\/em> &#8211; ist angesichts der breiten Akzeptanz in der Bev\u00f6lkerung und bei den politischen Parteien ein alter Hut. Und meines Wissens bis jetzt vor allem am Widerstand der FDP im Verbund mit der SVP gescheitert. <\/p>\n<p>Dass die FDP von Klimaschutzmassnahmen beim MIEF (respektive motorisierter Individualverkehr MIV) Abstand nimmt, zeigt einmal mehr, dass das Auto leider immer noch nicht einfach ein Verkehrsgef\u00e4ss ist, sondern mit nicht nachvollziehbaren Emotionen verbunden ist. Es braucht also noch einiges an Lernschritten bei der FDP &#8211; und selbstverst\u00e4ndlich erst recht bei der SVP (immerhin ist neu der Zuger SVP-Regierungsrat Heinz T\u00e4nnler Pr\u00e4sident des Vereins Minergie.      <\/p>\n<p>\n","protected":false},"excerpt":{"rendered":"<p>Zwar machte FDP-Pr\u00e4sident Fulvio Pelli an der Delegiertenversammlung vom 26. Juni 2010 in Lugano noch einige nicht nachvollziehbare Spr\u00fcche zur Umweltpolitik &#8211; aber dann haben sich die Delegierten auf einige klimaschutzpolitische Massnahmen festgelegt, die ich neben einigen weiteren Massnahmen auf der Seite www.umweltnetz.ch schon l\u00e4ngere Zeit fordere. Zwar sind die vorgeschlagenen Zeitr\u00e4ume alles andere als &hellip; <a href=\"https:\/\/www.umweltnetz.ch\/content\/lernfahig\" class=\"more-link\"><span class=\"screen-reader-text\">\u201eLernf\u00e4hig?\u201c <\/span>weiterlesen<\/a><\/p>\n","protected":false},"author":2,"featured_media":0,"comment_status":"open","ping_status":"open","sticky":false,"template":"","format":"standard","meta":{"ngg_post_thumbnail":0,"_jetpack_memberships_contains_paid_content":false,"footnotes":""},"categories":[1,4,5],"tags":[37,13,402,31,350],"class_list":["post-1944","post","type-post","status-publish","format-standard","hentry","category-allgemein","category-energie-und-klimaschutz","category-politik","tag-energiepolitik","tag-fdp","tag-gebaude","tag-klimaschutz","tag-sonnenenergie"],"aioseo_notices":[],"jetpack_featured_media_url":"","jetpack_sharing_enabled":true,"_links":{"self":[{"href":"https:\/\/www.umweltnetz.ch\/content\/wp-json\/wp\/v2\/posts\/1944","targetHints":{"allow":["GET"]}}],"collection":[{"href":"https:\/\/www.umweltnetz.ch\/content\/wp-json\/wp\/v2\/posts"}],"about":[{"href":"https:\/\/www.umweltnetz.ch\/content\/wp-json\/wp\/v2\/types\/post"}],"author":[{"embeddable":true,"href":"https:\/\/www.umweltnetz.ch\/content\/wp-json\/wp\/v2\/users\/2"}],"replies":[{"embeddable":true,"href":"https:\/\/www.umweltnetz.ch\/content\/wp-json\/wp\/v2\/comments?post=1944"}],"version-history":[{"count":3,"href":"https:\/\/www.umweltnetz.ch\/content\/wp-json\/wp\/v2\/posts\/1944\/revisions"}],"predecessor-version":[{"id":3693,"href":"https:\/\/www.umweltnetz.ch\/content\/wp-json\/wp\/v2\/posts\/1944\/revisions\/3693"}],"wp:attachment":[{"href":"https:\/\/www.umweltnetz.ch\/content\/wp-json\/wp\/v2\/media?parent=1944"}],"wp:term":[{"taxonomy":"category","embeddable":true,"href":"https:\/\/www.umweltnetz.ch\/content\/wp-json\/wp\/v2\/categories?post=1944"},{"taxonomy":"post_tag","embeddable":true,"href":"https:\/\/www.umweltnetz.ch\/content\/wp-json\/wp\/v2\/tags?post=1944"}],"curies":[{"name":"wp","href":"https:\/\/api.w.org\/{rel}","templated":true}]}}