{"id":1661,"date":"2010-01-18T17:58:11","date_gmt":"2010-01-18T16:58:11","guid":{"rendered":"http:\/\/www.umweltnetz.ch\/content\/?p=1661"},"modified":"2010-09-26T12:02:29","modified_gmt":"2010-09-26T10:02:29","slug":"schweizer-armee-ist-ein-sicherheitsrisiko","status":"publish","type":"post","link":"https:\/\/www.umweltnetz.ch\/content\/schweizer-armee-ist-ein-sicherheitsrisiko","title":{"rendered":"Schweizer Armee ist ein Sicherheitsrisiko"},"content":{"rendered":"<p>Nicht-wirklich Bundesrat Ulrich (Ueli) Maurer hat einmal mehr sein Sicherheitsverst\u00e4ndnis offenbart &#8211; dieses steckt tief in den Zeiten der alten Eidgenossenschaft: Am Morgen des 18. Januar 2010 hat Herr Maurer tausend VBS-Kadermitarbeiter(Innen???) bei Nacht und Nebel auf einer milit\u00e4rhistorisch nicht ganz bedeutungslosen Waldlichtung versammeln lassen. An diesem Ort sollen sich, so die Geschichtsschreibung, &#8222;<em><a href=\"http:\/\/www.tagesanzeiger.ch\/schweiz\/standard\/Maurer-ueberrascht-seine-Offiziere-mit-Reise-ins-Unbekannte\/story\/24033577\" target=\"_blank\">1339 die Mannen vor der Schlacht bei Laupen gegen die Habsburger, 1798 f\u00fcr die Schlacht von Neuenegg gegen die Franzosen versammelt haben<\/a><\/em>&#8222;.<!--more--><\/p>\n<p>Nun, die Habsburger gibts noch als adlige Rest-Familie, die Franzosen haben seinerzeit die Ideen der franz\u00f6sischen Revolution <strong>Gleichheit, Freiheit, Geschwisterlichkeit<\/strong> (damals noch &#8222;Br\u00fcderlichkeit&#8220;) in die Schweiz gebracht. Herr Maurer versammelt in der Neuzeit &#8222;sein&#8220; Kader einerseits in Erinnerung an museale Romantik und Klatschheftchen-Realit\u00e4t, denn nichts anderes sind Adelige und Monarchien heute, und andererseits gegen wesentliche Inhalte der gesellschaftlichen Moderne. Offenbar ist da der Schweizerische Verteidigungsminister auch nach mehr als 200 Jahren nicht von den Vorteilen der Zivilgesellschaft und den demokratischen Errungenschaften \u00fcberzeugt.<\/p>\n<p>Herr Maurer sieht also offenbar nach wie vor die gleichen Gefahren wie 1339 oder 1798 &#8211; will er die Schweiz davor sch\u00fctzen, mutige Schritte in die Zukunft zu wagen und sich den echten sicherheitspolitischen Herausforderungen zu stellen? Eine Armee, die weder ihre Munitionsvorr\u00e4te noch die Finanzen im Griff hat, eine Armee, die sich an nicht-existenten Risiken orientiert, braucht die Schweiz f\u00fcr das 21. Jahrhundert nicht mehr!<\/p>\n<p>Die VBS-Kader h\u00e4tten sich am Paradeplatz in Z\u00fcrich besammeln sollen &#8211; symbolisch f\u00fcr die Gierheit des Bankwesens der Schweiz. Dadurch werden zentrale ethische und moralische Werte in Frage gestellt, wird der Rechtsstaat ausgeh\u00f6hlt. Oder Herr Maurer h\u00e4tte das VBS-Kader auf der Riederfurka versammeln k\u00f6nnen, mit Blick auf den schwindenden Aletschgletscher &#8211; Mahnmal f\u00fcr den mit an Sicherheit grenzender Wahrscheinlichkeit vom Menschen gemachte Klimawandel, Bedrohung der Lebensr\u00e4ume von Mensch und Natur, weltweit! Oder wie w\u00e4re der Besuch eines Naturschutzgebietes angekommen, einem Naturschutzgebiet, in welchem Zivildienstleistende daf\u00fcr sorgen, dass die Artenvielfalt auch in der Schweiz Raum hat? <\/p>\n<p>Nein, <a href=\"http:\/\/www.umweltnetz.ch\/content\/sicherheitspolitik-statt-groteske-intervention\" target=\"_blank\">Sicherheitspolitik darf man nicht den Milit\u00e4rs \u00fcberlassen!<\/a> Da gibts nur eins: <a href=\"http:\/\/kyriacou.ch\/2010\/01\/zahlungsunfahige-ch-armee-liquidieren-gesundschrumpfen-oder-abstossen\/\" target=\"_blank\">Armee so schnell als m\u00f6glich liquidieren<\/a>!         <\/p>\n<p>Und: bis zur Liquiditation <a href=\"http:\/\/www.umweltnetz.ch\/content\/die-gewissensprufung-ist-demokratie-unwurdig\" target=\"_blank\">den Zivildienst bl\u00fchen lassen!<\/a>  <\/p>\n","protected":false},"excerpt":{"rendered":"<p>Nicht-wirklich Bundesrat Ulrich (Ueli) Maurer hat einmal mehr sein Sicherheitsverst\u00e4ndnis offenbart &#8211; dieses steckt tief in den Zeiten der alten Eidgenossenschaft: Am Morgen des 18. Januar 2010 hat Herr Maurer tausend VBS-Kadermitarbeiter(Innen???) bei Nacht und Nebel auf einer milit\u00e4rhistorisch nicht ganz bedeutungslosen Waldlichtung versammeln lassen. An diesem Ort sollen sich, so die Geschichtsschreibung, &#8222;1339 die &hellip; <a href=\"https:\/\/www.umweltnetz.ch\/content\/schweizer-armee-ist-ein-sicherheitsrisiko\" class=\"more-link\"><span class=\"screen-reader-text\">\u201eSchweizer Armee ist ein Sicherheitsrisiko\u201c <\/span>weiterlesen<\/a><\/p>\n","protected":false},"author":2,"featured_media":0,"comment_status":"open","ping_status":"open","sticky":false,"template":"","format":"standard","meta":{"ngg_post_thumbnail":0,"_jetpack_newsletter_access":"","_jetpack_dont_email_post_to_subs":false,"_jetpack_newsletter_tier_id":0,"_jetpack_memberships_contains_paywalled_content":false,"_jetpack_feature_clip_id":0,"_jetpack_memberships_contains_paid_content":false,"footnotes":"","jetpack_post_was_ever_published":false},"categories":[5],"tags":[12,423,367],"class_list":["post-1661","post","type-post","status-publish","format-standard","hentry","category-politik","tag-bundesrat","tag-keine-armee","tag-sicherheitspolitik"],"aioseo_notices":[],"aioseo_head":"\n\t\t<!-- All in One SEO 5.0.1.1 - aioseo.com -->\n\t<meta name=\"robots\" content=\"max-image-preview:large\" \/>\n\t<meta name=\"author\" content=\"Toni W. P\u00fcntener\"\/>\n\t<link rel=\"canonical\" href=\"https:\/\/www.umweltnetz.ch\/content\/schweizer-armee-ist-ein-sicherheitsrisiko\" \/>\n\t<meta name=\"generator\" content=\"All in One SEO (AIOSEO) 5.0.1.1\" \/>\n\t\t<meta property=\"og:locale\" content=\"de_DE\" \/>\n\t\t<meta property=\"og:site_name\" content=\"umweltnetz.ch | Umwelt und Politik - ein Internet-Angebot von Toni W. P\u00fcntener\" \/>\n\t\t<meta property=\"og:type\" content=\"article\" \/>\n\t\t<meta property=\"og:title\" content=\"Schweizer Armee ist ein Sicherheitsrisiko | umweltnetz.ch\" \/>\n\t\t<meta property=\"og:url\" content=\"https:\/\/www.umweltnetz.ch\/content\/schweizer-armee-ist-ein-sicherheitsrisiko\" \/>\n\t\t<meta property=\"article:published_time\" content=\"2010-01-18T16:58:11+00:00\" \/>\n\t\t<meta property=\"article:modified_time\" content=\"2010-09-26T10:02:29+00:00\" \/>\n\t\t<meta name=\"twitter:card\" content=\"summary\" \/>\n\t\t<meta name=\"twitter:title\" content=\"Schweizer Armee ist ein Sicherheitsrisiko | umweltnetz.ch\" \/>\n\t\t<script type=\"application\/ld+json\" class=\"aioseo-schema\">\n\t\t\t{\"@context\":\"https:\\\/\\\/schema.org\",\"@graph\":[{\"@type\":\"Article\",\"@id\":\"https:\\\/\\\/www.umweltnetz.ch\\\/content\\\/schweizer-armee-ist-ein-sicherheitsrisiko#article\",\"name\":\"Schweizer Armee ist ein Sicherheitsrisiko | umweltnetz.ch\",\"headline\":\"Schweizer Armee ist ein Sicherheitsrisiko\",\"author\":{\"@id\":\"https:\\\/\\\/www.umweltnetz.ch\\\/content\\\/author\\\/twp#author\"},\"publisher\":{\"@id\":\"https:\\\/\\\/www.umweltnetz.ch\\\/content\\\/#organization\"},\"datePublished\":\"2010-01-18T17:58:11+01:00\",\"dateModified\":\"2010-09-26T12:02:29+02:00\",\"inLanguage\":\"de-DE\",\"mainEntityOfPage\":{\"@id\":\"https:\\\/\\\/www.umweltnetz.ch\\\/content\\\/schweizer-armee-ist-ein-sicherheitsrisiko#webpage\"},\"isPartOf\":{\"@id\":\"https:\\\/\\\/www.umweltnetz.ch\\\/content\\\/schweizer-armee-ist-ein-sicherheitsrisiko#webpage\"},\"articleSection\":\"Politik, Bundesrat, keine Armee, Sicherheitspolitik\"},{\"@type\":\"BreadcrumbList\",\"@id\":\"https:\\\/\\\/www.umweltnetz.ch\\\/content\\\/schweizer-armee-ist-ein-sicherheitsrisiko#breadcrumblist\",\"itemListElement\":[{\"@type\":\"ListItem\",\"@id\":\"https:\\\/\\\/www.umweltnetz.ch\\\/content#listItem\",\"position\":1,\"name\":\"Home\",\"item\":\"https:\\\/\\\/www.umweltnetz.ch\\\/content\",\"nextItem\":{\"@type\":\"ListItem\",\"@id\":\"https:\\\/\\\/www.umweltnetz.ch\\\/content\\\/category\\\/politik#listItem\",\"name\":\"Politik\"}},{\"@type\":\"ListItem\",\"@id\":\"https:\\\/\\\/www.umweltnetz.ch\\\/content\\\/category\\\/politik#listItem\",\"position\":2,\"name\":\"Politik\",\"item\":\"https:\\\/\\\/www.umweltnetz.ch\\\/content\\\/category\\\/politik\",\"nextItem\":{\"@type\":\"ListItem\",\"@id\":\"https:\\\/\\\/www.umweltnetz.ch\\\/content\\\/schweizer-armee-ist-ein-sicherheitsrisiko#listItem\",\"name\":\"Schweizer Armee ist ein Sicherheitsrisiko\"},\"previousItem\":{\"@type\":\"ListItem\",\"@id\":\"https:\\\/\\\/www.umweltnetz.ch\\\/content#listItem\",\"name\":\"Home\"}},{\"@type\":\"ListItem\",\"@id\":\"https:\\\/\\\/www.umweltnetz.ch\\\/content\\\/schweizer-armee-ist-ein-sicherheitsrisiko#listItem\",\"position\":3,\"name\":\"Schweizer Armee ist ein Sicherheitsrisiko\",\"previousItem\":{\"@type\":\"ListItem\",\"@id\":\"https:\\\/\\\/www.umweltnetz.ch\\\/content\\\/category\\\/politik#listItem\",\"name\":\"Politik\"}}]},{\"@type\":\"Organization\",\"@id\":\"https:\\\/\\\/www.umweltnetz.ch\\\/content\\\/#organization\",\"name\":\"umweltnetz.ch\",\"description\":\"Umwelt und Politik - ein Internet-Angebot von Toni W. P\\u00fcntener\",\"url\":\"https:\\\/\\\/www.umweltnetz.ch\\\/content\\\/\"},{\"@type\":\"Person\",\"@id\":\"https:\\\/\\\/www.umweltnetz.ch\\\/content\\\/author\\\/twp#author\",\"url\":\"https:\\\/\\\/www.umweltnetz.ch\\\/content\\\/author\\\/twp\",\"name\":\"Toni W. P\\u00fcntener\",\"image\":{\"@type\":\"ImageObject\",\"@id\":\"https:\\\/\\\/www.umweltnetz.ch\\\/content\\\/schweizer-armee-ist-ein-sicherheitsrisiko#authorImage\",\"url\":\"https:\\\/\\\/secure.gravatar.com\\\/avatar\\\/b4b38790bfc673702bc7f3864264936e7baf1594c44260587ec4964490a262b9?s=96&d=mm&r=g\",\"width\":96,\"height\":96,\"caption\":\"Toni W. P\\u00fcntener\"}},{\"@type\":\"WebPage\",\"@id\":\"https:\\\/\\\/www.umweltnetz.ch\\\/content\\\/schweizer-armee-ist-ein-sicherheitsrisiko#webpage\",\"url\":\"https:\\\/\\\/www.umweltnetz.ch\\\/content\\\/schweizer-armee-ist-ein-sicherheitsrisiko\",\"name\":\"Schweizer Armee ist ein Sicherheitsrisiko | umweltnetz.ch\",\"inLanguage\":\"de-DE\",\"isPartOf\":{\"@id\":\"https:\\\/\\\/www.umweltnetz.ch\\\/content\\\/#website\"},\"breadcrumb\":{\"@id\":\"https:\\\/\\\/www.umweltnetz.ch\\\/content\\\/schweizer-armee-ist-ein-sicherheitsrisiko#breadcrumblist\"},\"author\":{\"@id\":\"https:\\\/\\\/www.umweltnetz.ch\\\/content\\\/author\\\/twp#author\"},\"creator\":{\"@id\":\"https:\\\/\\\/www.umweltnetz.ch\\\/content\\\/author\\\/twp#author\"},\"datePublished\":\"2010-01-18T17:58:11+01:00\",\"dateModified\":\"2010-09-26T12:02:29+02:00\"},{\"@type\":\"WebSite\",\"@id\":\"https:\\\/\\\/www.umweltnetz.ch\\\/content\\\/#website\",\"url\":\"https:\\\/\\\/www.umweltnetz.ch\\\/content\\\/\",\"name\":\"umweltnetz.ch\",\"description\":\"Umwelt und Politik - ein Internet-Angebot von Toni W. P\\u00fcntener\",\"inLanguage\":\"de-DE\",\"publisher\":{\"@id\":\"https:\\\/\\\/www.umweltnetz.ch\\\/content\\\/#organization\"}}]}\n\t\t<\/script>\n\t\t<!-- All in One SEO -->\n\n","aioseo_head_json":{"title":"Schweizer Armee ist ein Sicherheitsrisiko | umweltnetz.ch","description":"","canonical_url":"https:\/\/www.umweltnetz.ch\/content\/schweizer-armee-ist-ein-sicherheitsrisiko","robots":"max-image-preview:large","keywords":"","webmasterTools":{"miscellaneous":""},"schema":{"@context":"https:\/\/schema.org","@graph":[{"@type":"Article","@id":"https:\/\/www.umweltnetz.ch\/content\/schweizer-armee-ist-ein-sicherheitsrisiko#article","name":"Schweizer Armee ist ein Sicherheitsrisiko | umweltnetz.ch","headline":"Schweizer Armee ist ein Sicherheitsrisiko","author":{"@id":"https:\/\/www.umweltnetz.ch\/content\/author\/twp#author"},"publisher":{"@id":"https:\/\/www.umweltnetz.ch\/content\/#organization"},"datePublished":"2010-01-18T17:58:11+01:00","dateModified":"2010-09-26T12:02:29+02:00","inLanguage":"de-DE","mainEntityOfPage":{"@id":"https:\/\/www.umweltnetz.ch\/content\/schweizer-armee-ist-ein-sicherheitsrisiko#webpage"},"isPartOf":{"@id":"https:\/\/www.umweltnetz.ch\/content\/schweizer-armee-ist-ein-sicherheitsrisiko#webpage"},"articleSection":"Politik, Bundesrat, keine Armee, Sicherheitspolitik"},{"@type":"BreadcrumbList","@id":"https:\/\/www.umweltnetz.ch\/content\/schweizer-armee-ist-ein-sicherheitsrisiko#breadcrumblist","itemListElement":[{"@type":"ListItem","@id":"https:\/\/www.umweltnetz.ch\/content#listItem","position":1,"name":"Home","item":"https:\/\/www.umweltnetz.ch\/content","nextItem":{"@type":"ListItem","@id":"https:\/\/www.umweltnetz.ch\/content\/category\/politik#listItem","name":"Politik"}},{"@type":"ListItem","@id":"https:\/\/www.umweltnetz.ch\/content\/category\/politik#listItem","position":2,"name":"Politik","item":"https:\/\/www.umweltnetz.ch\/content\/category\/politik","nextItem":{"@type":"ListItem","@id":"https:\/\/www.umweltnetz.ch\/content\/schweizer-armee-ist-ein-sicherheitsrisiko#listItem","name":"Schweizer Armee ist ein Sicherheitsrisiko"},"previousItem":{"@type":"ListItem","@id":"https:\/\/www.umweltnetz.ch\/content#listItem","name":"Home"}},{"@type":"ListItem","@id":"https:\/\/www.umweltnetz.ch\/content\/schweizer-armee-ist-ein-sicherheitsrisiko#listItem","position":3,"name":"Schweizer Armee ist ein Sicherheitsrisiko","previousItem":{"@type":"ListItem","@id":"https:\/\/www.umweltnetz.ch\/content\/category\/politik#listItem","name":"Politik"}}]},{"@type":"Organization","@id":"https:\/\/www.umweltnetz.ch\/content\/#organization","name":"umweltnetz.ch","description":"Umwelt und Politik - ein Internet-Angebot von Toni W. P\u00fcntener","url":"https:\/\/www.umweltnetz.ch\/content\/"},{"@type":"Person","@id":"https:\/\/www.umweltnetz.ch\/content\/author\/twp#author","url":"https:\/\/www.umweltnetz.ch\/content\/author\/twp","name":"Toni W. P\u00fcntener","image":{"@type":"ImageObject","@id":"https:\/\/www.umweltnetz.ch\/content\/schweizer-armee-ist-ein-sicherheitsrisiko#authorImage","url":"https:\/\/secure.gravatar.com\/avatar\/b4b38790bfc673702bc7f3864264936e7baf1594c44260587ec4964490a262b9?s=96&d=mm&r=g","width":96,"height":96,"caption":"Toni W. P\u00fcntener"}},{"@type":"WebPage","@id":"https:\/\/www.umweltnetz.ch\/content\/schweizer-armee-ist-ein-sicherheitsrisiko#webpage","url":"https:\/\/www.umweltnetz.ch\/content\/schweizer-armee-ist-ein-sicherheitsrisiko","name":"Schweizer Armee ist ein Sicherheitsrisiko | umweltnetz.ch","inLanguage":"de-DE","isPartOf":{"@id":"https:\/\/www.umweltnetz.ch\/content\/#website"},"breadcrumb":{"@id":"https:\/\/www.umweltnetz.ch\/content\/schweizer-armee-ist-ein-sicherheitsrisiko#breadcrumblist"},"author":{"@id":"https:\/\/www.umweltnetz.ch\/content\/author\/twp#author"},"creator":{"@id":"https:\/\/www.umweltnetz.ch\/content\/author\/twp#author"},"datePublished":"2010-01-18T17:58:11+01:00","dateModified":"2010-09-26T12:02:29+02:00"},{"@type":"WebSite","@id":"https:\/\/www.umweltnetz.ch\/content\/#website","url":"https:\/\/www.umweltnetz.ch\/content\/","name":"umweltnetz.ch","description":"Umwelt und Politik - ein Internet-Angebot von Toni W. P\u00fcntener","inLanguage":"de-DE","publisher":{"@id":"https:\/\/www.umweltnetz.ch\/content\/#organization"}}]},"og:locale":"de_DE","og:site_name":"umweltnetz.ch | Umwelt und Politik - ein Internet-Angebot von Toni W. P\u00fcntener","og:type":"article","og:title":"Schweizer Armee ist ein Sicherheitsrisiko | umweltnetz.ch","og:url":"https:\/\/www.umweltnetz.ch\/content\/schweizer-armee-ist-ein-sicherheitsrisiko","article:published_time":"2010-01-18T16:58:11+00:00","article:modified_time":"2010-09-26T10:02:29+00:00","twitter:card":"summary","twitter:title":"Schweizer Armee ist ein Sicherheitsrisiko | umweltnetz.ch"},"aioseo_meta_data":{"post_id":"1661","title":null,"description":null,"keywords":null,"keyphrases":null,"primary_term":null,"canonical_url":null,"og_title":null,"og_description":null,"og_object_type":"default","og_image_type":"default","og_image_url":null,"og_image_width":null,"og_image_height":null,"og_image_custom_url":null,"og_image_custom_fields":null,"og_video":null,"og_custom_url":null,"og_article_section":null,"og_article_tags":null,"twitter_use_og":false,"twitter_card":"default","twitter_image_type":"default","twitter_image_url":null,"twitter_image_custom_url":null,"twitter_image_custom_fields":null,"twitter_title":null,"twitter_description":null,"schema":{"blockGraphs":[],"customGraphs":[],"default":{"data":{"Article":[],"Course":[],"Dataset":[],"FAQPage":[],"Movie":[],"Person":[],"Product":[],"ProductReview":[],"Car":[],"Recipe":[],"Service":[],"SoftwareApplication":[],"WebPage":[]},"graphName":"","isEnabled":true},"graphs":[]},"schema_type":null,"schema_type_options":null,"pillar_content":false,"robots_default":true,"robots_noindex":false,"robots_noarchive":false,"robots_nosnippet":false,"robots_nofollow":false,"robots_noimageindex":false,"robots_noodp":false,"robots_notranslate":false,"robots_max_snippet":null,"robots_max_videopreview":null,"robots_max_imagepreview":"large","priority":null,"frequency":null,"location":null,"local_seo":null,"breadcrumb_settings":null,"limit_modified_date":false,"ai":null,"created":"2020-12-21 15:17:44","updated":"2025-06-03 20:14:32","seo_analyzer_scan_date":null,"focus_keyword":null,"additional_keywords":null,"truseo_locale":null},"aioseo_breadcrumb":"<div class=\"aioseo-breadcrumbs\"><span class=\"aioseo-breadcrumb\">\n\t\t\t<a href=\"https:\/\/www.umweltnetz.ch\/content\" title=\"Home\">Home<\/a>\n\t\t<\/span><span class=\"aioseo-breadcrumb-separator\">&raquo;<\/span><span class=\"aioseo-breadcrumb\">\n\t\t\t<a href=\"https:\/\/www.umweltnetz.ch\/content\/category\/politik\" title=\"Politik\">Politik<\/a>\n\t\t<\/span><span class=\"aioseo-breadcrumb-separator\">&raquo;<\/span><span class=\"aioseo-breadcrumb\">\n\t\t\tSchweizer Armee ist ein Sicherheitsrisiko\n\t\t<\/span><\/div>","aioseo_breadcrumb_json":[{"label":"Home","link":"https:\/\/www.umweltnetz.ch\/content"},{"label":"Politik","link":"https:\/\/www.umweltnetz.ch\/content\/category\/politik"},{"label":"Schweizer Armee ist ein Sicherheitsrisiko","link":"https:\/\/www.umweltnetz.ch\/content\/schweizer-armee-ist-ein-sicherheitsrisiko"}],"jetpack_sharing_enabled":true,"jetpack_featured_media_url":"","_links":{"self":[{"href":"https:\/\/www.umweltnetz.ch\/content\/wp-json\/wp\/v2\/posts\/1661","targetHints":{"allow":["GET"]}}],"collection":[{"href":"https:\/\/www.umweltnetz.ch\/content\/wp-json\/wp\/v2\/posts"}],"about":[{"href":"https:\/\/www.umweltnetz.ch\/content\/wp-json\/wp\/v2\/types\/post"}],"author":[{"embeddable":true,"href":"https:\/\/www.umweltnetz.ch\/content\/wp-json\/wp\/v2\/users\/2"}],"replies":[{"embeddable":true,"href":"https:\/\/www.umweltnetz.ch\/content\/wp-json\/wp\/v2\/comments?post=1661"}],"version-history":[{"count":2,"href":"https:\/\/www.umweltnetz.ch\/content\/wp-json\/wp\/v2\/posts\/1661\/revisions"}],"predecessor-version":[{"id":2045,"href":"https:\/\/www.umweltnetz.ch\/content\/wp-json\/wp\/v2\/posts\/1661\/revisions\/2045"}],"wp:attachment":[{"href":"https:\/\/www.umweltnetz.ch\/content\/wp-json\/wp\/v2\/media?parent=1661"}],"wp:term":[{"taxonomy":"category","embeddable":true,"href":"https:\/\/www.umweltnetz.ch\/content\/wp-json\/wp\/v2\/categories?post=1661"},{"taxonomy":"post_tag","embeddable":true,"href":"https:\/\/www.umweltnetz.ch\/content\/wp-json\/wp\/v2\/tags?post=1661"}],"curies":[{"name":"wp","href":"https:\/\/api.w.org\/{rel}","templated":true}]}}