{"id":166,"date":"2006-08-28T10:32:23","date_gmt":"2006-08-28T09:32:23","guid":{"rendered":"http:\/\/www.umweltnetz.ch\/content\/prime-tower-zurich\/"},"modified":"2014-10-14T09:52:49","modified_gmt":"2014-10-14T07:52:49","slug":"prime-tower-zurich","status":"publish","type":"post","link":"https:\/\/www.umweltnetz.ch\/content\/prime-tower-zurich","title":{"rendered":"Prime Tower Z\u00fcrich"},"content":{"rendered":"<p>Auf dem <a href=\"http:\/\/www.maagarealplus.ch\/\" target=\"_blank\">Maag-Areal Plus<\/a> wird ein Hochhaus, der &#8222;<a href=\"http:\/\/www.primetower.ch\/d\/index.php\" target=\"_blank\">Prime Tower<\/a>&#8222;, mit 126 m H\u00f6he entsprechend 36 Stockwerken mit je 1100 bis 1200 Quadratmeter Nettonutzfl\u00e4che geplant. <!--more--><\/p>\n<p>Im Sommer 2006 wurde das Baugespann erstellt. Auf den zwei Panorama-Bildern von der Polyterrasse aus ohne und mit virtuell anhand der Baugespanne eingezeichnetem Prime Tower werden die enormen Dimensionen des riesigen Hochhauses &#8211; ungef\u00e4hrer Geb\u00e4udegrundriss 70 mal 25 Meter &#8211; sichtbar.<\/p>\n<p>Die vier Wohnhochh\u00e4user der Siedlung Hardau &#8211; der h\u00f6chste Bau hat immerhin eine H\u00f6he von 92 Metern &#8211; wirken geradezu klein und fein im Vergleich zum Klotz des Prime Tower.<\/p>\n<p>Ist diese Riesenhaftigkeit wirklich erforderlich? Oder wird an dieser Stelle &#8222;herausragend&#8220; als Qualit\u00e4tsanspruch ausschliesslich auf die H\u00f6he reduziert? Ist es akzeptabel, dass eine private Bauherrschaft einen derart massiven Eingriff in das Stadtbild nehmen kann?<\/p>\n<p>[mygal=primetower]<\/p>\n<hr \/>\n<p>Nachtrag 23.1.2010: aus den Bildern der <a href=\"http:\/\/www.primetower.ch\/d\/index.php?mm=webcam&#038;um=panorama&#038;uum=&#038;frm=&#038;cols=2\" target=\"_blank\">Webcam 2 des Prime Tower<\/a>: Baufortschritt seit dem 24. Juli 2009 &#8211; w\u00f6chentlich der gleiche Ausschnitt aus dem Bilderarchiv, jeweils um 15 Uhr am Freitag &#8211; ein kleines PHP-Script, welches bei jedem Aufruf der Seite die Bildausschnitte auf der Internetseite des Prime Tower abholt und automatisch und aktuell zu einem Bilderstreifen zusammenstellt. Das heisst: das letzte Bild rechts ist h\u00f6chstens vor einer Woche entstanden! <\/p>\n<p><img decoding=\"async\" src=\"http:\/\/www.umweltnetz.ch\/baustelle\/ausschnitt.php\"><\/p>\n<p>&nbsp;<br \/>&nbsp;<\/p>\n<p>Und auch noch &#8211; etwas aus der Distanz &#8211; Ausschnitte von der <a href=\"http:\/\/zuerichtourismus.roundshot.ch\/zuerichwest\" target=\"_blank\">Webcam Hotel Marriott<\/a>: <\/p>\n<p><img decoding=\"async\" src=\"http:\/\/www.umweltnetz.ch\/baustelle\/ausschnitt2.php\"><\/p>\n<p>&nbsp;<br \/>&nbsp;<\/p>\n<hr \/>\n<p>Nachtrag 3.1.2010 &#8211; am Tag vor der Er\u00f6ffnung des neuen Turms von Babel &#8211; dem Durj Dubai, einem 824-m-Turm.<\/p>\n<p>In der Zeitung Welt vom 3.10.10 findet sich dazu ein Artikel mit dem Titel &#8222;<a href=\"http:\/\/www.welt.de\/finanzen\/article5708712\/Der-absurde-Turmbau-von-Dubai.html\" target=\"_blank\">Der absurde Turmbau von Dubai&#8220;<\/a>. Verschiedene Baufachleute wurden dazu befragt. Einige Zitate aus dem Artikel:<\/p>\n<ul>\n<li>Es gibt kein \u00f6kologisches Hochhaus.<\/li>\n<li>Der Turm ist bereits jetzt ein Auslaufmodell. Er ist ein Relikt der fossilen Gesellschaft, schon vor seiner Fertigstellung eher ein Mahnmal als ein Zukunftsmodell.<\/li>\n<li>Der Turm ist unwirtschaftlich und stellt als rundum voll verglastes Geb\u00e4ude energetisch f\u00fcr diese Klimazone eine Absurdit\u00e4t dar.<\/li>\n<\/ul>\n<p>Wie sehen wohl die \u00f6kologischen Aspekte des Prime Towers aus? Mit welchen glaubw\u00fcrdigen \u00f6kologischen und energetischen Label wird sich dieses Bauwerk in Z\u00fcrich schm\u00fccken k\u00f6nnen? Immerhin sollte das sicher tempor\u00e4r h\u00f6chste Z\u00fcrcher Geb\u00e4ude auch \u00f6kologisch Spitze sein.   <\/p>\n<p>Erste Fassung 28.8.2006<\/p>\n","protected":false},"excerpt":{"rendered":"<p>Auf dem Maag-Areal Plus wird ein Hochhaus, der &#8222;Prime Tower&#8222;, mit 126 m H\u00f6he entsprechend 36 Stockwerken mit je 1100 bis 1200 Quadratmeter Nettonutzfl\u00e4che geplant.<\/p>\n","protected":false},"author":2,"featured_media":0,"comment_status":"open","ping_status":"open","sticky":false,"template":"","format":"standard","meta":{"ngg_post_thumbnail":0,"_jetpack_newsletter_access":"","_jetpack_dont_email_post_to_subs":false,"_jetpack_newsletter_tier_id":0,"_jetpack_memberships_contains_paywalled_content":false,"_jetpack_feature_clip_id":0,"_jetpack_memberships_contains_paid_content":false,"footnotes":"","jetpack_post_was_ever_published":false},"categories":[1],"tags":[],"class_list":["post-166","post","type-post","status-publish","format-standard","hentry","category-allgemein"],"aioseo_notices":[],"aioseo_head":"\n\t\t<!-- All in One SEO 5.0.1.1 - aioseo.com -->\n\t<meta name=\"robots\" content=\"max-image-preview:large\" \/>\n\t<meta name=\"author\" content=\"Toni W. P\u00fcntener\"\/>\n\t<link rel=\"canonical\" href=\"https:\/\/www.umweltnetz.ch\/content\/prime-tower-zurich\" \/>\n\t<meta name=\"generator\" content=\"All in One SEO (AIOSEO) 5.0.1.1\" \/>\n\t\t<meta property=\"og:locale\" content=\"de_DE\" \/>\n\t\t<meta property=\"og:site_name\" content=\"umweltnetz.ch | Umwelt und Politik - ein Internet-Angebot von Toni W. P\u00fcntener\" \/>\n\t\t<meta property=\"og:type\" content=\"article\" \/>\n\t\t<meta property=\"og:title\" content=\"Prime Tower Z\u00fcrich | umweltnetz.ch\" \/>\n\t\t<meta property=\"og:url\" content=\"https:\/\/www.umweltnetz.ch\/content\/prime-tower-zurich\" \/>\n\t\t<meta property=\"article:published_time\" content=\"2006-08-28T09:32:23+00:00\" \/>\n\t\t<meta property=\"article:modified_time\" content=\"2014-10-14T07:52:49+00:00\" \/>\n\t\t<meta name=\"twitter:card\" content=\"summary\" \/>\n\t\t<meta name=\"twitter:title\" content=\"Prime Tower Z\u00fcrich | umweltnetz.ch\" \/>\n\t\t<script type=\"application\/ld+json\" class=\"aioseo-schema\">\n\t\t\t{\"@context\":\"https:\\\/\\\/schema.org\",\"@graph\":[{\"@type\":\"Article\",\"@id\":\"https:\\\/\\\/www.umweltnetz.ch\\\/content\\\/prime-tower-zurich#article\",\"name\":\"Prime Tower Z\\u00fcrich | umweltnetz.ch\",\"headline\":\"Prime Tower Z\\u00fcrich\",\"author\":{\"@id\":\"https:\\\/\\\/www.umweltnetz.ch\\\/content\\\/author\\\/twp#author\"},\"publisher\":{\"@id\":\"https:\\\/\\\/www.umweltnetz.ch\\\/content\\\/#organization\"},\"image\":{\"@type\":\"ImageObject\",\"url\":\"http:\\\/\\\/www.umweltnetz.ch\\\/baustelle\\\/ausschnitt.php\",\"@id\":\"https:\\\/\\\/www.umweltnetz.ch\\\/content\\\/prime-tower-zurich\\\/#articleImage\"},\"datePublished\":\"2006-08-28T10:32:23+02:00\",\"dateModified\":\"2014-10-14T09:52:49+02:00\",\"inLanguage\":\"de-DE\",\"commentCount\":2,\"mainEntityOfPage\":{\"@id\":\"https:\\\/\\\/www.umweltnetz.ch\\\/content\\\/prime-tower-zurich#webpage\"},\"isPartOf\":{\"@id\":\"https:\\\/\\\/www.umweltnetz.ch\\\/content\\\/prime-tower-zurich#webpage\"},\"articleSection\":\"Allgemein\"},{\"@type\":\"BreadcrumbList\",\"@id\":\"https:\\\/\\\/www.umweltnetz.ch\\\/content\\\/prime-tower-zurich#breadcrumblist\",\"itemListElement\":[{\"@type\":\"ListItem\",\"@id\":\"https:\\\/\\\/www.umweltnetz.ch\\\/content#listItem\",\"position\":1,\"name\":\"Home\",\"item\":\"https:\\\/\\\/www.umweltnetz.ch\\\/content\",\"nextItem\":{\"@type\":\"ListItem\",\"@id\":\"https:\\\/\\\/www.umweltnetz.ch\\\/content\\\/category\\\/allgemein#listItem\",\"name\":\"Allgemein\"}},{\"@type\":\"ListItem\",\"@id\":\"https:\\\/\\\/www.umweltnetz.ch\\\/content\\\/category\\\/allgemein#listItem\",\"position\":2,\"name\":\"Allgemein\",\"item\":\"https:\\\/\\\/www.umweltnetz.ch\\\/content\\\/category\\\/allgemein\",\"nextItem\":{\"@type\":\"ListItem\",\"@id\":\"https:\\\/\\\/www.umweltnetz.ch\\\/content\\\/prime-tower-zurich#listItem\",\"name\":\"Prime Tower Z\\u00fcrich\"},\"previousItem\":{\"@type\":\"ListItem\",\"@id\":\"https:\\\/\\\/www.umweltnetz.ch\\\/content#listItem\",\"name\":\"Home\"}},{\"@type\":\"ListItem\",\"@id\":\"https:\\\/\\\/www.umweltnetz.ch\\\/content\\\/prime-tower-zurich#listItem\",\"position\":3,\"name\":\"Prime Tower Z\\u00fcrich\",\"previousItem\":{\"@type\":\"ListItem\",\"@id\":\"https:\\\/\\\/www.umweltnetz.ch\\\/content\\\/category\\\/allgemein#listItem\",\"name\":\"Allgemein\"}}]},{\"@type\":\"Organization\",\"@id\":\"https:\\\/\\\/www.umweltnetz.ch\\\/content\\\/#organization\",\"name\":\"umweltnetz.ch\",\"description\":\"Umwelt und Politik - ein Internet-Angebot von Toni W. P\\u00fcntener\",\"url\":\"https:\\\/\\\/www.umweltnetz.ch\\\/content\\\/\"},{\"@type\":\"Person\",\"@id\":\"https:\\\/\\\/www.umweltnetz.ch\\\/content\\\/author\\\/twp#author\",\"url\":\"https:\\\/\\\/www.umweltnetz.ch\\\/content\\\/author\\\/twp\",\"name\":\"Toni W. P\\u00fcntener\",\"image\":{\"@type\":\"ImageObject\",\"@id\":\"https:\\\/\\\/www.umweltnetz.ch\\\/content\\\/prime-tower-zurich#authorImage\",\"url\":\"https:\\\/\\\/secure.gravatar.com\\\/avatar\\\/b4b38790bfc673702bc7f3864264936e7baf1594c44260587ec4964490a262b9?s=96&d=mm&r=g\",\"width\":96,\"height\":96,\"caption\":\"Toni W. P\\u00fcntener\"}},{\"@type\":\"WebPage\",\"@id\":\"https:\\\/\\\/www.umweltnetz.ch\\\/content\\\/prime-tower-zurich#webpage\",\"url\":\"https:\\\/\\\/www.umweltnetz.ch\\\/content\\\/prime-tower-zurich\",\"name\":\"Prime Tower Z\\u00fcrich | umweltnetz.ch\",\"inLanguage\":\"de-DE\",\"isPartOf\":{\"@id\":\"https:\\\/\\\/www.umweltnetz.ch\\\/content\\\/#website\"},\"breadcrumb\":{\"@id\":\"https:\\\/\\\/www.umweltnetz.ch\\\/content\\\/prime-tower-zurich#breadcrumblist\"},\"author\":{\"@id\":\"https:\\\/\\\/www.umweltnetz.ch\\\/content\\\/author\\\/twp#author\"},\"creator\":{\"@id\":\"https:\\\/\\\/www.umweltnetz.ch\\\/content\\\/author\\\/twp#author\"},\"datePublished\":\"2006-08-28T10:32:23+02:00\",\"dateModified\":\"2014-10-14T09:52:49+02:00\"},{\"@type\":\"WebSite\",\"@id\":\"https:\\\/\\\/www.umweltnetz.ch\\\/content\\\/#website\",\"url\":\"https:\\\/\\\/www.umweltnetz.ch\\\/content\\\/\",\"name\":\"umweltnetz.ch\",\"description\":\"Umwelt und Politik - ein Internet-Angebot von Toni W. P\\u00fcntener\",\"inLanguage\":\"de-DE\",\"publisher\":{\"@id\":\"https:\\\/\\\/www.umweltnetz.ch\\\/content\\\/#organization\"}}]}\n\t\t<\/script>\n\t\t<!-- All in One SEO -->\n\n","aioseo_head_json":{"title":"Prime Tower Z\u00fcrich | umweltnetz.ch","description":"","canonical_url":"https:\/\/www.umweltnetz.ch\/content\/prime-tower-zurich","robots":"max-image-preview:large","keywords":"","webmasterTools":{"miscellaneous":""},"schema":{"@context":"https:\/\/schema.org","@graph":[{"@type":"Article","@id":"https:\/\/www.umweltnetz.ch\/content\/prime-tower-zurich#article","name":"Prime Tower Z\u00fcrich | umweltnetz.ch","headline":"Prime Tower Z\u00fcrich","author":{"@id":"https:\/\/www.umweltnetz.ch\/content\/author\/twp#author"},"publisher":{"@id":"https:\/\/www.umweltnetz.ch\/content\/#organization"},"image":{"@type":"ImageObject","url":"http:\/\/www.umweltnetz.ch\/baustelle\/ausschnitt.php","@id":"https:\/\/www.umweltnetz.ch\/content\/prime-tower-zurich\/#articleImage"},"datePublished":"2006-08-28T10:32:23+02:00","dateModified":"2014-10-14T09:52:49+02:00","inLanguage":"de-DE","commentCount":2,"mainEntityOfPage":{"@id":"https:\/\/www.umweltnetz.ch\/content\/prime-tower-zurich#webpage"},"isPartOf":{"@id":"https:\/\/www.umweltnetz.ch\/content\/prime-tower-zurich#webpage"},"articleSection":"Allgemein"},{"@type":"BreadcrumbList","@id":"https:\/\/www.umweltnetz.ch\/content\/prime-tower-zurich#breadcrumblist","itemListElement":[{"@type":"ListItem","@id":"https:\/\/www.umweltnetz.ch\/content#listItem","position":1,"name":"Home","item":"https:\/\/www.umweltnetz.ch\/content","nextItem":{"@type":"ListItem","@id":"https:\/\/www.umweltnetz.ch\/content\/category\/allgemein#listItem","name":"Allgemein"}},{"@type":"ListItem","@id":"https:\/\/www.umweltnetz.ch\/content\/category\/allgemein#listItem","position":2,"name":"Allgemein","item":"https:\/\/www.umweltnetz.ch\/content\/category\/allgemein","nextItem":{"@type":"ListItem","@id":"https:\/\/www.umweltnetz.ch\/content\/prime-tower-zurich#listItem","name":"Prime Tower Z\u00fcrich"},"previousItem":{"@type":"ListItem","@id":"https:\/\/www.umweltnetz.ch\/content#listItem","name":"Home"}},{"@type":"ListItem","@id":"https:\/\/www.umweltnetz.ch\/content\/prime-tower-zurich#listItem","position":3,"name":"Prime Tower Z\u00fcrich","previousItem":{"@type":"ListItem","@id":"https:\/\/www.umweltnetz.ch\/content\/category\/allgemein#listItem","name":"Allgemein"}}]},{"@type":"Organization","@id":"https:\/\/www.umweltnetz.ch\/content\/#organization","name":"umweltnetz.ch","description":"Umwelt und Politik - ein Internet-Angebot von Toni W. P\u00fcntener","url":"https:\/\/www.umweltnetz.ch\/content\/"},{"@type":"Person","@id":"https:\/\/www.umweltnetz.ch\/content\/author\/twp#author","url":"https:\/\/www.umweltnetz.ch\/content\/author\/twp","name":"Toni W. P\u00fcntener","image":{"@type":"ImageObject","@id":"https:\/\/www.umweltnetz.ch\/content\/prime-tower-zurich#authorImage","url":"https:\/\/secure.gravatar.com\/avatar\/b4b38790bfc673702bc7f3864264936e7baf1594c44260587ec4964490a262b9?s=96&d=mm&r=g","width":96,"height":96,"caption":"Toni W. P\u00fcntener"}},{"@type":"WebPage","@id":"https:\/\/www.umweltnetz.ch\/content\/prime-tower-zurich#webpage","url":"https:\/\/www.umweltnetz.ch\/content\/prime-tower-zurich","name":"Prime Tower Z\u00fcrich | umweltnetz.ch","inLanguage":"de-DE","isPartOf":{"@id":"https:\/\/www.umweltnetz.ch\/content\/#website"},"breadcrumb":{"@id":"https:\/\/www.umweltnetz.ch\/content\/prime-tower-zurich#breadcrumblist"},"author":{"@id":"https:\/\/www.umweltnetz.ch\/content\/author\/twp#author"},"creator":{"@id":"https:\/\/www.umweltnetz.ch\/content\/author\/twp#author"},"datePublished":"2006-08-28T10:32:23+02:00","dateModified":"2014-10-14T09:52:49+02:00"},{"@type":"WebSite","@id":"https:\/\/www.umweltnetz.ch\/content\/#website","url":"https:\/\/www.umweltnetz.ch\/content\/","name":"umweltnetz.ch","description":"Umwelt und Politik - ein Internet-Angebot von Toni W. P\u00fcntener","inLanguage":"de-DE","publisher":{"@id":"https:\/\/www.umweltnetz.ch\/content\/#organization"}}]},"og:locale":"de_DE","og:site_name":"umweltnetz.ch | Umwelt und Politik - ein Internet-Angebot von Toni W. P\u00fcntener","og:type":"article","og:title":"Prime Tower Z\u00fcrich | umweltnetz.ch","og:url":"https:\/\/www.umweltnetz.ch\/content\/prime-tower-zurich","article:published_time":"2006-08-28T09:32:23+00:00","article:modified_time":"2014-10-14T07:52:49+00:00","twitter:card":"summary","twitter:title":"Prime Tower Z\u00fcrich | umweltnetz.ch"},"aioseo_meta_data":{"post_id":"166","title":null,"description":null,"keywords":null,"keyphrases":null,"primary_term":null,"canonical_url":null,"og_title":null,"og_description":null,"og_object_type":"default","og_image_type":"default","og_image_url":null,"og_image_width":null,"og_image_height":null,"og_image_custom_url":null,"og_image_custom_fields":null,"og_video":null,"og_custom_url":null,"og_article_section":null,"og_article_tags":null,"twitter_use_og":false,"twitter_card":"default","twitter_image_type":"default","twitter_image_url":null,"twitter_image_custom_url":null,"twitter_image_custom_fields":null,"twitter_title":null,"twitter_description":null,"schema":{"blockGraphs":[],"customGraphs":[],"default":{"data":{"Article":[],"Course":[],"Dataset":[],"FAQPage":[],"Movie":[],"Person":[],"Product":[],"ProductReview":[],"Car":[],"Recipe":[],"Service":[],"SoftwareApplication":[],"WebPage":[]},"graphName":"","isEnabled":true},"graphs":[]},"schema_type":null,"schema_type_options":null,"pillar_content":false,"robots_default":true,"robots_noindex":false,"robots_noarchive":false,"robots_nosnippet":false,"robots_nofollow":false,"robots_noimageindex":false,"robots_noodp":false,"robots_notranslate":false,"robots_max_snippet":null,"robots_max_videopreview":null,"robots_max_imagepreview":"large","priority":null,"frequency":null,"location":null,"local_seo":null,"breadcrumb_settings":null,"limit_modified_date":false,"ai":null,"created":"2020-12-21 15:15:13","updated":"2025-06-03 19:36:09","seo_analyzer_scan_date":null,"focus_keyword":null,"additional_keywords":null,"truseo_locale":null},"aioseo_breadcrumb":"<div class=\"aioseo-breadcrumbs\"><span class=\"aioseo-breadcrumb\">\n\t\t\t<a href=\"https:\/\/www.umweltnetz.ch\/content\" title=\"Home\">Home<\/a>\n\t\t<\/span><span class=\"aioseo-breadcrumb-separator\">&raquo;<\/span><span class=\"aioseo-breadcrumb\">\n\t\t\t<a href=\"https:\/\/www.umweltnetz.ch\/content\/category\/allgemein\" title=\"Allgemein\">Allgemein<\/a>\n\t\t<\/span><span class=\"aioseo-breadcrumb-separator\">&raquo;<\/span><span class=\"aioseo-breadcrumb\">\n\t\t\tPrime Tower Z\u00fcrich\n\t\t<\/span><\/div>","aioseo_breadcrumb_json":[{"label":"Home","link":"https:\/\/www.umweltnetz.ch\/content"},{"label":"Allgemein","link":"https:\/\/www.umweltnetz.ch\/content\/category\/allgemein"},{"label":"Prime Tower Z\u00fcrich","link":"https:\/\/www.umweltnetz.ch\/content\/prime-tower-zurich"}],"jetpack_sharing_enabled":true,"jetpack_featured_media_url":"","_links":{"self":[{"href":"https:\/\/www.umweltnetz.ch\/content\/wp-json\/wp\/v2\/posts\/166","targetHints":{"allow":["GET"]}}],"collection":[{"href":"https:\/\/www.umweltnetz.ch\/content\/wp-json\/wp\/v2\/posts"}],"about":[{"href":"https:\/\/www.umweltnetz.ch\/content\/wp-json\/wp\/v2\/types\/post"}],"author":[{"embeddable":true,"href":"https:\/\/www.umweltnetz.ch\/content\/wp-json\/wp\/v2\/users\/2"}],"replies":[{"embeddable":true,"href":"https:\/\/www.umweltnetz.ch\/content\/wp-json\/wp\/v2\/comments?post=166"}],"version-history":[{"count":10,"href":"https:\/\/www.umweltnetz.ch\/content\/wp-json\/wp\/v2\/posts\/166\/revisions"}],"predecessor-version":[{"id":5938,"href":"https:\/\/www.umweltnetz.ch\/content\/wp-json\/wp\/v2\/posts\/166\/revisions\/5938"}],"wp:attachment":[{"href":"https:\/\/www.umweltnetz.ch\/content\/wp-json\/wp\/v2\/media?parent=166"}],"wp:term":[{"taxonomy":"category","embeddable":true,"href":"https:\/\/www.umweltnetz.ch\/content\/wp-json\/wp\/v2\/categories?post=166"},{"taxonomy":"post_tag","embeddable":true,"href":"https:\/\/www.umweltnetz.ch\/content\/wp-json\/wp\/v2\/tags?post=166"}],"curies":[{"name":"wp","href":"https:\/\/api.w.org\/{rel}","templated":true}]}}