{"id":165,"date":"2025-11-12T13:11:24","date_gmt":"2025-11-12T12:11:24","guid":{"rendered":"http:\/\/www.umweltnetz.ch\/content\/weihnachtsbeleuchtung-bahnhofstrasse-zurich-the-worlds-largest-timepiece\/"},"modified":"2025-11-12T16:22:57","modified_gmt":"2025-11-12T15:22:57","slug":"weihnachtsbeleuchtung-bahnhofstrasse-zurich-the-worlds-largest-timepiece","status":"publish","type":"post","link":"https:\/\/www.umweltnetz.ch\/content\/weihnachtsbeleuchtung-bahnhofstrasse-zurich-the-worlds-largest-timepiece","title":{"rendered":"Weihnachtsbeleuchtung &#8211; Bahnhofstrasse Z\u00fcrich: Lucy in the Sky with Diamonds illustriert den Rebound-Effekt"},"content":{"rendered":"<p><img loading=\"lazy\" decoding=\"async\" class=\"alignnone size-medium wp-image-8650 alignleft\" src=\"https:\/\/www.umweltnetz.ch\/content\/wp-content\/uploads\/2022\/08\/lucy_2016-300x300.jpg\" alt=\"\" width=\"300\" height=\"300\" srcset=\"https:\/\/www.umweltnetz.ch\/content\/wp-content\/uploads\/2022\/08\/lucy_2016.jpg 300w, https:\/\/www.umweltnetz.ch\/content\/wp-content\/uploads\/2022\/08\/lucy_2016-150x150.jpg 150w, https:\/\/www.umweltnetz.ch\/content\/wp-content\/uploads\/2022\/08\/lucy_2016-120x120.jpg 120w\" sizes=\"auto, (max-width: 300px) 85vw, 300px\" \/>Bilder und Kommentare zur Weihnachtsbeleuchtung &#8222;Lucy in the Sky with Diamonds&#8220; in der Z\u00fcrcher Bahnhofstrasse<\/p>\n<p>&nbsp;<\/p>\n<p>&nbsp;<\/p>\n<p>&nbsp;<\/p>\n<p><!--more--><\/p>\n<p>&nbsp;<\/p>\n<p>Nachtrag 12. November 2025, Werbezitat von <a href=\"https:\/\/www.zuerich.com\/de\/informieren-planen\/jahreszeiten-und-klima\/weihnachten-in-zuerich\/weihnachtsbeleuchtung\" target=\"_blank\" rel=\"noopener\">Z\u00fcrich Tourismus<\/a>: <em>Z\u00fcrich erstrahlt in festlichem Glanz, wenn am 20. November 2025 um 18.00 Uhr die Weihnachtsbeleuchtungen zum ersten Mal eingeschaltet werden. Bis zum 5. Januar 2026 verwandeln die Lichter an der Bahnhofstrasse, am Neumarkt oder Paradeplatz die Stadt in ein funkelndes Winterwunderland, das zum Staunen einl\u00e4dt.<\/em><\/p>\n<p style=\"text-align: left;\"><img loading=\"lazy\" decoding=\"async\" class=\"alignleft size-medium wp-image-8866\" src=\"https:\/\/www.umweltnetz.ch\/content\/wp-content\/uploads\/2023\/11\/lucy_231127-169x300.jpg\" alt=\"\" width=\"169\" height=\"300\" srcset=\"https:\/\/www.umweltnetz.ch\/content\/wp-content\/uploads\/2023\/11\/lucy_231127-169x300.jpg 169w, https:\/\/www.umweltnetz.ch\/content\/wp-content\/uploads\/2023\/11\/lucy_231127.jpg 534w\" sizes=\"auto, (max-width: 169px) 85vw, 169px\" \/>Nachtrag 28. November 2023, mit einem Lucy-Bild vom 27. November 2023: Seit dem Abend des 23. Novembers 2023 sind auch in Z\u00fcrich die Weihnachtsbeleuchtungen wieder eingeschaltet (auch als Zitat von der <a href=\"https:\/\/cityvereinigung.ch\/akuelle-posts\/weihnachtsbeleuchtungen\/\" target=\"_blank\" rel=\"noopener\">Internet-Seite der \u00abCity Vereinigung Z\u00fcrich\u00bb<\/a>).<\/p>\n<p>&nbsp;<\/p>\n<p>&nbsp;<\/p>\n<p>&nbsp;<\/p>\n<p><img loading=\"lazy\" decoding=\"async\" class=\"alignleft size-medium wp-image-8865\" src=\"https:\/\/www.umweltnetz.ch\/content\/wp-content\/uploads\/2023\/11\/loewen_231127-169x300.jpg\" alt=\"\" width=\"169\" height=\"300\" srcset=\"https:\/\/www.umweltnetz.ch\/content\/wp-content\/uploads\/2023\/11\/loewen_231127-169x300.jpg 169w, https:\/\/www.umweltnetz.ch\/content\/wp-content\/uploads\/2023\/11\/loewen_231127.jpg 534w\" sizes=\"auto, (max-width: 169px) 85vw, 169px\" \/><\/p>\n<p>Und noch ein Bild (27. November 23) aus der Bahnhofstrassen-Nachbarschaft L\u00f6wenstrasse: Weihnachtsbeleuchtung im Re-Use-Stil<\/p>\n<p>&nbsp;<\/p>\n<p>&nbsp;<\/p>\n<p>&nbsp;<\/p>\n<p>&nbsp;<\/p>\n<p>&nbsp;<\/p>\n<p>Nachtrag 1. August 2022: \u00ab<em>Das traditionelle Night Shopping \u2026 bildet mit dem Einschalten der Weihnachtsbeleuchtungen in der Z\u00fcrcher Innenstadt um 18.00 Uhr jeweils den Auftakt in die Adventszeit.<\/em>\u00bb als Zitat von der Internet-Site der \u00ab<a href=\"https:\/\/www.cityvereinigung.ch\/cityvereinigung.php\" target=\"_blank\" rel=\"noopener\">City Vereinigung Z\u00fcrich<\/a>\u00bb. Somit: Night Shopping am Donnerstag, 24. November 2022, Einschalten der Weihnachtsbeleuchtungen, somit auch der Bahnhofstrassen-Lucy, am Donnerstag, 24. November 2022 um 18 Uhr.<br>Nachtrag 1. November 2022: Mit \u00abRebound\u00bb im Titel dieses Blogbeitrages wird die Nachhaltigkeit \u2013 mit den Aspekten Suffizienz, Effizienz und Konsistenz \u2013 angesprochen. Seit Sp\u00e4tsommer 2022 ist unter anderem \u00ab<a href=\"https:\/\/www.energieschweiz.ch\/programme\/nicht-verschwenden\/startseite\/\" target=\"_blank\" rel=\"noopener\">Stromsparen<\/a>\u00bb angesagt. Das gilt auch f\u00fcr die Weihnachtsbeleuchtungen, damit auch f\u00fcr Lucy. Konkret: Lucy ist t\u00e4glich weniger lange in Betrieb: am Morgen keine Lucy, am Abend fr\u00fcher fertig mit Lucy, auch an den Feiertagen. Lucy ist vom 25. November 2022 bis zum 6. Januar 2023 jeweils von 16 bis 22 Uhr in Betrieb. Dies f\u00fchrt statt wie bisher \u00fcblich zu rund 420 zu um die 260 Lucy-Betriebsstunden \u2013 linear gerechnet braucht Lucy in der Weihnachtszeit 2022\/23 also nur etwa 62 Prozent Strom \u2013 unabh\u00e4ngig von der absoluten MWh-Verbrauchsreduktion ein beachtlicher Beitrag! Ich bin \u00fcberzeugt, dass derartige Verbrauchsreduktionen auch andernorts m\u00f6glich w\u00e4ren, auch ohne Diskussionen \u00fcber Verzicht oder Verschwendung.<\/p>\n<hr>\n<p>Nachtrag 11. August 2021: \u00abLucy, die ber\u00fcmteste Weihnachtsbeleuchtung \u2013 der Sternenhimmel \u00fcber der weltber\u00fchmten Bahnhofstrasse\u00bb. Dies sind zusammenkopierte Zitate von der Internet-Site zur Bahnhofstrasse Z\u00fcrich.&nbsp; <a href=\"https:\/\/www.bahnhofstrasse-zuerich.ch\/lucy\/\" target=\"_blank\" rel=\"noopener\">Demnach findet die erstmalige Einschaltung von Lucy auch f\u00fcr die Weihnachtssaison 2021\/22 am Nightshopping-Abend Donnerstag, 25. November 2021 statt<\/a>.&nbsp; &nbsp;<\/p>\n<hr>\n<p>Nachtrag 5. November 2020: Zehn Tage nach dem ersten Einschalten von \u00abLucy in the Sky with Diamonds\u00bb werden in der Schweiz und damit auch in Z\u00fcrich die Stimmzettel der Volksabstimmung vom 29. November 2020 ausgez\u00e4hlt \u2013 <a title=\"Abstimmungsempfehlungen zur Volksabstimmung vom 29. November 2020\" href=\"https:\/\/www.umweltnetz.ch\/content\/abstimmungsempfehlungen-zur-volksabstimmung-vom-29-november-2020\" target=\"_blank\" rel=\"noopener noreferrer\">meine Abstimmungsempfehlungen<\/a> dazu.&nbsp; &nbsp;<\/p>\n<p>Nachtrag 17. Juli 2020:&nbsp; \u00abLucy in the Sky with Diamonds\u00bb schm\u00fcckt auch die Weihnachtszeit 2020. Das erste Einschalten von \u00abLucy in the Sky with Diamonds\u00bb in der Saison 2020\/21 ist f\u00fcr den Donnerstag, 19. November 2020 ab 18 Uhr vorgesehen, gem\u00e4ss wiederholtem Copy-Paste von der Internet-Site der <a href=\"https:\/\/www.cityvereinigung.ch\/cityvereinigung.php\" target=\"_blank\" rel=\"noopener noreferrer\">City Vereinigung Z\u00fcrich<\/a> mit einem <em>Night Shopping<\/em>: \u00ab<em>Dieser Event bildet \u2026 in jedem Jahr den stimmungsvollen Auftakt in die Adventszeit.<\/em>\u00bb, publiziert am 5. April 2020.<\/p>\n<hr>\n<p>Nachtrag 12. September 2019: \u00abLucy in the Sky with Diamonds\u00bb leuchtet auch von Ende November 2019 bis Anfang Januar 2020 &#8211; erstmals am Donnerstag, 21. November 2019 ab 18 Uhr, verbunden mit dem <a href=\"http:\/\/www.cityvereinigung.ch\/\" target=\"_blank\" rel=\"noopener noreferrer\">\u00abstimmungsvollen Auftakt in die Adventszeit Night Shopping\u00bb der City Vereinigung Z\u00fcrich<\/a>.<\/p>\n<hr>\n<p>Nachtrag 10. Juni 2018: \u00abLucy in the Sky with Diamonds\u00bb leuchtet auch von Ende November 2018 bis Anfang Januar 2019 &#8211; erstmals am Donnerstag, 22. November 2018 ab 18 Uhr, verbunden mit dem <a href=\"http:\/\/www.cityvereinigung.ch\/\" target=\"_blank\" rel=\"noopener noreferrer\">\u00abstimmungsvollen Highlight Night Shopping\u00bb der City Vereinigung Z\u00fcrich<\/a>.<\/p>\n<p>Nachtrag 14. August 2017: \u00abLucy in the Sky with Diamonds\u00bb leuchtet auch von Ende November 2017 bis Anfang Januar 2018 &#8211; erstmals am Donnerstag, 23. November 2017 ab 18 Uhr, verbunden mit dem \u00abstimmungsvollen\u00bb Night Shopping der <a href=\"http:\/\/www.cityvereinigung.ch\/\" target=\"_blank\" rel=\"noopener noreferrer\">City Vereinigung Z\u00fcrich<\/a>.<\/p>\n<p>Nachtrag 24. November 2016: Lucy leuchtet erstmals vor Weihnachten 2016 \u00fcber der Z\u00fcrcher Bahnhofstrasse!<\/p>\nngg_shortcode_0_placeholder\n<p>Nachtrag 25. Juli 2016: \u00abLucy in the Sky with Diamonds\u00bb leuchtet wieder \u00fcber der Bahnhofstrasse ab Donnerstag, 24. November 2016 18.00 Uhr <a href=\"http:\/\/www.cityvereinigung.ch\/\" target=\"_blank\" rel=\"noopener noreferrer\">(Quelle)<\/a>. Sie ist in Betrieb bis und mit dem 6. Januar 2017, t\u00e4glich von 06.30 bis 08.00 Uhr und von 16.00 bis 24.00 Uhr, mit Verl\u00e4ngerung bis 1:00 des Folgetages am 24.\/25.12.16\/1.1.17 und bis 3:00 des Folgetages am 31.12.2016.<\/p>\n<p>Nachtrag 29. August 2015: \u00abLucy in the Sky with Diamonds\u00bb leuchtet wieder \u00fcber der Bahnhofstrasse ab Donnerstag, 19. November 2015 18.00 Uhr <a href=\"http:\/\/www.cityvereinigung.ch\/\" target=\"_blank\" rel=\"noopener noreferrer\">(Quelle)<\/a>). Sie ist in Betrieb bis und mit dem 6. Januar 2016, t\u00e4glich von 06.30 bis 08.00 Uhr und von 16.00 bis 24.00 Uhr, mit Verl\u00e4ngerung bis 1:00 des Folgetages am 24.\/25.12.15\/1.1.16 und bis 3:00 des Folgetages am 31.12.2015.<\/p>\n<p>Nachtrag 20. November 2014: &#8222;Lucy in the Sky with Diamonds&#8220; leuchtet vor Weihnachten 2014 erstmals \u00fcber der Z\u00fcrcher Bahnhofstrasse &#8211; Bilder von einem Spaziergang vom HB zum B\u00fcrkliplatz und zur\u00fcck. Immer noch: damit Lucy wirklich wirkt, braucht es viel weniger andere Beleuchtungen.<\/p>\nngg_shortcode_1_placeholder\n<p>Nachtrag 13. Oktober 2014: &#8222;Lucy in the Sky with Diamonds&#8220; leuchtet wieder \u00fcber der Bahnhofstrasse ab Donnerstag, 20. November 2014 18.00 Uhr <a href=\"http:\/\/www.cityvereinigung.ch\/\" target=\"_blank\" rel=\"noopener noreferrer\">(Quelle)<\/a>). Sie ist in Betrieb bis und mit dem 6. Januar 2015, t\u00e4glich von 06.30 bis 08.00 Uhr und von 16.00 bis 24.00 Uhr, mit Verl\u00e4ngerung bis 1:00 des Folgetages am 24.\/25.12.14\/1.1.15 und bis 3:00 des Folgetages am 31.12.2104.<\/p>\n<p>Nachtrag 21. November 2013: Lucy in the Sky with Diamaonds seit 18 Uhr im Betrieb!<\/p>\nngg_shortcode_2_placeholder\n<p>Nachtrag 15. September 2013: &#8222;&#8220;Lucy in the Sky with Diamonds&#8220; leuchtet wieder \u00fcber der Bahnhofstrasse ab Donnerstag, 21. November 2013, 18.00 Uhr bis und mit Donnerstag, 2. Januar 2014, 24.00 Uhr (jeweils 06.30 bis 08.00 Uhr und 16.00 bis 24.00 Uhr, mit Verl\u00e4ngerung bis 1:00 des Folgetages am 24.\/25.12.13\/1.1.14 und bis 3:00 des Folgetages am 31.12.2103, <a href=\"http:\/\/www.cityvereinigung.ch\/\" target=\"_blank\" rel=\"noopener noreferrer\">Details<\/a>).<\/p>\n<p>Nachtrag 29. September 2012: &#8222;Lucy in the Sky with Diamonds&#8220; leuchtet wieder \u00fcber der Bahnhofstrasse ab Donnerstag, 22. November 2012 18.00 Uhr &#8211; ob es wohl gelungen ist, die \u00fcbrigen massiv \u00fcberdrehten Dekorationsbeleuchtungen zu reduzieren, um Lucy besser zur Geltung zu bringen? Lucy ist diese Weihnachtssaison bis und mit dem 2.1.2013 zu bewundern.<\/p>\n<p>Nachtrag 24. November 2011: Ein kurzer Spaziergang durch die Bahnhofstrasse &#8211; am ersten Abend der leicht \u00fcberarbeiteten Lucy-Beleuchtung. Nur: angesichts der nach wie vor massiv \u00fcberdrehten Dekorationsbeleuchtungen an zu vielen Geb\u00e4uden ist auch fotografisch kein Unterschied zur Situation am 25.11.2010 festzustellen. Es scheint n\u00f6tig, die Lucy-St\u00f6rer \u00f6ffentlich zu outen und diese aufzufordern, endlich Mass zu halten mit den Lichtshows.<\/p>\n<p>Nachtrag 16. M\u00e4rz 2011: noch geht es mehr als 8 Monate bis zum Wiedereinschalten der Weihnachtsbeleuchtung Lucy in the Sky with Diamonds am 24. November 2011 um 18 Uhr. Trotzdem war Lucy bereits <a href=\"http:\/\/www.tagesanzeiger.ch\/zuerich\/stadt\/Weihnachtsbeleuchtung-soll-staerker-leuchten\/story\/22596460\" target=\"_blank\" rel=\"noopener noreferrer\">Medienthema<\/a>. Auch wenn dies angesichts der aktuellen Ereignisse in Japan eigenartig daherkommt &#8211; es wird etwa mehr Licht, also mehr Stromverbrauch, gefordert (!!!) &#8211; ist vorerst festzuhalten, dass die Vereinigung Z\u00fcrcher Bahnhofstrasse die Grundschwierigkeit jeder allgemeinen Weihnachtsbeleuchtung, den massiv \u00fcberdrehten Weihnachtsstrahlern diverser Ladengesch\u00e4fte (ich habe diese Thematik bereits mehrfach angesprochen) , endlich angehen will: es sollen Gespr\u00e4che mit Ladeninhabern \u00fcber eine Reduktion der individuellen Beleuchtungen gef\u00fchrt werden. Ich rege dar\u00fcber hinaus an, dass ein Gesamtkonzept Weihnachtsbeleuchtung der Bahnhofstrasse mit hocheffizienten Leuchtmitteln realisiert wird. Dann kann n\u00e4mlich ohne Probleme auf das energetische Hochfahren von &#8222;Lucy&#8220; verzichtet werden, und insgesamt nimmt der Stromverbrauch ab! Wenn dies nicht passiert, w\u00e4ren die energieeffizienten LEDs von &#8222;Lucy&#8220; ein klassisches Beispiel f\u00fcr den Rebound-Effekt: weil eine Technik effizienter ist, wird &#8222;ohne schlechtes Gewissen&#8220; einfach mehr davon eingesetzt. Festzuhalten ist: wie die untenstehende Bildergalerie zeigt, ist eigentlich &#8222;Lucy&#8220; hell genug &#8211; es muss eindeutig die Restbeleuchtung vermindert werden.<\/p>\n<hr>\n<p>Ein Spaziergang vom Hauptbahnhof zum Paradeplatz &#8211; Donnerstag, 25.11.2010 18:15 bis 19:30<\/p>\n<p>(Anleitung: in ein Bild klicken)<\/p>\nngg_shortcode_3_placeholder\n<p>Weihnachtsbeleuchtung &#8211; Slow-Motion-Disco-Feeling &#8211; Konfetti-Schneeflocken &#8211; zu unauff\u00e4llig im Vergleich mit der viel zu hellen &#8222;Grundbeleuchtung&#8220; insbesondere durch die L\u00e4den und die Leuchtreklamen: nicht wirklich Lichterbaldachin, sicher nicht Leucht&#8220;r\u00f6hren&#8220;. Angesichts dessen, was man all\u00fcberall an Weihnachtsbeleuchtung sieht: solide, kitschig, mehr oder weniger stimmungsvoll, wirkt vor allem dann, wenn nach dem &#8222;Knie&#8220; nach der Haltestelle Rennweg (vom Hauptbahnhof aus gedacht) ein langer Abschnitt &#8222;in die Tiefe&#8220; wahrgenommen werden kann. Eine Prognose: Lucy wird kaum so lange wie der Baldachin \u00fcber der weihn\u00e4chtlichen Bahnhofstrasse h\u00e4ngen, sicher aber l\u00e4nger als &#8222;<a href=\"http:\/\/www.umweltnetz.ch\/content\/weihnachtsbeleuchtung-\u2013-bahnhofstrasse-zurich-die-erinnerung-an-the-world\u2019s-largest-timepiece\" target=\"_blank\" rel=\"noopener noreferrer\">The World&#8217;s Largest Timepiece<\/a>&#8222;.<\/p>\n<hr>\n<p>Seit der Vorweihnachtszeit 2005 bis nach Weihnachten 2009 leuchtete in der Z\u00fcrcher Bahnhofstrasse &#8222;<a href=\"http:\/\/www.umweltnetz.ch\/content\/weihnachtsbeleuchtung-\u2013-bahnhofstrasse-zurich-die-erinnerung-an-the-world\u2019s-largest-timepiece\" target=\"_blank\" rel=\"noopener noreferrer\">The World&#8217;s Largest Timepiece<\/a>&#8222;. Neu ab 25. November 2010: &#8222;Lucy in the Sky with Diamonds&#8220; (<a href=\"http:\/\/www.stadt-zuerich.ch\/ewz\/de\/index\/ewz\/medien\/2010\/allgemein\/weihnachtsbeleutung_2010.html\" target=\"_blank\" rel=\"noopener noreferrer\">die ewz-Medienmitteilung vom 24.11.2010 zur Einschaltung der Weihnachtsbeleuchtung (und zur Ausschaltung: letzter Einschalttag 2.1.2011)<\/a>).<\/p>\n<hr>\n<p>Testbild 22. November 2010 23:26 Uhr &#8211; auf dem Weg zur n\u00e4chsten \u00d6V-Haltestelle zuf\u00e4llig entdeckt!<\/p>\n<p><img decoding=\"async\" src=\"http:\/\/www.umweltnetz.ch\/images\/test101122.jpg\"><\/p>\n<p>Erster Eindruck: eine Nachbildung des alten Lichterbaldachins mit neuer Technik &#8211; so kitschig wie eine kitschige Weihnachtsbeleuchtung sein kann. Allerdings bleibt das Problem der \u00fcberm\u00e4ssigen (Weihnachts-)Beleuchtung der Schaufenster &#8211; viel zu viel Licht, und auch Lucy kommt deshalb nicht wirklich zur Geltung.<\/p>\n<hr>\n<p>Nachdem f\u00fcr die Weihnachtsbeleuchtung &#8222;Lucy&#8220; f\u00fcr die Z\u00fcrcher Bahnhofstrasse bereits seit l\u00e4ngerem Installationsarbeiten im Gange sind, hat sich die <a href=\"http:\/\/www.nzz.ch\/nachrichten\/zuerich\/zuercher_weihnachtsbeleuchtung_wird_zum_ladenhueter_1.8043416.html\" target=\"_blank\" rel=\"noopener noreferrer\">Vereinigung Z\u00fcrcher Bahnhofstrasse im Detail<\/a> ge\u00e4ussert. Demnach soll Lucy am Donnerstag-Abend, 25. November 2010 erstmals leuchten &#8211; als echte kitschige, verkaufsf\u00f6rdernde Weihnachtsbeleuchtung. Und &#8222;The World&#8217;s Largest Timepiece&#8220; ist immer noch zu haben!<\/p>\n<p>Und so sieht derzeit Lucy am Paradeplatz aus:<br><img decoding=\"async\" src=\"http:\/\/www.umweltnetz.ch\/images\/twp_lucy_20101018.jpg\"><\/p>\n<p>Erste Fassung 18. Oktober 2010 (als Folge eines umweltnetz.ch-Beitrages zu &#8222;<a href=\"http:\/\/www.umweltnetz.ch\/content\/weihnachtsbeleuchtung-\u2013-bahnhofstrasse-zurich-die-erinnerung-an-the-world\u2019s-largest-timepiece\" target=\"_blank\" rel=\"noopener noreferrer\">The World&#8217;s Largest Timepiece<\/a>&#8220; vom November 2005)<\/p>\n<hr>\n<p><strong><em>Geschichte Weihnachtsbeleuchtung Bahnhofstrasse Z\u00fcrich<\/em><\/strong><\/p>\n<p><strong>Lucy in the Sky with Diamonds ab 2010<\/strong>: 11&#8217;500 Kristallprismen mit 150&#8217;000 Leuchtdioden (Ch. Keller Design, Daniele Marques, Adrian Schiess und Artemide S.p.A.)<\/p>\n<p><strong>&#8222;<a href=\"http:\/\/www.umweltnetz.ch\/content\/weihnachtsbeleuchtung-\u2013-bahnhofstrasse-zurich-die-erinnerung-an-the-world\u2019s-largest-timepiece\" target=\"_blank\" rel=\"noopener noreferrer\">The World&#8217;s Largest Timepiece<\/a>&#8222;<\/strong>: 275 Leuchtstangen mit insgesamt rund 240&#8217;000 LED-Lichtpunkten, an 11 km Stahlseilen (Gramazio &amp; Kohler)<\/p>\n<p><strong>Lichterbaldachin 1971 bis 2004<\/strong>: 20&#8217;000 Gl\u00fchl\u00e4mpchen<\/p>\n<hr>\n\n\n<p>&nbsp;<\/p>\n<p>&nbsp;<\/p>\n\n\n\n\n","protected":false},"excerpt":{"rendered":"<p>Bilder und Kommentare zur Weihnachtsbeleuchtung &#8222;Lucy in the Sky with Diamonds&#8220; in der Z\u00fcrcher Bahnhofstrasse &nbsp; &nbsp; &nbsp;<\/p>\n","protected":false},"author":2,"featured_media":0,"comment_status":"open","ping_status":"open","sticky":false,"template":"","format":"standard","meta":{"ngg_post_thumbnail":0,"_jetpack_memberships_contains_paid_content":false,"footnotes":""},"categories":[1],"tags":[2277,2272,1569,1375,2273,2274,2275,2408,2276,2336,643,2304,246,641,670,776,41,640,642,244],"class_list":["post-165","post","type-post","status-publish","format-standard","hentry","category-allgemein","tag-19-november-2015","tag-19-november-2020","tag-20-november-2014","tag-21-november-2013","tag-21-november-2019","tag-22-november-2018","tag-23-november-2017","tag-23-november-2023","tag-24-november-2016","tag-24-november-2022","tag-25-november-2010","tag-25-november-2021","tag-bahnhofstrasse","tag-lucy","tag-lucy-in-the-sky-with-diamonds","tag-rebound","tag-stadt-zuerich","tag-the-worlds-largest-timepiece","tag-vereinigung-zurcher-bahnhofstrasse","tag-weihnachtsbeleuchtung"],"aioseo_notices":[],"jetpack_featured_media_url":"","jetpack_sharing_enabled":true,"_links":{"self":[{"href":"https:\/\/www.umweltnetz.ch\/content\/wp-json\/wp\/v2\/posts\/165","targetHints":{"allow":["GET"]}}],"collection":[{"href":"https:\/\/www.umweltnetz.ch\/content\/wp-json\/wp\/v2\/posts"}],"about":[{"href":"https:\/\/www.umweltnetz.ch\/content\/wp-json\/wp\/v2\/types\/post"}],"author":[{"embeddable":true,"href":"https:\/\/www.umweltnetz.ch\/content\/wp-json\/wp\/v2\/users\/2"}],"replies":[{"embeddable":true,"href":"https:\/\/www.umweltnetz.ch\/content\/wp-json\/wp\/v2\/comments?post=165"}],"version-history":[{"count":68,"href":"https:\/\/www.umweltnetz.ch\/content\/wp-json\/wp\/v2\/posts\/165\/revisions"}],"predecessor-version":[{"id":9290,"href":"https:\/\/www.umweltnetz.ch\/content\/wp-json\/wp\/v2\/posts\/165\/revisions\/9290"}],"wp:attachment":[{"href":"https:\/\/www.umweltnetz.ch\/content\/wp-json\/wp\/v2\/media?parent=165"}],"wp:term":[{"taxonomy":"category","embeddable":true,"href":"https:\/\/www.umweltnetz.ch\/content\/wp-json\/wp\/v2\/categories?post=165"},{"taxonomy":"post_tag","embeddable":true,"href":"https:\/\/www.umweltnetz.ch\/content\/wp-json\/wp\/v2\/tags?post=165"}],"curies":[{"name":"wp","href":"https:\/\/api.w.org\/{rel}","templated":true}]}}