{"id":1632,"date":"2010-01-11T20:57:43","date_gmt":"2010-01-11T19:57:43","guid":{"rendered":"http:\/\/www.umweltnetz.ch\/content\/?p=1632"},"modified":"2010-01-11T21:00:33","modified_gmt":"2010-01-11T20:00:33","slug":"velorealitaten","status":"publish","type":"post","link":"https:\/\/www.umweltnetz.ch\/content\/velorealitaten","title":{"rendered":"Velorealit\u00e4ten"},"content":{"rendered":"<p>Einverstanden, Schneer\u00e4umung ist ein schwieriges Gesch\u00e4ft. Am Montag, 11. Januar 2010 habe ich &#8211; unterwegs mit dem Velo vom Friesenberg ins Zentrum der Stadt Z\u00fcrich und zur\u00fcck &#8211; allerdings den Eindruck gewonnen, dass die Schneer\u00e4umerInnen vom Dienst offenbar die Vorstellung haben, dass Velofahrende bei solchen Strassenverh\u00e4ltnissen so oder so zu Hause bleiben.<!--more--><\/p>\n<p>Anders kann ich mir nicht erkl\u00e4ren, warum alles, aber auch wirklich alles auf den Strassen schwarzger\u00e4umt war, bis eben auf die eigentlich f\u00fcr die Velofahrenden bestimmten Fl\u00e4chen! Und manchmal lag der wegger\u00e4umte Schnee geradezu absichtlich auf den Veloverkehrsfl\u00e4chen! <\/p>\n<p>Zwei Bilder illustrieren dies:<\/p>\n<p><img decoding=\"async\" src=\"http:\/\/www.umweltnetz.ch\/images\/schneevelo10_02.jpg\"><\/p>\n<ul>\n<li>Das erste Bild zwischen Ende der A3 im Werdh\u00f6lzli und dem Beginn der Zurlindenstrasse. In der Fortsetzung f\u00fchrt der Velostreifen nach &#8230; links, wie es die Spuren andeuten.<\/li>\n<\/ul>\n<p> Das zweite <\/p>\n<p><img decoding=\"async\" src=\"http:\/\/www.umweltnetz.ch\/images\/schneevelo10_01.jpg\"><\/p>\n<ul>\n<li>Das zweite Bild vom Steinplatz zeigt einen schneebedeckten Velostreifen, w\u00e4hrend auf der (Auto-)Fahrspur links bereits erste trockene Stellen zu sehen sind&#8230;<\/li>\n<\/ul>\n<hr \/>\n<p>P.S. In D\u00e4nemark werden Velostreifen mit bestem Erfolg mit rotierenden B\u00fcrsten vom Schnee befreit.<br \/>\nP.S. Mangelhafte Schneereinigung verlagert das Problem: wenn die verbleibenden Schneereste gefrieren, verschlimmert sich die Situation drastisch.   <\/p>\n","protected":false},"excerpt":{"rendered":"<p>Einverstanden, Schneer\u00e4umung ist ein schwieriges Gesch\u00e4ft. Am Montag, 11. Januar 2010 habe ich &#8211; unterwegs mit dem Velo vom Friesenberg ins Zentrum der Stadt Z\u00fcrich und zur\u00fcck &#8211; allerdings den Eindruck gewonnen, dass die Schneer\u00e4umerInnen vom Dienst offenbar die Vorstellung haben, dass Velofahrende bei solchen Strassenverh\u00e4ltnissen so oder so zu Hause bleiben.<\/p>\n","protected":false},"author":2,"featured_media":0,"comment_status":"open","ping_status":"open","sticky":false,"template":"","format":"standard","meta":{"ngg_post_thumbnail":0,"_jetpack_memberships_contains_paid_content":false,"footnotes":""},"categories":[5,3],"tags":[471,245,375,84,472],"class_list":["post-1632","post","type-post","status-publish","format-standard","hentry","category-politik","category-politik-kanton-zurich","tag-schnee","tag-stadt-zurich","tag-velo","tag-verkehrspolitik","tag-winter"],"aioseo_notices":[],"jetpack_featured_media_url":"","jetpack_sharing_enabled":true,"_links":{"self":[{"href":"https:\/\/www.umweltnetz.ch\/content\/wp-json\/wp\/v2\/posts\/1632","targetHints":{"allow":["GET"]}}],"collection":[{"href":"https:\/\/www.umweltnetz.ch\/content\/wp-json\/wp\/v2\/posts"}],"about":[{"href":"https:\/\/www.umweltnetz.ch\/content\/wp-json\/wp\/v2\/types\/post"}],"author":[{"embeddable":true,"href":"https:\/\/www.umweltnetz.ch\/content\/wp-json\/wp\/v2\/users\/2"}],"replies":[{"embeddable":true,"href":"https:\/\/www.umweltnetz.ch\/content\/wp-json\/wp\/v2\/comments?post=1632"}],"version-history":[{"count":2,"href":"https:\/\/www.umweltnetz.ch\/content\/wp-json\/wp\/v2\/posts\/1632\/revisions"}],"predecessor-version":[{"id":1634,"href":"https:\/\/www.umweltnetz.ch\/content\/wp-json\/wp\/v2\/posts\/1632\/revisions\/1634"}],"wp:attachment":[{"href":"https:\/\/www.umweltnetz.ch\/content\/wp-json\/wp\/v2\/media?parent=1632"}],"wp:term":[{"taxonomy":"category","embeddable":true,"href":"https:\/\/www.umweltnetz.ch\/content\/wp-json\/wp\/v2\/categories?post=1632"},{"taxonomy":"post_tag","embeddable":true,"href":"https:\/\/www.umweltnetz.ch\/content\/wp-json\/wp\/v2\/tags?post=1632"}],"curies":[{"name":"wp","href":"https:\/\/api.w.org\/{rel}","templated":true}]}}