{"id":158,"date":"2007-12-03T20:10:48","date_gmt":"2007-12-03T19:10:48","guid":{"rendered":"http:\/\/www.umweltnetz.ch\/content\/der-zurcher-regierungsrat-verabschiedet-sich-definitiv-aus-der-energiepolitik\/"},"modified":"2012-12-30T14:48:59","modified_gmt":"2012-12-30T13:48:59","slug":"der-zurcher-regierungsrat-verabschiedet-sich-definitiv-aus-der-energiepolitik","status":"publish","type":"post","link":"https:\/\/www.umweltnetz.ch\/content\/der-zurcher-regierungsrat-verabschiedet-sich-definitiv-aus-der-energiepolitik","title":{"rendered":"Der Z\u00fcrcher Regierungsrat verabschiedet sich definitiv aus der Energiepolitik"},"content":{"rendered":"<p>Mit mindestens einem Jahr Versp\u00e4tung hat der Z\u00fcrcher Regierungsrat am 3. Dezember 2007 den <strong><a href=\"http:\/\/www.sk.zh.ch\/internet\/sk\/de\/mm\/mm2007q2q4\/energieplanu.html\" target=\"_blank\">Energieplanungsbericht 2006<\/a><\/strong> ver\u00f6ffentlicht. Wenn man diesen Bericht liest, gibt es nur eine Schlussfolgerung: der Z\u00fcrcher Regierungsrat hat sich aus der Energiepolitik verabschiedet, bastelt an einen symbolischen Ver\u00e4nderungen im Energiebereich. Stattdessen wird in erster Linie eine klassische Aktion\u00e4rsstrategie gegen\u00fcber EKZ und NOK\/AXPO verfolgt.<\/p>\n<p><!--more--><\/p>\n<p>Die Medien illustrieren dies treffend. Als Schlagzeile im Internet-TA vom 3.12.07 ist zu lesen: <strong>Z\u00fcrcher Regierung f\u00fcr neue AKW.<\/strong><\/p>\n<p>Neue Atomkraftwerke leisten keinen Beitrag gegen den menschgemachten Klimawandel. Dies haben beispielsweise die <a href=\"http:\/\/www.bmu.de\/uebrige-seiten\/ministererklaerung\/\" target=\"_blank\">Umweltminister<\/a> \u00d6sterreichs, Deutschlands, Irlands, Italiens, Lettlands und Norwegens, mit Unterst\u00fctzung Luxemburgs und Islands, am 1. Oktober 2007 festgehalten: <strong>Atomkraft stellt keine sinnvolle Option f\u00fcr die Bek\u00e4mpfung des Klimawandels dar.<\/strong><\/p>\n<p>Neue Atomkraftwerke sind nicht nachhaltig. Bei Uran handelt es um eine endliche Ressource &#8211; mit einer gesch\u00e4tzten Reichweite von weniger als 70 Jahren! Auch dazu meinen die Umweltminister: <strong>Atomkraft ist nicht mit dem Konzept der nachhaltigen Entwicklung vereinbar.<\/strong><\/p>\n<p>Der Regierungsrat bleibt angesichts dieser schwergewichtigen Voten von 8 Umweltminstern aus europ\u00e4ischen L\u00e4ndern eine plausible Antwort f\u00fcr das Festhalten an der Kernenergie schuldig &#8211; diese unsinnige Energieform ist weder aus klimaschutz- noch aus ressourcen-politischen Gr\u00fcnden zweckm\u00e4ssig.<\/p>\n<p>Der Z\u00fcrcher Regierungsrat  beschw\u00f6rt eine Stroml\u00fccke herbei. W\u00e4hrend die AXPO ab 2013 bei Spitzen- und Regelenergie und ab 2018 bei Bandenergie eine L\u00fccke prognostiziert, sieht der Z\u00fcrcher Regierungsrat eine solche L\u00fccke erst an 2020 &#8211; obwohl ja eigentlich die AXPO den Strom f\u00fcr 2\/3 des Kantons Z\u00fcrich liefert. Die Stroml\u00fccke ist definitiv eine Denkl\u00fccke. Sowohl der Regierungsrat wie die AXPO vergessen, dass es sich hier um einen Markt handelt, wo also die Gesetze von Angebot und Nachfrage gelten. Ist zu wenig Strom vorhanden, steigen die Preise, ist zu viel Strom vorhanden, sinken die Preise. Eine Stroml\u00fccke ist also ein reines Angstmacher-Konstrukt.<\/p>\n<p>Bevor eine offensive und wirksame Stromefizienz-Politik beschlossen ist &#8211; zum Beispiel mit ernsthaften Aktionspl\u00e4nen des Bundes in diesem Bereich &#8211; macht es volkswirtschaftlich schlicht keinen Sinn, \u00fcber neue Grosskraftwerke nur schon zu debattieren &#8211; mit Energieeffizienz k\u00f6nnte der gesamte Stromverbrauch halbiert werden, unter Einbezug des zus\u00e4tzlichen Strombedarfs zum Beispiel f\u00fcrW\u00e4rmepumpenanwendungen. Wenn der Verband Schweizerischer Elektrizit\u00e4tswerke eine geradezu destruktive Haltung zu den Aktionspl\u00e4nen des Bundes einnimmt, wird nur eines zum Ausdruck gebracht: eine Branche setzt hier offenbar alles daran, echte Fortschritte bei der Energie-Effizienz zu verhindern!<\/p>\n<p>Neue Grosskraftwerke machen nur Sinn, wenn der Stromverbrauch erheblich zunehmen sollte. Wer also wie die Z\u00fcrcher Regierung auf neue Atomkraftwerke setzt, erwartet eine wesentliche Steigerung des Stromverbrauchs &#8211; und das ist in erster Linie im Interesse der Aktion\u00e4rInnen von EKZ und NOK\/AXPO. Interessant zu wissen: der Kanton Z\u00fcrich besitzt die EKZ zu 100 % und ist auch an der NOK\/AXPO mit etwa 38 % beteiligt &#8211; und dies ohne ernsthafte demokratische Kontrolle, wie sie etwa f\u00fcr das Elektrizit\u00e4twerk der Stadt Z\u00fcrich besteht.<\/p>\n<p>Auf der Internet-Seite des EKZ ist es deutlich zu lesen: 79.01% des von der EKZ gelieferten Stroms stammen 2006 aus Kernenergie &#8211; die AXPO verkauft den erneuerbaren Wasserkraftstrom lieber auf dem europ\u00e4ischen Strommarkt  statt in ihrem Gesch\u00e4ftsumfeld! (Nachtrag: die &#8222;historischen&#8220; EKZ-Angaben sind nicht mehr verf\u00fcgbar, im <a href=\"http:\/\/www.ekz.ch\/content\/ekz\/de\/ueberuns\/portrait\/vorgaben\/stromkennzeichnung.html\" target=\"_blank\">Jahr 2010 macht der AKW-Anteil 66.88%<\/a> aus).<\/p>\n<p>Nur: hier macht die EKZ wahrscheinlich die Rechnung ohne ihre KundInnen! Eine Studie aus der Ostschweiz wird in der <a href=\"http:\/\/www.nzz.ch\/nachrichten\/schweiz\/aktuell\/kunden_wuenschen_erneuerbare_energien_1.567143.html\" target=\"_blank\">NZZ vom 10. Oktober 2007<\/a> kommentiert und mit dem Untertitel <em>Kernenergie wenig beliebt<\/em> versehen &#8211; und dabei das Fazit gezogen: <em>W\u00e4re der Kunde im Strommarkt K\u00f6nig, geh\u00f6rte die Zukunft den erneuerbaren Energien<\/em>. Dies weist darauf hin, dass im Strombereich die klassische Aktion\u00e4rspolitik eine hoch riskante Sache ist: KundInnen wollen Strom aus erneuerbaren Energien und keinen Atomstrom!<\/p>\n<p><strong>Es ist zu bef\u00fcrchten, dass der Z\u00fcrcher Regierungsrat es einmal mehr verpasst, im Energiebereich eine zukunftsgerichtete Strategie zu verfolgen.<\/strong><\/p>\n<p>\n","protected":false},"excerpt":{"rendered":"<p>Mit mindestens einem Jahr Versp\u00e4tung hat der Z\u00fcrcher Regierungsrat am 3. Dezember 2007 den Energieplanungsbericht 2006 ver\u00f6ffentlicht. Wenn man diesen Bericht liest, gibt es nur eine Schlussfolgerung: der Z\u00fcrcher Regierungsrat hat sich aus der Energiepolitik verabschiedet, bastelt an einen symbolischen Ver\u00e4nderungen im Energiebereich. Stattdessen wird in erster Linie eine klassische Aktion\u00e4rsstrategie gegen\u00fcber EKZ und NOK\/AXPO &hellip; <a href=\"https:\/\/www.umweltnetz.ch\/content\/der-zurcher-regierungsrat-verabschiedet-sich-definitiv-aus-der-energiepolitik\" class=\"more-link\"><span class=\"screen-reader-text\">\u201eDer Z\u00fcrcher Regierungsrat verabschiedet sich definitiv aus der Energiepolitik\u201c <\/span>weiterlesen<\/a><\/p>\n","protected":false},"author":2,"featured_media":0,"comment_status":"open","ping_status":"open","sticky":false,"template":"","format":"standard","meta":{"ngg_post_thumbnail":0,"_jetpack_newsletter_access":"","_jetpack_dont_email_post_to_subs":false,"_jetpack_newsletter_tier_id":0,"_jetpack_memberships_contains_paywalled_content":false,"_jetpack_feature_clip_id":0,"_jetpack_memberships_contains_paid_content":false,"footnotes":"","jetpack_post_was_ever_published":false},"categories":[4,3],"tags":[40,39,1232,37,8],"class_list":["post-158","post","type-post","status-publish","format-standard","hentry","category-energie-und-klimaschutz","category-politik-kanton-zurich","tag-atomenergie","tag-ekz","tag-energieplanungsbericht-2006","tag-energiepolitik","tag-kanton-zurich"],"aioseo_notices":[],"aioseo_head":"\n\t\t<!-- All in One SEO 5.0.1.1 - aioseo.com -->\n\t<meta name=\"robots\" content=\"max-image-preview:large\" \/>\n\t<meta name=\"author\" content=\"Toni W. P\u00fcntener\"\/>\n\t<link rel=\"canonical\" href=\"https:\/\/www.umweltnetz.ch\/content\/der-zurcher-regierungsrat-verabschiedet-sich-definitiv-aus-der-energiepolitik\" \/>\n\t<meta name=\"generator\" content=\"All in One SEO (AIOSEO) 5.0.1.1\" \/>\n\t\t<meta property=\"og:locale\" content=\"de_DE\" \/>\n\t\t<meta property=\"og:site_name\" content=\"umweltnetz.ch | Umwelt und Politik - ein Internet-Angebot von Toni W. P\u00fcntener\" \/>\n\t\t<meta property=\"og:type\" content=\"article\" \/>\n\t\t<meta property=\"og:title\" content=\"Der Z\u00fcrcher Regierungsrat verabschiedet sich definitiv aus der Energiepolitik | umweltnetz.ch\" \/>\n\t\t<meta property=\"og:url\" content=\"https:\/\/www.umweltnetz.ch\/content\/der-zurcher-regierungsrat-verabschiedet-sich-definitiv-aus-der-energiepolitik\" \/>\n\t\t<meta property=\"article:published_time\" content=\"2007-12-03T19:10:48+00:00\" \/>\n\t\t<meta property=\"article:modified_time\" content=\"2012-12-30T13:48:59+00:00\" \/>\n\t\t<meta name=\"twitter:card\" content=\"summary\" \/>\n\t\t<meta name=\"twitter:title\" content=\"Der Z\u00fcrcher Regierungsrat verabschiedet sich definitiv aus der Energiepolitik | umweltnetz.ch\" \/>\n\t\t<script type=\"application\/ld+json\" class=\"aioseo-schema\">\n\t\t\t{\"@context\":\"https:\\\/\\\/schema.org\",\"@graph\":[{\"@type\":\"Article\",\"@id\":\"https:\\\/\\\/www.umweltnetz.ch\\\/content\\\/der-zurcher-regierungsrat-verabschiedet-sich-definitiv-aus-der-energiepolitik#article\",\"name\":\"Der Z\\u00fcrcher Regierungsrat verabschiedet sich definitiv aus der Energiepolitik | umweltnetz.ch\",\"headline\":\"Der Z\\u00fcrcher Regierungsrat verabschiedet sich definitiv aus der Energiepolitik\",\"author\":{\"@id\":\"https:\\\/\\\/www.umweltnetz.ch\\\/content\\\/author\\\/twp#author\"},\"publisher\":{\"@id\":\"https:\\\/\\\/www.umweltnetz.ch\\\/content\\\/#organization\"},\"datePublished\":\"2007-12-03T20:10:48+01:00\",\"dateModified\":\"2012-12-30T14:48:59+01:00\",\"inLanguage\":\"de-DE\",\"mainEntityOfPage\":{\"@id\":\"https:\\\/\\\/www.umweltnetz.ch\\\/content\\\/der-zurcher-regierungsrat-verabschiedet-sich-definitiv-aus-der-energiepolitik#webpage\"},\"isPartOf\":{\"@id\":\"https:\\\/\\\/www.umweltnetz.ch\\\/content\\\/der-zurcher-regierungsrat-verabschiedet-sich-definitiv-aus-der-energiepolitik#webpage\"},\"articleSection\":\"Energie und Klimaschutz, Politik Kanton Z\\u00fcrich, Atomenergie, EKZ, Energieplanungsbericht 2006, Energiepolitik, Kanton Z\\u00fcrich\"},{\"@type\":\"BreadcrumbList\",\"@id\":\"https:\\\/\\\/www.umweltnetz.ch\\\/content\\\/der-zurcher-regierungsrat-verabschiedet-sich-definitiv-aus-der-energiepolitik#breadcrumblist\",\"itemListElement\":[{\"@type\":\"ListItem\",\"@id\":\"https:\\\/\\\/www.umweltnetz.ch\\\/content#listItem\",\"position\":1,\"name\":\"Home\",\"item\":\"https:\\\/\\\/www.umweltnetz.ch\\\/content\",\"nextItem\":{\"@type\":\"ListItem\",\"@id\":\"https:\\\/\\\/www.umweltnetz.ch\\\/content\\\/category\\\/politik-kanton-zurich#listItem\",\"name\":\"Politik Kanton Z\\u00fcrich\"}},{\"@type\":\"ListItem\",\"@id\":\"https:\\\/\\\/www.umweltnetz.ch\\\/content\\\/category\\\/politik-kanton-zurich#listItem\",\"position\":2,\"name\":\"Politik Kanton Z\\u00fcrich\",\"item\":\"https:\\\/\\\/www.umweltnetz.ch\\\/content\\\/category\\\/politik-kanton-zurich\",\"nextItem\":{\"@type\":\"ListItem\",\"@id\":\"https:\\\/\\\/www.umweltnetz.ch\\\/content\\\/der-zurcher-regierungsrat-verabschiedet-sich-definitiv-aus-der-energiepolitik#listItem\",\"name\":\"Der Z\\u00fcrcher Regierungsrat verabschiedet sich definitiv aus der Energiepolitik\"},\"previousItem\":{\"@type\":\"ListItem\",\"@id\":\"https:\\\/\\\/www.umweltnetz.ch\\\/content#listItem\",\"name\":\"Home\"}},{\"@type\":\"ListItem\",\"@id\":\"https:\\\/\\\/www.umweltnetz.ch\\\/content\\\/der-zurcher-regierungsrat-verabschiedet-sich-definitiv-aus-der-energiepolitik#listItem\",\"position\":3,\"name\":\"Der Z\\u00fcrcher Regierungsrat verabschiedet sich definitiv aus der Energiepolitik\",\"previousItem\":{\"@type\":\"ListItem\",\"@id\":\"https:\\\/\\\/www.umweltnetz.ch\\\/content\\\/category\\\/politik-kanton-zurich#listItem\",\"name\":\"Politik Kanton Z\\u00fcrich\"}}]},{\"@type\":\"Organization\",\"@id\":\"https:\\\/\\\/www.umweltnetz.ch\\\/content\\\/#organization\",\"name\":\"umweltnetz.ch\",\"description\":\"Umwelt und Politik - ein Internet-Angebot von Toni W. P\\u00fcntener\",\"url\":\"https:\\\/\\\/www.umweltnetz.ch\\\/content\\\/\"},{\"@type\":\"Person\",\"@id\":\"https:\\\/\\\/www.umweltnetz.ch\\\/content\\\/author\\\/twp#author\",\"url\":\"https:\\\/\\\/www.umweltnetz.ch\\\/content\\\/author\\\/twp\",\"name\":\"Toni W. P\\u00fcntener\",\"image\":{\"@type\":\"ImageObject\",\"@id\":\"https:\\\/\\\/www.umweltnetz.ch\\\/content\\\/der-zurcher-regierungsrat-verabschiedet-sich-definitiv-aus-der-energiepolitik#authorImage\",\"url\":\"https:\\\/\\\/secure.gravatar.com\\\/avatar\\\/b4b38790bfc673702bc7f3864264936e7baf1594c44260587ec4964490a262b9?s=96&d=mm&r=g\",\"width\":96,\"height\":96,\"caption\":\"Toni W. P\\u00fcntener\"}},{\"@type\":\"WebPage\",\"@id\":\"https:\\\/\\\/www.umweltnetz.ch\\\/content\\\/der-zurcher-regierungsrat-verabschiedet-sich-definitiv-aus-der-energiepolitik#webpage\",\"url\":\"https:\\\/\\\/www.umweltnetz.ch\\\/content\\\/der-zurcher-regierungsrat-verabschiedet-sich-definitiv-aus-der-energiepolitik\",\"name\":\"Der Z\\u00fcrcher Regierungsrat verabschiedet sich definitiv aus der Energiepolitik | umweltnetz.ch\",\"inLanguage\":\"de-DE\",\"isPartOf\":{\"@id\":\"https:\\\/\\\/www.umweltnetz.ch\\\/content\\\/#website\"},\"breadcrumb\":{\"@id\":\"https:\\\/\\\/www.umweltnetz.ch\\\/content\\\/der-zurcher-regierungsrat-verabschiedet-sich-definitiv-aus-der-energiepolitik#breadcrumblist\"},\"author\":{\"@id\":\"https:\\\/\\\/www.umweltnetz.ch\\\/content\\\/author\\\/twp#author\"},\"creator\":{\"@id\":\"https:\\\/\\\/www.umweltnetz.ch\\\/content\\\/author\\\/twp#author\"},\"datePublished\":\"2007-12-03T20:10:48+01:00\",\"dateModified\":\"2012-12-30T14:48:59+01:00\"},{\"@type\":\"WebSite\",\"@id\":\"https:\\\/\\\/www.umweltnetz.ch\\\/content\\\/#website\",\"url\":\"https:\\\/\\\/www.umweltnetz.ch\\\/content\\\/\",\"name\":\"umweltnetz.ch\",\"description\":\"Umwelt und Politik - ein Internet-Angebot von Toni W. P\\u00fcntener\",\"inLanguage\":\"de-DE\",\"publisher\":{\"@id\":\"https:\\\/\\\/www.umweltnetz.ch\\\/content\\\/#organization\"}}]}\n\t\t<\/script>\n\t\t<!-- All in One SEO -->\n\n","aioseo_head_json":{"title":"Der Z\u00fcrcher Regierungsrat verabschiedet sich definitiv aus der Energiepolitik | umweltnetz.ch","description":"","canonical_url":"https:\/\/www.umweltnetz.ch\/content\/der-zurcher-regierungsrat-verabschiedet-sich-definitiv-aus-der-energiepolitik","robots":"max-image-preview:large","keywords":"","webmasterTools":{"miscellaneous":""},"schema":{"@context":"https:\/\/schema.org","@graph":[{"@type":"Article","@id":"https:\/\/www.umweltnetz.ch\/content\/der-zurcher-regierungsrat-verabschiedet-sich-definitiv-aus-der-energiepolitik#article","name":"Der Z\u00fcrcher Regierungsrat verabschiedet sich definitiv aus der Energiepolitik | umweltnetz.ch","headline":"Der Z\u00fcrcher Regierungsrat verabschiedet sich definitiv aus der Energiepolitik","author":{"@id":"https:\/\/www.umweltnetz.ch\/content\/author\/twp#author"},"publisher":{"@id":"https:\/\/www.umweltnetz.ch\/content\/#organization"},"datePublished":"2007-12-03T20:10:48+01:00","dateModified":"2012-12-30T14:48:59+01:00","inLanguage":"de-DE","mainEntityOfPage":{"@id":"https:\/\/www.umweltnetz.ch\/content\/der-zurcher-regierungsrat-verabschiedet-sich-definitiv-aus-der-energiepolitik#webpage"},"isPartOf":{"@id":"https:\/\/www.umweltnetz.ch\/content\/der-zurcher-regierungsrat-verabschiedet-sich-definitiv-aus-der-energiepolitik#webpage"},"articleSection":"Energie und Klimaschutz, Politik Kanton Z\u00fcrich, Atomenergie, EKZ, Energieplanungsbericht 2006, Energiepolitik, Kanton Z\u00fcrich"},{"@type":"BreadcrumbList","@id":"https:\/\/www.umweltnetz.ch\/content\/der-zurcher-regierungsrat-verabschiedet-sich-definitiv-aus-der-energiepolitik#breadcrumblist","itemListElement":[{"@type":"ListItem","@id":"https:\/\/www.umweltnetz.ch\/content#listItem","position":1,"name":"Home","item":"https:\/\/www.umweltnetz.ch\/content","nextItem":{"@type":"ListItem","@id":"https:\/\/www.umweltnetz.ch\/content\/category\/politik-kanton-zurich#listItem","name":"Politik Kanton Z\u00fcrich"}},{"@type":"ListItem","@id":"https:\/\/www.umweltnetz.ch\/content\/category\/politik-kanton-zurich#listItem","position":2,"name":"Politik Kanton Z\u00fcrich","item":"https:\/\/www.umweltnetz.ch\/content\/category\/politik-kanton-zurich","nextItem":{"@type":"ListItem","@id":"https:\/\/www.umweltnetz.ch\/content\/der-zurcher-regierungsrat-verabschiedet-sich-definitiv-aus-der-energiepolitik#listItem","name":"Der Z\u00fcrcher Regierungsrat verabschiedet sich definitiv aus der Energiepolitik"},"previousItem":{"@type":"ListItem","@id":"https:\/\/www.umweltnetz.ch\/content#listItem","name":"Home"}},{"@type":"ListItem","@id":"https:\/\/www.umweltnetz.ch\/content\/der-zurcher-regierungsrat-verabschiedet-sich-definitiv-aus-der-energiepolitik#listItem","position":3,"name":"Der Z\u00fcrcher Regierungsrat verabschiedet sich definitiv aus der Energiepolitik","previousItem":{"@type":"ListItem","@id":"https:\/\/www.umweltnetz.ch\/content\/category\/politik-kanton-zurich#listItem","name":"Politik Kanton Z\u00fcrich"}}]},{"@type":"Organization","@id":"https:\/\/www.umweltnetz.ch\/content\/#organization","name":"umweltnetz.ch","description":"Umwelt und Politik - ein Internet-Angebot von Toni W. P\u00fcntener","url":"https:\/\/www.umweltnetz.ch\/content\/"},{"@type":"Person","@id":"https:\/\/www.umweltnetz.ch\/content\/author\/twp#author","url":"https:\/\/www.umweltnetz.ch\/content\/author\/twp","name":"Toni W. P\u00fcntener","image":{"@type":"ImageObject","@id":"https:\/\/www.umweltnetz.ch\/content\/der-zurcher-regierungsrat-verabschiedet-sich-definitiv-aus-der-energiepolitik#authorImage","url":"https:\/\/secure.gravatar.com\/avatar\/b4b38790bfc673702bc7f3864264936e7baf1594c44260587ec4964490a262b9?s=96&d=mm&r=g","width":96,"height":96,"caption":"Toni W. P\u00fcntener"}},{"@type":"WebPage","@id":"https:\/\/www.umweltnetz.ch\/content\/der-zurcher-regierungsrat-verabschiedet-sich-definitiv-aus-der-energiepolitik#webpage","url":"https:\/\/www.umweltnetz.ch\/content\/der-zurcher-regierungsrat-verabschiedet-sich-definitiv-aus-der-energiepolitik","name":"Der Z\u00fcrcher Regierungsrat verabschiedet sich definitiv aus der Energiepolitik | umweltnetz.ch","inLanguage":"de-DE","isPartOf":{"@id":"https:\/\/www.umweltnetz.ch\/content\/#website"},"breadcrumb":{"@id":"https:\/\/www.umweltnetz.ch\/content\/der-zurcher-regierungsrat-verabschiedet-sich-definitiv-aus-der-energiepolitik#breadcrumblist"},"author":{"@id":"https:\/\/www.umweltnetz.ch\/content\/author\/twp#author"},"creator":{"@id":"https:\/\/www.umweltnetz.ch\/content\/author\/twp#author"},"datePublished":"2007-12-03T20:10:48+01:00","dateModified":"2012-12-30T14:48:59+01:00"},{"@type":"WebSite","@id":"https:\/\/www.umweltnetz.ch\/content\/#website","url":"https:\/\/www.umweltnetz.ch\/content\/","name":"umweltnetz.ch","description":"Umwelt und Politik - ein Internet-Angebot von Toni W. P\u00fcntener","inLanguage":"de-DE","publisher":{"@id":"https:\/\/www.umweltnetz.ch\/content\/#organization"}}]},"og:locale":"de_DE","og:site_name":"umweltnetz.ch | Umwelt und Politik - ein Internet-Angebot von Toni W. P\u00fcntener","og:type":"article","og:title":"Der Z\u00fcrcher Regierungsrat verabschiedet sich definitiv aus der Energiepolitik | umweltnetz.ch","og:url":"https:\/\/www.umweltnetz.ch\/content\/der-zurcher-regierungsrat-verabschiedet-sich-definitiv-aus-der-energiepolitik","article:published_time":"2007-12-03T19:10:48+00:00","article:modified_time":"2012-12-30T13:48:59+00:00","twitter:card":"summary","twitter:title":"Der Z\u00fcrcher Regierungsrat verabschiedet sich definitiv aus der Energiepolitik | umweltnetz.ch"},"aioseo_meta_data":{"post_id":"158","title":null,"description":null,"keywords":null,"keyphrases":null,"primary_term":null,"canonical_url":null,"og_title":null,"og_description":null,"og_object_type":"default","og_image_type":"default","og_image_url":null,"og_image_width":null,"og_image_height":null,"og_image_custom_url":null,"og_image_custom_fields":null,"og_video":null,"og_custom_url":null,"og_article_section":null,"og_article_tags":null,"twitter_use_og":false,"twitter_card":"default","twitter_image_type":"default","twitter_image_url":null,"twitter_image_custom_url":null,"twitter_image_custom_fields":null,"twitter_title":null,"twitter_description":null,"schema":{"blockGraphs":[],"customGraphs":[],"default":{"data":{"Article":[],"Course":[],"Dataset":[],"FAQPage":[],"Movie":[],"Person":[],"Product":[],"ProductReview":[],"Car":[],"Recipe":[],"Service":[],"SoftwareApplication":[],"WebPage":[]},"graphName":"","isEnabled":true},"graphs":[]},"schema_type":null,"schema_type_options":null,"pillar_content":false,"robots_default":true,"robots_noindex":false,"robots_noarchive":false,"robots_nosnippet":false,"robots_nofollow":false,"robots_noimageindex":false,"robots_noodp":false,"robots_notranslate":false,"robots_max_snippet":null,"robots_max_videopreview":null,"robots_max_imagepreview":"large","priority":null,"frequency":null,"location":null,"local_seo":null,"breadcrumb_settings":null,"limit_modified_date":false,"ai":null,"created":"2020-12-21 15:15:14","updated":"2025-06-03 19:39:06","seo_analyzer_scan_date":null,"focus_keyword":null,"additional_keywords":null,"truseo_locale":null},"aioseo_breadcrumb":"<div class=\"aioseo-breadcrumbs\"><span class=\"aioseo-breadcrumb\">\n\t\t\t<a href=\"https:\/\/www.umweltnetz.ch\/content\" title=\"Home\">Home<\/a>\n\t\t<\/span><span class=\"aioseo-breadcrumb-separator\">&raquo;<\/span><span class=\"aioseo-breadcrumb\">\n\t\t\t<a href=\"https:\/\/www.umweltnetz.ch\/content\/category\/politik-kanton-zurich\" title=\"Politik Kanton Z\u00fcrich\">Politik Kanton Z\u00fcrich<\/a>\n\t\t<\/span><span class=\"aioseo-breadcrumb-separator\">&raquo;<\/span><span class=\"aioseo-breadcrumb\">\n\t\t\tDer Z\u00fcrcher Regierungsrat verabschiedet sich definitiv aus der Energiepolitik\n\t\t<\/span><\/div>","aioseo_breadcrumb_json":[{"label":"Home","link":"https:\/\/www.umweltnetz.ch\/content"},{"label":"Politik Kanton Z\u00fcrich","link":"https:\/\/www.umweltnetz.ch\/content\/category\/politik-kanton-zurich"},{"label":"Der Z\u00fcrcher Regierungsrat verabschiedet sich definitiv aus der Energiepolitik","link":"https:\/\/www.umweltnetz.ch\/content\/der-zurcher-regierungsrat-verabschiedet-sich-definitiv-aus-der-energiepolitik"}],"jetpack_sharing_enabled":true,"jetpack_featured_media_url":"","_links":{"self":[{"href":"https:\/\/www.umweltnetz.ch\/content\/wp-json\/wp\/v2\/posts\/158","targetHints":{"allow":["GET"]}}],"collection":[{"href":"https:\/\/www.umweltnetz.ch\/content\/wp-json\/wp\/v2\/posts"}],"about":[{"href":"https:\/\/www.umweltnetz.ch\/content\/wp-json\/wp\/v2\/types\/post"}],"author":[{"embeddable":true,"href":"https:\/\/www.umweltnetz.ch\/content\/wp-json\/wp\/v2\/users\/2"}],"replies":[{"embeddable":true,"href":"https:\/\/www.umweltnetz.ch\/content\/wp-json\/wp\/v2\/comments?post=158"}],"version-history":[{"count":6,"href":"https:\/\/www.umweltnetz.ch\/content\/wp-json\/wp\/v2\/posts\/158\/revisions"}],"predecessor-version":[{"id":4554,"href":"https:\/\/www.umweltnetz.ch\/content\/wp-json\/wp\/v2\/posts\/158\/revisions\/4554"}],"wp:attachment":[{"href":"https:\/\/www.umweltnetz.ch\/content\/wp-json\/wp\/v2\/media?parent=158"}],"wp:term":[{"taxonomy":"category","embeddable":true,"href":"https:\/\/www.umweltnetz.ch\/content\/wp-json\/wp\/v2\/categories?post=158"},{"taxonomy":"post_tag","embeddable":true,"href":"https:\/\/www.umweltnetz.ch\/content\/wp-json\/wp\/v2\/tags?post=158"}],"curies":[{"name":"wp","href":"https:\/\/api.w.org\/{rel}","templated":true}]}}