{"id":1471,"date":"2009-11-29T16:07:42","date_gmt":"2009-11-29T15:07:42","guid":{"rendered":"http:\/\/www.umweltnetz.ch\/content\/?p=1471"},"modified":"2012-12-27T17:32:26","modified_gmt":"2012-12-27T16:32:26","slug":"dringend-ein-kanton-zurich-stadt","status":"publish","type":"post","link":"https:\/\/www.umweltnetz.ch\/content\/dringend-ein-kanton-zurich-stadt","title":{"rendered":"Dringend: ein Kanton Z\u00fcrich Stadt!"},"content":{"rendered":"<p>Nach dem Abstimmungssonntag vom 29. November 2009 bleibt nur eines: es braucht endlich einen Kanton Z\u00fcrich Stadt! Der dumpfe braune SVP-Sumpf findet in den St\u00e4dten n\u00e4mlich keine Mehrheit! Weder beim Angriff auf die verfassungsm\u00e4ssig garantierte Religionsfreiheit noch bei der antidemokratischen Wahl eines neuen kantonal-z\u00fcrcher SVP-Regierungsrates machen die Stadtz\u00fcrcherinnen und Stadtz\u00fcrcher mit. Stadtluft macht bekanntlich frei, dies muss endlich auch in der Politik klar werden.<!--more--><\/p>\n<p>Es gilt vorerst festzuhalten: unabh\u00e4ngig vom Abstmmungsergebnis ist die braune Anti-Minarett-Initiative schlicht nicht zul\u00e4ssig. Diese Abstimmung muss von Amtes wegen aufgehoben werden. Wenn diese Bestimmung in die Verfassung aufgenommen wird, ist dies ein R\u00fcckfall ins Mittelalter, in die Zeit der Religionskriege. Jetzt muss der Bundesrat Verantwortung \u00fcbernehmen, nachdem er diese offensichtlich unzul\u00e4ssige Initiative in verantwortungsloser Art und Weise zur Abstimmung gebracht hat. Und einmal mehr: die SVP ist eine staatsgef\u00e4hrdende Partei und muss sofort verboten werden. Einmal mehr haben sich hier einige tumbe Milliard\u00e4re einen Abstimmungserfolg gekauft &#8211; es braucht dringend ein Gesetz \u00fcber die Offenlegung der Parteifinanzen. Dazu passt auch, dass die SchweizerInnen weiterhin mit den Kriegsgreueln andernorts einen Teil ihres Geldes verdienen wollen &#8211; und dies ausgerechnet im Herkunftsland eines Henri Dunant, und erst noch am <a href=\"http:\/\/www.umweltnetz.ch\/advent\/adkal.php\" target=\"_blank\">1. Adventssonntag<\/a>! <\/p>\n<p>Nur in Bananenrepubliken ist sonst m\u00f6glich, was das <a href=\"http:\/\/www.umweltnetz.ch\/content\/dilemma-einervakanz-im-zurcher-regierungsrat\" target=\"_blank\">absurde Wahlverfahren<\/a> im Kanton Z\u00fcrich m\u00f6glich macht: mit 53 % der Stimmen 71.5 % der Sitze im Regierungsrat! Staatspolitisch bedenklich ist dar\u00fcber hinaus, dass der sehr knapp gew\u00e4hlte Regierungsrat Ernst Stocker &#8211; voraussichtlich Volkswirtschaftsdirektor &#8211; vom wichtigsten Wirtschaftsstandort der Schweiz, n\u00e4mlich der Stadt Z\u00fcrich, nicht gew\u00e4hlt wurde! Ein Regierungsrat des Kantons Z\u00fcrich, welcher gegen die Stadt Z\u00fcrich regiert, ist schlicht untragbar. Es wird sehr rasch erforderlich sein, dass sich die St\u00e4dterinnen und St\u00e4dter gegen diesen ignoranten Kanton zu wehren beginnen, beispielsweise mit einem Steuerstreik.<\/p>\n<p>Erfreulich dagegen, dass die Stimmberechtigten der Stadt Z\u00fcrich bei ihrer zukunftsgerichteten Haltung bleiben: gegen SVP und FDP haben sie realisiert, dass Parkpl\u00e4tze nicht viel mit Lebensqualit\u00e4t und Wohlergehen zu tun haben &#8211; hoffentlich auch ein deutliches Zeichen f\u00fcr <a href=\"http:\/\/www.umweltnetz.ch\/content\/viel-zu-viele-parkplatze-in-der-stadt-zurich\" target=\"_blank\">klimaschweinelnden Parkplatz-Z\u00e4hlrahmen-Fetischisten von der IG Pelikan<\/a>. Und gegen 80 % der Stimmberechtigten haben verstanden, dass der Weg zur 2000-Watt-Gesellschaft auch mutige Schritte erforderlich macht: es braucht Risikokapital f\u00fcr eine Tiefenbohrung in den unbekannten Untergrund von Z\u00fcrich, um die Chancen und Risiken der <a href=\"http:\/\/www.stadt-zuerich.ch\/content\/ewz\/de\/index\/ewz\/strategie_politik\/geothermie.html\" target=\"_blank\">Geothermie<\/a> erkunden zu k\u00f6nnen.<\/p>\n<p>Fazit: eine r\u00fcckw\u00e4rtsgewandte Mehrheit sowohl der SchweizerInnen als auch der Z\u00fcrcherInnen steht einer zukunftsorientierten Mehrheit von Stadtz\u00fcrcherInnen gegen\u00fcber. Da gibt es nur eines: es braucht endlich einen eigenst\u00e4ndigen Kanton Z\u00fcrich Stadt. Im \u00fcbrigen: Der Kanton Z\u00fcrich Stadt w\u00e4re aktuell der siebtgr\u00f6sste Schweizer Kanton!    <\/p>\n<hr \/>\n<p>Dass Prognosen und Ergebnis so weit auseinanderliegen, ist entweder ein Beweis daf\u00fcr, dass die Ja-Stimmenden wissen, dass ihr Abstimmungsverhalten politisch inkorrekt ist &#8211; dem anonymen Abstimmungszettel vertraut man dies an, nicht aber der sympathischen Befragungsstimme am Telefon. Oder die Mehrheit der Stimmenden hat die Abstimmungsfrage falsch verstanden &#8211; m\u00f6glicherweise wollte die Mehrheit der Stimmenden eigentlich  JA sagen zu den Minaretten &#8211; was aber als Ja zur Anti-Minarett-Initiative gez\u00e4hlt wurde&#8230;  <\/p>\n","protected":false},"excerpt":{"rendered":"<p>Nach dem Abstimmungssonntag vom 29. November 2009 bleibt nur eines: es braucht endlich einen Kanton Z\u00fcrich Stadt! Der dumpfe braune SVP-Sumpf findet in den St\u00e4dten n\u00e4mlich keine Mehrheit! Weder beim Angriff auf die verfassungsm\u00e4ssig garantierte Religionsfreiheit noch bei der antidemokratischen Wahl eines neuen kantonal-z\u00fcrcher SVP-Regierungsrates machen die Stadtz\u00fcrcherinnen und Stadtz\u00fcrcher mit. Stadtluft macht bekanntlich frei, &hellip; <a href=\"https:\/\/www.umweltnetz.ch\/content\/dringend-ein-kanton-zurich-stadt\" class=\"more-link\"><span class=\"screen-reader-text\">\u201eDringend: ein Kanton Z\u00fcrich Stadt!\u201c <\/span>weiterlesen<\/a><\/p>\n","protected":false},"author":2,"featured_media":0,"comment_status":"open","ping_status":"open","sticky":false,"template":"","format":"standard","meta":{"ngg_post_thumbnail":0,"_jetpack_memberships_contains_paid_content":false,"footnotes":""},"categories":[1,5],"tags":[461,459,460,120],"class_list":["post-1471","post","type-post","status-publish","format-standard","hentry","category-allgemein","category-politik","tag-abstimmungsergebnis-29-november-2009","tag-kanton-stadt-zurich","tag-kanton-zurich-stadt","tag-kommentar"],"aioseo_notices":[],"jetpack_featured_media_url":"","jetpack_sharing_enabled":true,"_links":{"self":[{"href":"https:\/\/www.umweltnetz.ch\/content\/wp-json\/wp\/v2\/posts\/1471","targetHints":{"allow":["GET"]}}],"collection":[{"href":"https:\/\/www.umweltnetz.ch\/content\/wp-json\/wp\/v2\/posts"}],"about":[{"href":"https:\/\/www.umweltnetz.ch\/content\/wp-json\/wp\/v2\/types\/post"}],"author":[{"embeddable":true,"href":"https:\/\/www.umweltnetz.ch\/content\/wp-json\/wp\/v2\/users\/2"}],"replies":[{"embeddable":true,"href":"https:\/\/www.umweltnetz.ch\/content\/wp-json\/wp\/v2\/comments?post=1471"}],"version-history":[{"count":7,"href":"https:\/\/www.umweltnetz.ch\/content\/wp-json\/wp\/v2\/posts\/1471\/revisions"}],"predecessor-version":[{"id":1474,"href":"https:\/\/www.umweltnetz.ch\/content\/wp-json\/wp\/v2\/posts\/1471\/revisions\/1474"}],"wp:attachment":[{"href":"https:\/\/www.umweltnetz.ch\/content\/wp-json\/wp\/v2\/media?parent=1471"}],"wp:term":[{"taxonomy":"category","embeddable":true,"href":"https:\/\/www.umweltnetz.ch\/content\/wp-json\/wp\/v2\/categories?post=1471"},{"taxonomy":"post_tag","embeddable":true,"href":"https:\/\/www.umweltnetz.ch\/content\/wp-json\/wp\/v2\/tags?post=1471"}],"curies":[{"name":"wp","href":"https:\/\/api.w.org\/{rel}","templated":true}]}}