{"id":1098,"date":"2009-10-13T20:47:20","date_gmt":"2009-10-13T19:47:20","guid":{"rendered":"http:\/\/www.umweltnetz.ch\/content\/?p=1098"},"modified":"2009-10-13T20:51:00","modified_gmt":"2009-10-13T19:51:00","slug":"rente_1959","status":"publish","type":"post","link":"https:\/\/www.umweltnetz.ch\/content\/rente_1959","title":{"rendered":"1959"},"content":{"rendered":"<p>Der sogenannte Think Tank avenir suisse hat sich schon mehrfach dadurch ausgezeichnet, dass er die falschen Antworten auf die falschen Fragen gibt. Genauso ist es auch mit der neuesten Studie, welche eine <a href=\"http:\/\/www.tagesanzeiger.ch\/schweiz\/standard\/Ab-Jahrgang-1959-zwei-Jahre-mehr-arbeiten\/story\/26811809\" target=\"_blank\">gleitende Steigerung des Rentenalters<\/a> vorschl\u00e4gt. Einerseits ist die Zahl der Besch\u00e4ftigten so oder so bereits \u00fcberreichlich &#8211; siehe die steigenden Anteile von Erwerbslosen, andererseits ist die Finanzierung des &#8222;Lebensabend&#8220; \u00fcber Erwerbsarbeit eine Sackgasse.<!--more--><\/p>\n<p>Die Frage ist also nicht, nicht Avenir Suisse behauptet, &#8222;wie finanziert die Schweiz die Altersrenten&#8220;, und die Antwort darauf heisst auch nicht &#8222;durch eine Verl\u00e4ngerung der Erwerbsarbeitszeit&#8220; &#8211; die korrekte Frage lautet: &#8222;wie sichert die Schweiz nachhaltig die Existenz der BewohnerInnen&#8220;, und die Antwort nach der Finanzierung heisst eher &#8222;durch eine Vielzahl von Finanzierungsquellen, m\u00f6glichst unabh\u00e4ngig von Erwerbsarbeit&#8220;.  <\/p>\n<p>Anstelle einer Steigerung des Rentenalters ist das <a href=\"http:\/\/www.umweltnetz.ch\/content\/dringend-bedingungsloses-grundeinkommen-fur-alle\" target=\"_blank\">bedingungslose Grundeinkommen f\u00fcr alle<\/a> dringend einzuf\u00fchren &#8211; die Existenzsicherung darf nicht von der Erwerbsarbeit abh\u00e4ngen. Einmal darum, weil viele Arbeit in der Gesellschaft geleistet wird, die nicht als Erwerb gilt. Dann aber auch, weil das aktuelle System der Erwerbsarbeit gekoppelt mit dem (nachweislich untauglichen) &#8222;<a href=\"http:\/\/www.umweltnetz.ch\/content\/zynisches-bip\" target=\"_blank\">Wohlfahrtsindikator BIP<\/a>&#8220; v\u00f6llig falsche Signale setzt &#8211; gef\u00f6rdert wird dadurch eine Verschwendungskultur, welche zulasten anderer Weltgegenden und zuk\u00fcnftiger Generationen geht. Zudem ist die heutige Arbeitsweise nicht menschenvertr\u00e4glich, Stichworte wie Burn out, Selbstt\u00f6tungen im Zusammenhang mit der Erwerbsarbeit oder die <a href=\"http:\/\/www.tagesanzeiger.ch\/schweiz\/standard\/Arbeitsprogramme-der-Sozialhilfe-bringen-nichts\/story\/17606368\" target=\"_blank\">Nicht-Integrierbarkeit von Sozialhilfebez\u00fcgerInnen in die Erwerbsarbeitswelt<\/a>.<\/p>\n<p>Wie hoch soll dieses bedingungslose Grundeinkommen f\u00fcr alle sein? Dies ist in einer gesellschaftlich breiten Diskussion zu kl\u00e4ren &#8211; es geht dabei allerdings nicht um einen Franken- oder Euro-Betrag, sondern um die &#8222;Dienstleistungen&#8220;, die damit abgedeckt werden k\u00f6nnen, z.B. Dach \u00fcber dem Kopf, Essen, Kleidung, Betreuung, Gesundheit, Aus- und Weiterbildung, Erholung, &#8230; Oder anders: was ist erforderlich an bedingungslosen Garantien, damit das Leben lebenswert ist? Dabei geht es sowohl um qualitative wie auch um quantitative Aspekte.         <\/p>\n<p>Wie soll dieses bedingungslose Grundeinkommen finanziert werden? Gewisse strukturelle Ver\u00e4nderungen sind sicher erforderlich &#8211; macht es beispielsweise Sinn, dass Private oder Unternehmen mit dem Anbieten von Wohnraum hohe Gewinne erwirtschaften k\u00f6nnen? Oder ist es allenfalls angezeigt, die Wohnungsbewirtschaftung systematisch durch gemeinn\u00fctzige Wohnbaugenossenschaften vorzunehmen? Eine stark lenkende Energieabgabe auf alle Energien mit vollst\u00e4ndiger Verwendung des Ertrags f\u00fcr die Finanzierung des ben\u00f6tigten Geldanteils des Grundeinkommens ist ein m\u00f6gliche Quelle, ebenso kann die Tobin Tax auf Devisentransaktionen f\u00fcr das Grundeinkommen Verwendung finden. <\/p>\n<p>Objektiverweise braucht die Einf\u00fchrung des bedingungslosen Grundeinkommens f\u00fcr alle vornehmlich Ver\u00e4nderungen in den K\u00f6pfen der Menschen &#8211; der Wandel von der (egoistisch gepr\u00e4gten) Orientierung auf ein m\u00f6glichst hohes Erwerbseinkommen hin zur solidarischen Gew\u00e4hrleistungen der Existenz jedes einzelnen Menschen stellt den Uebergang in ein v\u00f6llig neues Weltbild dar.<\/p>\n<p>P.S. Dass die avenir suisse-Studie ausgerechnet meinen Jahrgang <img decoding=\"async\" src=\"http:\/\/www.umweltnetz.ch\/images\/1959.jpg\"> <\/p>\n<p>als ersten mit dem erh\u00f6hten Rentenalter 67 bezeichnet, ist f\u00fcr mich keine Motivation f\u00fcr diesen Text &#8211; bereits aus dem Jahr 2004 gibts von mir einen Text zu <a href=\"http:\/\/www.umweltnetz.ch\/content\/wirtschaftswachstum-nein-suffizienz-ist-angesagt\" target=\"_blank\">Erwerb, Konsum und Existenz<\/a>. Und der <a href=\"http:\/\/www.umweltnetz.ch\/content\/tag\/bedingungsloses-grundeinkommen-fur-alle\" target=\"_blank\">Tag <em>Bedingungsloses Grundeinkommen f\u00fcr alle<\/em><\/a> geh\u00f6rt zu den gr\u00f6ssten der Seite www.umweltnetz.ch<\/p>\n","protected":false},"excerpt":{"rendered":"<p>Der sogenannte Think Tank avenir suisse hat sich schon mehrfach dadurch ausgezeichnet, dass er die falschen Antworten auf die falschen Fragen gibt. Genauso ist es auch mit der neuesten Studie, welche eine gleitende Steigerung des Rentenalters vorschl\u00e4gt. Einerseits ist die Zahl der Besch\u00e4ftigten so oder so bereits \u00fcberreichlich &#8211; siehe die steigenden Anteile von Erwerbslosen, &hellip; <a href=\"https:\/\/www.umweltnetz.ch\/content\/rente_1959\" class=\"more-link\"><span class=\"screen-reader-text\">\u201e1959\u201c <\/span>weiterlesen<\/a><\/p>\n","protected":false},"author":2,"featured_media":0,"comment_status":"open","ping_status":"open","sticky":false,"template":"","format":"standard","meta":{"ngg_post_thumbnail":0,"_jetpack_memberships_contains_paid_content":false,"footnotes":""},"categories":[1,5],"tags":[418,229,419],"class_list":["post-1098","post","type-post","status-publish","format-standard","hentry","category-allgemein","category-politik","tag-altersvorsorge","tag-bedingungsloses-grundeinkommen-fur-alle","tag-rentenalter"],"aioseo_notices":[],"jetpack_featured_media_url":"","jetpack_sharing_enabled":true,"_links":{"self":[{"href":"https:\/\/www.umweltnetz.ch\/content\/wp-json\/wp\/v2\/posts\/1098","targetHints":{"allow":["GET"]}}],"collection":[{"href":"https:\/\/www.umweltnetz.ch\/content\/wp-json\/wp\/v2\/posts"}],"about":[{"href":"https:\/\/www.umweltnetz.ch\/content\/wp-json\/wp\/v2\/types\/post"}],"author":[{"embeddable":true,"href":"https:\/\/www.umweltnetz.ch\/content\/wp-json\/wp\/v2\/users\/2"}],"replies":[{"embeddable":true,"href":"https:\/\/www.umweltnetz.ch\/content\/wp-json\/wp\/v2\/comments?post=1098"}],"version-history":[{"count":3,"href":"https:\/\/www.umweltnetz.ch\/content\/wp-json\/wp\/v2\/posts\/1098\/revisions"}],"predecessor-version":[{"id":1101,"href":"https:\/\/www.umweltnetz.ch\/content\/wp-json\/wp\/v2\/posts\/1098\/revisions\/1101"}],"wp:attachment":[{"href":"https:\/\/www.umweltnetz.ch\/content\/wp-json\/wp\/v2\/media?parent=1098"}],"wp:term":[{"taxonomy":"category","embeddable":true,"href":"https:\/\/www.umweltnetz.ch\/content\/wp-json\/wp\/v2\/categories?post=1098"},{"taxonomy":"post_tag","embeddable":true,"href":"https:\/\/www.umweltnetz.ch\/content\/wp-json\/wp\/v2\/tags?post=1098"}],"curies":[{"name":"wp","href":"https:\/\/api.w.org\/{rel}","templated":true}]}}