{"id":102,"date":"2000-05-27T22:48:33","date_gmt":"2000-05-27T21:48:33","guid":{"rendered":"http:\/\/www.umweltnetz.ch\/content\/sie-wollen-nicht-wissen-was-sie-tun\/"},"modified":"2012-12-27T22:12:08","modified_gmt":"2012-12-27T21:12:08","slug":"sie-wollen-nicht-wissen-was-sie-tun","status":"publish","type":"post","link":"https:\/\/www.umweltnetz.ch\/content\/sie-wollen-nicht-wissen-was-sie-tun","title":{"rendered":"Sie wollen nicht wissen, was sie tun"},"content":{"rendered":"<p>Diese Aussage machte die Z&uuml;rcher Regierungsr&auml;tin Verena Diener in einem Tages-Anzeiger-Interview zur Gesundheitpolitik am 30. Dezember 1999.<\/p>\n<p> <!--more--><\/p>\n<p>&#8222;Sie wollen nicht wissen, was sie tun&#8220; ist das wenigste, was die aktuelle Mehrheits-Verkehrspolitik charakterisiert. Der motorisierte Individualverkehr, auch MIV (sprich Mief) genannt, ist anerkanntermassen ein Problem: zu l&auml;rmig, zu stinkig, zu gef&auml;hrlich, verbraucht zu viel Platz und so weiter und so fort. Seit mehr als 50 Jahren werden nach wie vor Strassen gebaut &#8211; und die Mehrheit wundert sich, wenn die Probleme noch gr&ouml;sser werden: es stinkt noch mehr, es wird noch viel lauter, es wird noch gef&auml;hrlicher, es wird noch mehr Platz gebraucht und so weiter und so fort. Da wurden Umfahrungsstrassen gebaut, intensiv genutzt, doch der Verkehr ist wieder in den Gemeinden zur\u00fcck &#8211; jetzt wird einfach der Ruf nach einer Umfahrung der Umfahrung laut. Dabei wissen es alle: Autofahren ist zusammen mit Fliegen die d&uuml;mmste aller m&ouml;glichen Mobilit&auml;tsformen, und eigentlich braucht es dringlich und raschestm&ouml;glich viel weniger Verkehr, nicht nur auf der Strasse. Und wer Strassen baut, muss sich nicht wundern, wenn es noch mehr Verkehr gibt.<\/p>\n<p>Es muss endlich wieder gelingen, jene Menschen, die nicht unterwegs sind, in den Mittelpunkt zu stellen  (nicht unterwegs ist jeweils der gr\u00f6sste Teil der Menschen, nur ein kleiner Teil ist gerade unterwegs (selbst in einem Stau mit 10 Kilometer L\u00e4nge sitzen nicht viel mehr als tausend Menschen, und dies alles freiwillig und absichtlich)). Wir brauchen wieder St\u00e4dte, Quartiere, Gemeinden und Weiler, die haupts&auml;chlich f&uuml;r das Wohnen und Arbeiten genutzt werden und nicht zum Durchfahren!<\/p>\n<p>siehe dazu auch die Berichterstattung im Tages-Anzeiger und in der NZZ vom 23. Mai 2000 &uuml;ber eine der vielen Strassenverkehrsdebatten im Z&uuml;rcher Kantonsrat (z.B. die Voten der gr&uuml;nen Kantonsr&auml;tin Gabi Petri). <\/p>\n<p>1. Fassung 15.1.2000<\/p>\n<p>\n","protected":false},"excerpt":{"rendered":"<p>Diese Aussage machte die Z&uuml;rcher Regierungsr&auml;tin Verena Diener in einem Tages-Anzeiger-Interview zur Gesundheitpolitik am 30. Dezember 1999.<\/p>\n","protected":false},"author":2,"featured_media":0,"comment_status":"open","ping_status":"open","sticky":false,"template":"","format":"standard","meta":{"ngg_post_thumbnail":0,"_jetpack_memberships_contains_paid_content":false,"footnotes":""},"categories":[4],"tags":[],"class_list":["post-102","post","type-post","status-publish","format-standard","hentry","category-energie-und-klimaschutz"],"aioseo_notices":[],"jetpack_featured_media_url":"","jetpack_sharing_enabled":true,"_links":{"self":[{"href":"https:\/\/www.umweltnetz.ch\/content\/wp-json\/wp\/v2\/posts\/102","targetHints":{"allow":["GET"]}}],"collection":[{"href":"https:\/\/www.umweltnetz.ch\/content\/wp-json\/wp\/v2\/posts"}],"about":[{"href":"https:\/\/www.umweltnetz.ch\/content\/wp-json\/wp\/v2\/types\/post"}],"author":[{"embeddable":true,"href":"https:\/\/www.umweltnetz.ch\/content\/wp-json\/wp\/v2\/users\/2"}],"replies":[{"embeddable":true,"href":"https:\/\/www.umweltnetz.ch\/content\/wp-json\/wp\/v2\/comments?post=102"}],"version-history":[{"count":6,"href":"https:\/\/www.umweltnetz.ch\/content\/wp-json\/wp\/v2\/posts\/102\/revisions"}],"predecessor-version":[{"id":4527,"href":"https:\/\/www.umweltnetz.ch\/content\/wp-json\/wp\/v2\/posts\/102\/revisions\/4527"}],"wp:attachment":[{"href":"https:\/\/www.umweltnetz.ch\/content\/wp-json\/wp\/v2\/media?parent=102"}],"wp:term":[{"taxonomy":"category","embeddable":true,"href":"https:\/\/www.umweltnetz.ch\/content\/wp-json\/wp\/v2\/categories?post=102"},{"taxonomy":"post_tag","embeddable":true,"href":"https:\/\/www.umweltnetz.ch\/content\/wp-json\/wp\/v2\/tags?post=102"}],"curies":[{"name":"wp","href":"https:\/\/api.w.org\/{rel}","templated":true}]}}